{"id":28338,"date":"2023-10-16T18:41:24","date_gmt":"2023-10-16T16:41:24","guid":{"rendered":"http:\/\/info.sadowne.pl\/?p=28338"},"modified":"2023-10-16T18:41:24","modified_gmt":"2023-10-16T16:41:24","slug":"dzien-nauczyciela-w-zsp-sadowne-2","status":"publish","type":"post","link":"http:\/\/info.sadowne.pl\/?p=28338","title":{"rendered":"Dzie\u0144 Nauczyciela w ZSP Sadowne"},"content":{"rendered":"<p><a href=\"http:\/\/info.sadowne.pl\/wp-content\/uploads\/2023\/10\/2023.10.16.1.jpg\" target=\"_blank\" rel=\"noopener\"><img loading=\"lazy\" decoding=\"async\" class=\"alignleft wp-image-28339 size-thumbnail\" src=\"http:\/\/info.sadowne.pl\/wp-content\/uploads\/2023\/10\/2023.10.16.1-180x130.jpg\" alt=\"\" width=\"180\" height=\"130\" \/><\/a><\/p>\n<p><strong>16 pa\u017adziernika 2023 roku Zesp\u00f3\u0142 Szk\u00f3\u0142 Ponadpodstawowych w Sadownem \u015bwi\u0119towa\u0142 Dzie\u0144 Nauczyciela i 23. Dzie\u0144 Papieski.<\/strong><!--more--><\/p>\n<p><strong>Dzie\u0144 Edukacji Narodowej \u2013 polskie \u015bwi\u0119to o\u015bwiaty i szkolnictwa wy\u017cszego<\/strong> ustanowione w 1972 roku, okre\u015blone ustaw\u0105 \u2013 Karta praw i obowi\u0105zk\u00f3w nauczyciela jako Dzie\u0144 Nauczyciela. Od 1982 roku na mocy ustawy Karta Nauczyciela obchodzone jako Dzie\u0144 Edukacji Narodowej. Upami\u0119tnia rocznic\u0119 powstania Komisji Edukacji Narodowej, kt\u00f3ra zosta\u0142a utworzona z inicjatywy kr\u00f3la Stanis\u0142awa II Augusta Poniatowskiego i zrealizowana przez Sejm Rozbiorowy w dniu 14 pa\u017adziernika 1773 roku. Potocznie dzie\u0144 ten nadal zwany jest Dniem Nauczyciela.<\/p>\n<p><strong>Dzie\u0144 Papie\u017ca Jana Paw\u0142a II \u2013 polskie \u015bwi\u0119to obchodzone co roku 16 pa\u017adziernika<\/strong>, ustanowione przez Sejm Rzeczypospolitej Polskiej w ho\u0142dzie papie\u017cowi Polakowi Janowi Paw\u0142owi II. R\u00f3wnolegle obchodzony jest przez Ko\u015bci\u00f3\u0142 katolicki w Polsce Dzie\u0144 Papieski, przypadaj\u0105cy w niedziel\u0119 bezpo\u015brednio poprzedzaj\u0105c\u0105 rocznic\u0119 wyboru Karola Wojty\u0142y na papie\u017ca.<\/p>\n<p><strong>W Zespole Szk\u00f3\u0142 Ponadpodstawowych w Sadownem postanowiono zorganizowa\u0107 16 pa\u017adziernika br. uroczysto\u015b\u0107, podczas kt\u00f3rej uczczone zostan\u0105 jednocze\u015bnie dwa wymienione \u015bwi\u0119ta.<\/strong> Spotkanie w sali gimnastycznej szko\u0142y rozpocz\u0119to wprowadzeniem sztandaru i od\u015bpiewaniem hymnu pa\u0144stwowego. Przyby\u0142ych powita\u0142 Dyrektor Zespo\u0142u Szk\u00f3\u0142 Ponadpodstawowych w Sadownem p. S\u0142awomir Ryszawa, przekazuj\u0105c najserdeczniejsze \u017cyczenia bohaterom tej uroczysto\u015bci: nauczycielom, pracownikom szko\u0142y i jej emerytom. Na zaproszenie p. Dyrektora w uroczysto\u015bci wzi\u0119li udzia\u0142 emerytowani nauczyciele tej plac\u00f3wki o\u015bwiatowej: p. Barbara S\u00f3wka, p. Maria Nowakowska, p. Tadeusz Gozdur i p. Krzysztof K\u0105dziela oraz Wicestarosta W\u0119growski p. Marek Renik, a tak\u017ce ksi\u0119\u017ca z miejscowej parafii: ks. Antoni Kunicki i ks. Stanis\u0142aw Wojciechowski.<\/p>\n<p>Jak stwierdzi\u0142 p. Dyrektor, Dzie\u0144 Edukacji Narodowej jest te\u017c okazj\u0105 do wyr\u00f3\u017cnienia nauczycieli za ich prac\u0119 i osi\u0105gni\u0119cia. Nauczyciele ZSP odebrali swoje nagrody kilka dni wcze\u015bniej:<\/p>\n<p><a href=\"http:\/\/info.sadowne.pl\/wp-content\/uploads\/2023\/10\/2023.10.16.2.jpg\" target=\"_blank\" rel=\"noopener\"><img loading=\"lazy\" decoding=\"async\" class=\"alignright wp-image-28340 size-thumbnail\" src=\"http:\/\/info.sadowne.pl\/wp-content\/uploads\/2023\/10\/2023.10.16.2-180x130.jpg\" alt=\"\" width=\"180\" height=\"130\" \/><\/a>\u2013 w dniu 11 pa\u017adziernika br. w Centrum Dialogu Kultur w W\u0119growie, podczas powiatowych obchod\u00f3w Dnia Edukacji Narodowej, nagrod\u0119 Starosty W\u0119growskiego otrzymali: p. S\u0142awomir Ryszawa i p. Maria Dobies, natomiast nagrod\u0119 Dyrektora ZSP w Sadownem otrzymali: p. El\u017cbieta Derna\u0142owicz, p. Magdalena Figo\u0144, p. Wojciech \u0141opaci\u0144ski, p. Kamil Kie\u0142ek, p. Miros\u0142awa Renik i p. Mariusz W\u00f3jcik (<span style=\"color: #0000ff;\"><strong><span style=\"color: #000000;\">wi\u0119cej na stronie<\/span> <span style=\"color: #0000ff;\"><a style=\"color: #0000ff;\" href=\"https:\/\/powiatwegrowski.pl\/aktualnosci\/wiadomosci-dnia\/250-rocznica-utworzenia-komisji-edukacji-narodowej.7674\/\" target=\"_blank\" rel=\"noopener\">https:\/\/powiatwegrowski.pl\/aktualnosci\/wiadomosci-dnia\/250-rocznica-utworzenia-komisji-edukacji-narodowej.7674\/<\/a><\/span><\/strong><span style=\"color: #000000;\">).<\/span><\/span><\/p>\n<p><a href=\"http:\/\/info.sadowne.pl\/wp-content\/uploads\/2023\/10\/2023.10.16.3.jpg\" target=\"_blank\" rel=\"noopener\"><img loading=\"lazy\" decoding=\"async\" class=\"alignright wp-image-28342 size-thumbnail\" src=\"http:\/\/info.sadowne.pl\/wp-content\/uploads\/2023\/10\/2023.10.16.3-180x130.jpg\" alt=\"\" width=\"180\" height=\"130\" \/><\/a>&#8211; w dniu 13 pa\u017adziernika br. w Pa\u0142acu Ujazdowskim w Warszawie odby\u0142y si\u0119 og\u00f3lnopolskie obchody Dnia Edukacji Narodowej po\u0142\u0105czone z jubileuszem 250. rocznicy powo\u0142ania Komisji Edukacji Narodowej. Minister Edukacji i Nauki wr\u0119czy\u0142 ordery i odznaczenia pa\u0144stwowe zas\u0142u\u017conym nauczycielom. Postanowieniem Prezydenta Rzeczypospolitej Polskiej, na wniosek Ministra Edukacji i Nauki, za zas\u0142ugi w dzia\u0142alno\u015bci na rzecz rozwoju o\u015bwiaty br\u0105zowym krzy\u017cem zas\u0142ugi odznaczony zosta\u0142 p. S\u0142awomir Ryszawa (<strong>wi\u0119cej na stronie <span style=\"color: #0000ff;\"><a style=\"color: #0000ff;\" href=\"https:\/\/www.gov.pl\/web\/edukacja-i-nauka\/ogolnopolskie-obchody-dnia-edukacji-narodowej-2023\" target=\"_blank\" rel=\"noopener\">https:\/\/www.gov.pl\/web\/edukacja-i-nauka\/ogolnopolskie-obchody-dnia-edukacji-narodowej-2023<\/a><\/span><\/strong>).<\/p>\n<p>Podczas swoich wyst\u0105pie\u0144 w trakcie sadowie\u0144skiej uroczysto\u015bci \u017cyczenia nauczycielom, pracownikom szko\u0142y i jej emerytom przekazali r\u00f3wnie\u017c: p. Marek Renik, ks. Stanis\u0142aw Wojciechowski i ks. Antoni Kunicki.<\/p>\n<p>Tak\u017ce uczniowie podzi\u0119kowali \u201ebohaterom\u201d uroczysto\u015bci i z\u0142o\u017cyli im \u017cyczenia, przygotowuj\u0105c i prezentuj\u0105c pod okiem p. Beaty Bodzon cz\u0119\u015b\u0107 artystyczn\u0105. By\u0142y te\u017c symboliczne r\u00f3\u017cyczki i indywidualne \u017cyczenia.<\/p>\n<p>Druga cz\u0119\u015b\u0107 uroczysto\u015bci to 23. Dzie\u0144 Papieski, obchodzony pod has\u0142em \u201e\u015aw. Jan Pawe\u0142 II. Cywilizacja \u017cycia\u201d. Zobaczyli\u015bmy tu \u015bwietnie zsynchronizowany wyst\u0119p s\u0142owno \u2013 muzyczny, przygotowany przez uczni\u00f3w wsp\u00f3lnie z ks. Krzysztofem Rzepczy\u0144skim, uzupe\u0142niony prezentacj\u0105 multimedialn\u0105<\/p>\n<p><span style=\"color: #0000ff;\"><a style=\"color: #0000ff;\" href=\"https:\/\/photos.app.goo.gl\/pz52txkAwaJeQ5Ck6\" target=\"_blank\" rel=\"noopener\"><strong>Zdj\u0119cia w galerii Google&gt;&gt;&gt;<\/strong><\/a><\/span><\/p>\n<p><strong>Tekst\/foto:<\/strong> S\u0142awek Chyli\u0144ski\/ZSP Sadowne<\/p>\n","protected":false},"excerpt":{"rendered":"<p>16 pa\u017adziernika 2023 roku Zesp\u00f3\u0142 Szk\u00f3\u0142 Ponadpodstawowych w Sadownem \u015bwi\u0119towa\u0142 Dzie\u0144 Nauczyciela i 23. Dzie\u0144 Papieski.<\/p>\n","protected":false},"author":1,"featured_media":0,"comment_status":"closed","ping_status":"closed","sticky":false,"template":"","format":"standard","meta":{"footnotes":""},"categories":[5,1752,85],"tags":[4036,4035,3197],"class_list":["post-28338","post","type-post","status-publish","format-standard","hentry","category-newsy","category-edukacja","category-zsp","tag-23-dzien-papieski-w-zsp-sadowne","tag-dzien-nauczyciela-w-zsp-sadowne","tag-zespol-szkol-ponadpodstawowych-w-sadownem"],"views":2237,"_links":{"self":[{"href":"http:\/\/info.sadowne.pl\/index.php?rest_route=\/wp\/v2\/posts\/28338","targetHints":{"allow":["GET"]}}],"collection":[{"href":"http:\/\/info.sadowne.pl\/index.php?rest_route=\/wp\/v2\/posts"}],"about":[{"href":"http:\/\/info.sadowne.pl\/index.php?rest_route=\/wp\/v2\/types\/post"}],"author":[{"embeddable":true,"href":"http:\/\/info.sadowne.pl\/index.php?rest_route=\/wp\/v2\/users\/1"}],"replies":[{"embeddable":true,"href":"http:\/\/info.sadowne.pl\/index.php?rest_route=%2Fwp%2Fv2%2Fcomments&post=28338"}],"version-history":[{"count":2,"href":"http:\/\/info.sadowne.pl\/index.php?rest_route=\/wp\/v2\/posts\/28338\/revisions"}],"predecessor-version":[{"id":28343,"href":"http:\/\/info.sadowne.pl\/index.php?rest_route=\/wp\/v2\/posts\/28338\/revisions\/28343"}],"wp:attachment":[{"href":"http:\/\/info.sadowne.pl\/index.php?rest_route=%2Fwp%2Fv2%2Fmedia&parent=28338"}],"wp:term":[{"taxonomy":"category","embeddable":true,"href":"http:\/\/info.sadowne.pl\/index.php?rest_route=%2Fwp%2Fv2%2Fcategories&post=28338"},{"taxonomy":"post_tag","embeddable":true,"href":"http:\/\/info.sadowne.pl\/index.php?rest_route=%2Fwp%2Fv2%2Ftags&post=28338"}],"curies":[{"name":"wp","href":"https:\/\/api.w.org\/{rel}","templated":true}]}}