{"id":28373,"date":"2023-10-23T12:46:23","date_gmt":"2023-10-23T10:46:23","guid":{"rendered":"http:\/\/info.sadowne.pl\/?p=28373"},"modified":"2023-10-23T12:46:23","modified_gmt":"2023-10-23T10:46:23","slug":"kronika-strazacka-16-22-10-2023","status":"publish","type":"post","link":"http:\/\/info.sadowne.pl\/?p=28373","title":{"rendered":"Kronika stra\u017cacka 16 \u2013 22.10.2023"},"content":{"rendered":"<p><strong><a href=\"http:\/\/info.sadowne.pl\/wp-content\/uploads\/2023\/06\/straz3-scaled.jpg\"><img loading=\"lazy\" decoding=\"async\" class=\"alignleft size-thumbnail wp-image-27687\" src=\"http:\/\/info.sadowne.pl\/wp-content\/uploads\/2023\/06\/straz3-180x130.jpg\" alt=\"\" width=\"180\" height=\"130\" \/><\/a>W<\/strong><strong> okresie<\/strong><strong> 16 &#8211; 22.10.2023 r.<\/strong><strong> na<\/strong><strong> terenie<\/strong><strong> powiatu<\/strong><strong> w\u0119growskiego<\/strong><strong> zanotowano: <\/strong><strong>14 zdarze\u0144,<\/strong><strong> przy<\/strong><strong> kt\u00f3rych<\/strong><strong> interweniowa\u0142y<\/strong><strong> jednostki<\/strong><strong> ochrony<\/strong><strong> przeciwpo\u017carowej, w tym:<\/strong><strong> 11 miejscowych zagro\u017ce\u0144 i 3 po\u017cary.<\/strong><!--more--><\/p>\n<p><strong>16.10.2023 \u2013 \u0141och\u00f3w, Al. W\u0119growska &#8211; zderzenie samochodu dostawczego z samochodem ci\u0119\u017carowym.<\/strong><\/p>\n<p>Dyspozytor SK PSP zadysponowa\u0142 zast\u0119p JRG PSP W\u0119gr\u00f3w oraz pobliskie OSP \u0141och\u00f3w. Po doje\u017adzie na miejsce zdarzenia stra\u017cacy stwierdzili, \u017ce dosz\u0142o do kolizji busa Renault Master oraz ci\u0105gnika siod\u0142owego Renault z naczep\u0105 typu cysterna (brak uszkodze\u0144 i\u00a0 wyciek\u00f3w), brak os\u00f3b poszkodowanych. Ruch odbywa si\u0119 wahad\u0142owo. Policja oraz s\u0142u\u017cba drogowa na miejscu. Dzia\u0142ania JOP polegaj\u0105 na zabezpieczeniu miejsca zdarzenia, od\u0142\u0105czeniu klem akumulator\u00f3w w pojazdach oraz pomocy w kierowaniu ruchem. Po przekazaniu miejsca zdarzenia protoko\u0142em Policji, dzia\u0142ania zako\u0144czono, a zast\u0119py powr\u00f3ci\u0142y do bazy.<\/p>\n<p>W DZIA\u0141ANIACH RATOWNICZYCH UDZIA\u0141 BRA\u0141O: 2 zast\u0119py, 9 ratownik\u00f3w.<\/p>\n<p><strong>17.10.2023 \u2013 \u0141och\u00f3w, ul. Targowa \u00a0\u2013 po\u017car tartaku.<\/strong><\/p>\n<p>Na terenie tartaku dosz\u0142o do po\u017caru kompleksu budynk\u00f3w: pali\u0142a si\u0119 w ca\u0142o\u015bci wiata sk\u0142adowa konstrukcji metalowej, obita drewnem, kryta blach\u0105 (ze sk\u0142adowanym drewnem i maszynami), kt\u00f3rej dach uleg\u0142 ju\u017c cz\u0119\u015bciowemu zawaleniu, do wiaty sk\u0142adowej przyleg\u0142y murowany budynek gospodarczy, kryty blach\u0105, w kt\u00f3rym pali\u0142 si\u0119 dach i poddasze, do d\u0142u\u017cszej \u015bciany budynku\u00a0 gospodarczego dostawiona wiata &#8211; z zadaszeniem z blachy oraz drewniana szopa na trociny kryta blach\u0105. Na s\u0105siedniej posesji zagro\u017cony by\u0142 budynek gospodarczy (stoj\u0105cy ok. 2 m od pal\u0105cego si\u0119 kompleksu budynk\u00f3w usytuowanego w granicy dzia\u0142ki). Dzia\u0142ania zast\u0119p\u00f3w OSP polega\u0142y na zabezpieczeniu miejsca zdarzenia i podaniu 3 pr\u0105d\u00f3w wody, jeden w natarciu na pal\u0105c\u0105 si\u0119 wiat\u0119 sk\u0142adow\u0105 i 2 na budynki gospodarcze. Kolejne przyby\u0142e zast\u0119py poda\u0142y jeszcze 3 pr\u0105dy ga\u015bnicze wody w obronie budynk\u00f3w. Prowadzone dzia\u0142ania oraz intensywno\u015b\u0107 podawanego \u015brodka ga\u015bniczego doprowadzi\u0142y do lokalizacji po\u017caru. Nast\u0119pnie przyst\u0105piono do prac rozbi\u00f3rkowych spalonych element\u00f3w konstrukcyjnych budynk\u00f3w. Sukcesywnie usuwano z budynk\u00f3w spalone elementy i materia\u0142y przelewaj\u0105c je wod\u0105.<\/p>\n<p>W DZIA\u0141ANIACH RATOWNICZYCH UDZIA\u0141 BRA\u0141O: 10 zast\u0119p\u00f3w, 53 ratownik\u00f3w.<\/p>\n<p><strong>21.10.2023 \u2013 Miedzna, ul. Ko\u015bcielna\u00a0 \u2013 wypadek cysterny.<\/strong><\/p>\n<p>Jad\u0105cy drog\u0105 powiatow\u0105 samoch\u00f3d autocysterna wjecha\u0142 do rowu (le\u017ca\u0142 na prawym boku). Kierowca nie odni\u00f3s\u0142 obra\u017ce\u0144. Cysterna przewozi\u0142a ok.10m3 oleju opa\u0142owego. Stwierdzono wyciek oleju z cysterny do rowu (ok. 0,5m3) oraz rozszczelnienie p\u0142aszcza cysterny. Dzia\u0142ania stra\u017cy po\u017carnej polega\u0142y na zabezpieczeniu miejsca zdarzenia, przepompowaniu zawarto\u015bci cysterny do cysterny zapasowej. Po przybyciu na miejsce grupy ratownictwa chemicznego JRG PSP Siedlce , kontynuowano przepompowywanie oleju do zbiornika cysterny zast\u0119pczej udost\u0119pnionej. Dalsze dzia\u0142ania polega\u0142y na zabezpieczeniu miejsca do czasu zako\u0144czenia prac przez pomoc drogow\u0105 w wyci\u0105gni\u0119ciu cysterny z rowu. Nast\u0119pnie uprz\u0105tni\u0119to drog\u0119 \u00a0i zmyto pr\u0105dem wody. Po tym dzia\u0142ania zako\u0144czono. Przekazano miejsce zdarzenia Policji oraz Zarz\u0105dcy Drogi Powiatowej. Zast\u0119py wr\u00f3ci\u0142y do bazy.<\/p>\n<p>W DZIA\u0141ANIACH RATOWNICZYCH UDZIA\u0141 BRA\u0141O: 10 zast\u0119p\u00f3w, 25 ratownik\u00f3w.<\/p>\n<p><strong>KP PSP W\u0119gr\u00f3w<\/strong><\/p>\n","protected":false},"excerpt":{"rendered":"<p>W okresie 16 &#8211; 22.10.2023 r. na terenie powiatu w\u0119growskiego zanotowano: 14 zdarze\u0144, przy kt\u00f3rych interweniowa\u0142y jednostki ochrony przeciwpo\u017carowej, w tym: 11 miejscowych zagro\u017ce\u0144 i 3 po\u017cary.<\/p>\n","protected":false},"author":1,"featured_media":0,"comment_status":"closed","ping_status":"closed","sticky":false,"template":"","format":"standard","meta":{"footnotes":""},"categories":[5,4,267],"tags":[491,643],"class_list":["post-28373","post","type-post","status-publish","format-standard","hentry","category-newsy","category-policja-straz-pozarna-pogotowie-ratunkowe","category-straz-pozarna-policja-straz-pozarna-pogotowie-ratunkowe","tag-komenda-powiatowa-panstwowej-strazy-pozarnej-w-wegrowie","tag-kronika-strazacka"],"views":1673,"_links":{"self":[{"href":"http:\/\/info.sadowne.pl\/index.php?rest_route=\/wp\/v2\/posts\/28373","targetHints":{"allow":["GET"]}}],"collection":[{"href":"http:\/\/info.sadowne.pl\/index.php?rest_route=\/wp\/v2\/posts"}],"about":[{"href":"http:\/\/info.sadowne.pl\/index.php?rest_route=\/wp\/v2\/types\/post"}],"author":[{"embeddable":true,"href":"http:\/\/info.sadowne.pl\/index.php?rest_route=\/wp\/v2\/users\/1"}],"replies":[{"embeddable":true,"href":"http:\/\/info.sadowne.pl\/index.php?rest_route=%2Fwp%2Fv2%2Fcomments&post=28373"}],"version-history":[{"count":1,"href":"http:\/\/info.sadowne.pl\/index.php?rest_route=\/wp\/v2\/posts\/28373\/revisions"}],"predecessor-version":[{"id":28374,"href":"http:\/\/info.sadowne.pl\/index.php?rest_route=\/wp\/v2\/posts\/28373\/revisions\/28374"}],"wp:attachment":[{"href":"http:\/\/info.sadowne.pl\/index.php?rest_route=%2Fwp%2Fv2%2Fmedia&parent=28373"}],"wp:term":[{"taxonomy":"category","embeddable":true,"href":"http:\/\/info.sadowne.pl\/index.php?rest_route=%2Fwp%2Fv2%2Fcategories&post=28373"},{"taxonomy":"post_tag","embeddable":true,"href":"http:\/\/info.sadowne.pl\/index.php?rest_route=%2Fwp%2Fv2%2Ftags&post=28373"}],"curies":[{"name":"wp","href":"https:\/\/api.w.org\/{rel}","templated":true}]}}