{"id":28432,"date":"2023-11-15T21:11:19","date_gmt":"2023-11-15T20:11:19","guid":{"rendered":"http:\/\/info.sadowne.pl\/?p=28432"},"modified":"2023-11-15T21:11:19","modified_gmt":"2023-11-15T20:11:19","slug":"w-sadownem-patriotycznie","status":"publish","type":"post","link":"http:\/\/info.sadowne.pl\/?p=28432","title":{"rendered":"W Sadownem patriotycznie\u2026"},"content":{"rendered":"<p><a href=\"http:\/\/info.sadowne.pl\/wp-content\/uploads\/2023\/11\/2023.11.15.1.jpg\" target=\"_blank\" rel=\"noopener\"><img loading=\"lazy\" decoding=\"async\" class=\"alignleft wp-image-28433 size-thumbnail\" src=\"http:\/\/info.sadowne.pl\/wp-content\/uploads\/2023\/11\/2023.11.15.1-180x130.jpg\" alt=\"\" width=\"180\" height=\"130\" \/><\/a><\/p>\n<p><strong>15 listopada 2023 roku w Zespole Szk\u00f3\u0142 Ponadpodstawowych w Sadownem odby\u0142 si\u0119 Konkurs Pie\u015bni Patriotycznych &#8211; tego samego dnia og\u0142oszono te\u017c oficjalne wyniki Konkursu.<\/strong><!--more--><\/p>\n<p>W pa\u017adzierniku 2023 roku Zesp\u00f3\u0142 Szk\u00f3\u0142 Ponadpodstawowych w Sadownem, w ramach obchod\u00f3w 160. rocznicy wybuchu Powstania Styczniowego i 105. rocznicy upami\u0119tniaj\u0105cej odzyskanie przez Polsk\u0119 niepodleg\u0142o\u015bci, og\u0142osi\u0142 Konkurs Pie\u015bni Patriotycznych pt. \u201eDla Ciebie Polsko ta piosenka\u201d. Odby\u0142 si\u0119 on 15 listopada 2023 roku w sali gimnastycznej ZSP Sadowne.<\/p>\n<p><strong>Konkurs adresowany by\u0142 do uczni\u00f3w klas VII \u2013 VIII szk\u00f3\u0142 podstawowych oraz uczni\u00f3w szk\u00f3\u0142 \u015brednich z Powiatu W\u0119growskiego.<\/strong> Jego pomys\u0142odawczyniami i organizatorkami by\u0142y nauczycielki Zespo\u0142u Szk\u00f3\u0142 Ponadpodstawowych w Sadownem: p. Miros\u0142awa Renik i p. Marta Osman. A jaki cel przy\u015bwieca\u0142 temu przedsi\u0119wzi\u0119ciu? \u00a0G\u0142\u00f3wnie: popularyzacja tw\u00f3rczo\u015bci muzyczno &#8211; literackiej o tematyce patriotycznej; poszukiwanie w\u0142a\u015bciwych form wyrazu artystycznego, estetycznego i form wykonawczych pie\u015bni narodowych i patriotycznych; kszta\u0142towanie w\u0142a\u015bciwych postaw przy prezentacji i odbiorze pie\u015bni patriotycznych; edukacja historyczna, poszukiwanie dawnych, zapomnianych ju\u017c pie\u015bni, utrwalanie najcz\u0119\u015bciej wykonywanych i popularyzacja nowych utwor\u00f3w o tre\u015bci patriotycznej; kszta\u0142towanie w\u015br\u00f3d uczni\u00f3w postaw szacunku wobec kraju; wspieranie uzdolnionych artystycznie uczni\u00f3w poprzez umo\u017cliwienie im prezentacji w\u0142asnych umiej\u0119tno\u015bci; aktywizowanie \u015brodowiska szkolnego do udzia\u0142u w przedsi\u0119wzi\u0119ciach o charakterze patriotycznym.<\/p>\n<p>Patronat honorowy nad Konkursem obj\u0119\u0142y: Pose\u0142 na Sejm RP p. Maria Koc i Starosta W\u0119growski p. Ewa Besztak. Patronat medialny: Portal Info Sadowne.<\/p>\n<p><strong>Do Konkursu swoich przedstawicieli zg\u0142osi\u0142o 8 szk\u00f3\u0142 podstawowych i 5 szk\u00f3\u0142 \u015brednich z Powiatu W\u0119growskiego. <\/strong><\/p>\n<p><strong>Szko\u0142y Podstawowe:<\/strong><\/p>\n<p>&#8211; SP w Ostr\u00f3wku, Amelia Rostek, piosenka \u201e\u017beby Polska by\u0142a Polsk\u0105\u201d, opiekun Uljana Stefa\u0144czuk<\/p>\n<p>&#8211; SP w Gwizda\u0142ach, Zofia Molska, piosenka \u201eNiepodleg\u0142a, niepokorna\u201d, opiekun Uljana Stefa\u0144czuk<\/p>\n<p>&#8211; SP w Korytnicy, Karolina Bajer, piosenka \u201eCicho, modlitwa katy\u0144ska\u201d, opiekun Agnieszka Ka\u0142uska<\/p>\n<p>&#8211; SP w Starejwsi, Maksymilian Sulich, piosenka \u201eKocham wolno\u015b\u0107\u201d, opiekun Hanna Madziar<\/p>\n<p>&#8211; SP nr 3 w \u0141ochowie, Wioletta Miciukiewicz, piosenka \u201eRozkwita\u0142y p\u0105ki bia\u0142ych r\u00f3\u017c\u201d i \u0141ucja Gr\u0119da, piosenka \u201eUwierz Polsko\u201d, opiekun Miros\u0142aw Cydejko<\/p>\n<p>&#8211; SP w Sadownem, Barbara Szymanik, piosenka \u201eCzarna sukienka\u201d i Natalia Drzewiecka, piosenka \u201eDzi\u015b id\u0119 walczy\u0107 mamo\u201d, opiekun Ma\u0142gorzata Koro\u015b<\/p>\n<p>&#8211; SP w Stoczku, Olga Trzci\u0144ska, piosenka \u201eTaki kraj\u201d, opiekun Krzysztof Parys<\/p>\n<p>&#8211; SP nr 2 w \u0141ochowie, Oliwia Kukie\u0142ka, piosenka \u201eJest takie miejsce\u201d i Zesp\u00f3\u0142 Wokalny w sk\u0142adzie: Wiktoria Falba, Maja Gabi\u0144ska , Magdalena Zonik, Zofia Marczak, Oliwia Kukie\u0142ka, Gabriela Baranowska, Amelia Osiecka, Maja Sk\u00f3ra, Patrycja Mech, Julia Sa\u0142asi\u0144ska , Wiktoria Powier\u017ca, piosenka \u201eUwierz Polsko\u201d, opiekun Marzena Wyzi\u0144ska<\/p>\n<p><strong>Szko\u0142y \u015brednie:<\/strong><\/p>\n<p>&#8211; ZSP \u0141och\u00f3w, Zofia Wierzcho\u0142owska, Jan Cyrych, Wojciech Przyborowski, piosenka \u201eJesienny deszcz\u201d i \u00a0Gabriela Szelest, piosenka \u201eTango na g\u0142os, orkiestr\u0119 i jeszcze jeden g\u0142os\u201d, opiekun Ma\u0142gorzata Kowalewska<\/p>\n<p>&#8211; Liceum Stoczek, Wojciech Rusiniak, piosenka \u201eDzi\u015b id\u0119 walczy\u0107 mamo\u201d i Izabela Decyk, piosenka \u201eUwierz Polsko\u201d, opiekun Urszula Subda<\/p>\n<p>&#8211; ZSP im. J. Kochanowskiego w W\u0119growie, Marta Gawor, piosenka \u201eTaki kraj\u201d i Justyna Suchocka, opiekun Agnieszka Szczepa\u0144ska<\/p>\n<p>&#8211; LO im. A Mickiewicza w W\u0119growie, Klaudia \u015awi\u0119tochowska, piosenka \u201eRozkwita\u0142y p\u0105ki bia\u0142ych r\u00f3\u017c\u201d i Zuzanna Janiuk, piosenka \u201eMamo, ty\u015b p\u0142aka\u0142a\u201d, opiekun Ewa Dmowska<\/p>\n<p>&#8211; ZSP w Sadownem, Magda Narowska, piosenka \u201eZa\u015blubieni\u201d i Anna Ga\u0142\u0105zka, \u201eRozkwita\u0142y p\u0105ki bia\u0142ych r\u00f3\u017c\u201d, opiekun Kamil Kie\u0142ek<\/p>\n<p><strong>W imieniu Zespo\u0142u Szk\u00f3\u0142 Ponadgimnazjalnych w Sadownem Konkurs otworzy\u0142 Dyrektor Szko\u0142y p. S\u0142awomir Ryszawa, a jego zasady i planowany przebieg om\u00f3wi\u0142y panie: Miros\u0142awa Renik i Marta Osman.<\/strong> Pod okiem Komisji Konkursowej, w sk\u0142ad kt\u00f3rej weszli pp.: Danuta Chyli\u0144ska, Ewa Jakubik i Marcin Bocian, odby\u0142o si\u0119 losowanie kolejno\u015bci prezentowania utwor\u00f3w przez uczestnik\u00f3w. I\u2026 zacz\u0119\u0142o si\u0119, na pocz\u0105tek szko\u0142y podstawowe &#8211; ka\u017cdy z uczestnik\u00f3w wykonywa\u0142 jeden utw\u00f3r o tre\u015bci patriotycznej lub zwi\u0105zany z dziejami narodu polskiego z podk\u0142adem muzycznym lub przy akompaniamencie. Po kr\u00f3tkiej przerwie przyszed\u0142 czas na wyst\u0119py artyst\u00f3w ze szk\u00f3\u0142 \u015brednich.<\/p>\n<p>Kolejna przerwa, burzliwe obrady Komisji Konkursowej i ju\u017c znamy wyniki. Po wprowadzeniu sztandaru Szko\u0142y i od\u015bpiewaniu hymnu pa\u0144stwowego, rozpocz\u0119\u0142a si\u0119 gala podsumowuj\u0105ca Konkurs \u2013 oficjalnie og\u0142oszono wyniki pierwszego Konkursu Pie\u015bni Patriotycznych pt. \u201eDla Ciebie Polsko ta piosenka\u201d w Sadownem. Oto one:<\/p>\n<p><strong>Kategoria szko\u0142y podstawowe, klasy VII \u2013 VIII<\/strong><\/p>\n<p>I miejsce \u2013 Karolina Bajer, SP Korytnica<\/p>\n<p>II miejsce \u2013 Zesp\u00f3\u0142 Wokalny z SP nr 2 w \u0141ochowie<\/p>\n<p>III miejsce \u2013 \u0141ucja Gr\u0119da, SP nr 3 w \u0141ochowie<\/p>\n<p><strong>Kategoria szko\u0142y \u015brednie<\/strong><\/p>\n<p>I miejsce \u2013 Marta Gawor, ZSP im. Jana Kochanowskiego w W\u0119growie<\/p>\n<p>II miejsce \u2013 Wojciech Rusiniak, LO Stoczek<\/p>\n<p>III miejsce \u2013 Gabriela Szelest, ZSP \u0141och\u00f3w i Magda Narowska, ZSP Sadowne<\/p>\n<p><strong>Dyplomy oraz drobne nagrody wr\u0119czy\u0142a p. Ewa Besztak \u2013 Starosta W\u0119growski oraz przedstawiciele organizator\u00f3w <\/strong>\u2013 oczywi\u015bcie nie zabrak\u0142o \u201eciep\u0142ych\u201d s\u0142\u00f3w na podsumowanie i wyst\u0119p\u00f3w nagrodzonych finalist\u00f3w. Na sam koniec odby\u0142a si\u0119 jeszcze cz\u0119\u015b\u0107 artystyczna w wykonaniu uczni\u00f3w ZSP w Sadownem: Zuzanna Gierej zaprezentowa\u0142a si\u0119 w piosence \u201eTango na g\u0142os, orkiestr\u0119 i jeszcze jeden g\u0142os\u201d, Zesp\u00f3\u0142 Taneczny \u201eOrkan\u201d nie omieszka\u0142 zata\u0144czy\u0107 poloneza, a Maciej O\u0142dak przedstawi\u0142 swoj\u0105 interpretacj\u0119 inwokacji do \u201ePana Tadeusza\u201d A. Mickiewicza.<\/p>\n<p><strong>Gratulacje i podzi\u0119kowania nale\u017c\u0105 si\u0119 wszystkim uczestnikom Konkursu, ich opiekunom i szko\u0142om, kt\u00f3re zdecydowa\u0142y si\u0119 wydelegowa\u0107 tu swoich reprezentant\u00f3w. Szczeg\u00f3lne jednak podzi\u0119kowania dla Organizator\u00f3w, kt\u00f3rzy przygotowali i przeprowadzili Konkurs \u2013 wszystko by\u0142o \u201edopi\u0119te na ostatni guzik\u201d. Podzi\u0119kowania te\u017c dla Technikum \u017bywienia i Us\u0142ug Gastronomicznych, kt\u00f3re tu\u017c obok serwowa\u0142o pyszne \u201eco\u015b na s\u0142odko\u201d i fili\u017cank\u0119 kawy lub herbaty. <\/strong><\/p>\n<p><strong>A wykonanie utwor\u00f3w? W skr\u00f3cie: \u201eg\u0119sia sk\u00f3rka\u201d i wstrzymanie oddechu\u2026<\/strong> Mam nadziej\u0119, \u017ce Konkurs Pie\u015bni Patriotycznych w Sadownem wpisze si\u0119 na sta\u0142e w kalendarz wydarze\u0144 kulturalnych Powiatu W\u0119growskiego!!!<\/p>\n<p><span style=\"color: #0000ff;\"><a style=\"color: #0000ff;\" href=\"https:\/\/photos.app.goo.gl\/xv9AYYJkBF9SqvFf7\" target=\"_blank\" rel=\"noopener\"><strong>Zdj\u0119cia w galerii Google&gt;&gt;&gt;<\/strong><\/a><\/span><\/p>\n<p><strong>Tekst\/foto:<\/strong> S\u0142awek Chyli\u0144ski<\/p>\n","protected":false},"excerpt":{"rendered":"<p>15 listopada 2023 roku w Zespole Szk\u00f3\u0142 Ponadpodstawowych w Sadownem odby\u0142 si\u0119 Konkurs Pie\u015bni Patriotycznych &#8211; tego samego dnia og\u0142oszono te\u017c oficjalne wyniki Konkursu.<\/p>\n","protected":false},"author":1,"featured_media":0,"comment_status":"closed","ping_status":"closed","sticky":false,"template":"","format":"standard","meta":{"footnotes":""},"categories":[5,1752,85],"tags":[4042,3197],"class_list":["post-28432","post","type-post","status-publish","format-standard","hentry","category-newsy","category-edukacja","category-zsp","tag-konkurs-piesni-patriotycznych-pt-dla-ciebie-polsko-ta-piosenka","tag-zespol-szkol-ponadpodstawowych-w-sadownem"],"views":2482,"_links":{"self":[{"href":"http:\/\/info.sadowne.pl\/index.php?rest_route=\/wp\/v2\/posts\/28432","targetHints":{"allow":["GET"]}}],"collection":[{"href":"http:\/\/info.sadowne.pl\/index.php?rest_route=\/wp\/v2\/posts"}],"about":[{"href":"http:\/\/info.sadowne.pl\/index.php?rest_route=\/wp\/v2\/types\/post"}],"author":[{"embeddable":true,"href":"http:\/\/info.sadowne.pl\/index.php?rest_route=\/wp\/v2\/users\/1"}],"replies":[{"embeddable":true,"href":"http:\/\/info.sadowne.pl\/index.php?rest_route=%2Fwp%2Fv2%2Fcomments&post=28432"}],"version-history":[{"count":1,"href":"http:\/\/info.sadowne.pl\/index.php?rest_route=\/wp\/v2\/posts\/28432\/revisions"}],"predecessor-version":[{"id":28434,"href":"http:\/\/info.sadowne.pl\/index.php?rest_route=\/wp\/v2\/posts\/28432\/revisions\/28434"}],"wp:attachment":[{"href":"http:\/\/info.sadowne.pl\/index.php?rest_route=%2Fwp%2Fv2%2Fmedia&parent=28432"}],"wp:term":[{"taxonomy":"category","embeddable":true,"href":"http:\/\/info.sadowne.pl\/index.php?rest_route=%2Fwp%2Fv2%2Fcategories&post=28432"},{"taxonomy":"post_tag","embeddable":true,"href":"http:\/\/info.sadowne.pl\/index.php?rest_route=%2Fwp%2Fv2%2Ftags&post=28432"}],"curies":[{"name":"wp","href":"https:\/\/api.w.org\/{rel}","templated":true}]}}