{"id":28439,"date":"2023-11-17T20:49:17","date_gmt":"2023-11-17T19:49:17","guid":{"rendered":"http:\/\/info.sadowne.pl\/?p=28439"},"modified":"2023-12-07T15:40:26","modified_gmt":"2023-12-07T14:40:26","slug":"spotkanie-drugie","status":"publish","type":"post","link":"http:\/\/info.sadowne.pl\/?p=28439","title":{"rendered":"Spotkanie drugie\u2026"},"content":{"rendered":"<p><strong><a href=\"http:\/\/info.sadowne.pl\/wp-content\/uploads\/2023\/11\/2023.11.17-10.jpg\" target=\"_blank\" rel=\"noopener\"><img loading=\"lazy\" decoding=\"async\" class=\"alignleft wp-image-28440 size-thumbnail\" src=\"http:\/\/info.sadowne.pl\/wp-content\/uploads\/2023\/11\/2023.11.17-10-180x130.jpg\" alt=\"\" width=\"180\" height=\"130\" \/><\/a>Ko\u0142o Gospody\u0144 Wiejskich w Zarzetce w programie z Jakubem Kuroniem!<\/strong><!--more--><\/p>\n<p><strong>Ko\u0142o Gospody\u0144 Wiejskich w Zarzetce <\/strong>dzi\u0119ki projektowi<strong> Fundacji Biedronki \u201eDanie Wsp\u00f3lnych Chwil\u201d <\/strong>w dniu 12 listopada przygotowa\u0142o kolejne spotkanie przy wsp\u00f3lnym stole i przygotowanych potrawach dla Senior\u00f3w, pod has\u0142em <strong>\u201e<\/strong>Istota wspomnie\u0144 polega na tym, \u017ce nic nie przemija\u201d &#8211; Elias Canetti.<\/p>\n<p>Dzi\u0119ki uprzejmo\u015bci mieszka\u0144c\u00f3w Zarzetki i Grabin, kt\u00f3rzy udost\u0119pnili wspania\u0142e zdj\u0119cia ze swoich prywatnych archiw\u00f3w wracano pami\u0119ci\u0105 do dawnych czas\u00f3w, pi\u0119knych lat dzieci\u0144stwa i m\u0142odo\u015bci uczestnik\u00f3w spotkania, ich rodzin oraz znajomych. Nie zabrak\u0142o wspomnie\u0144 z czas\u00f3w dzia\u0142alno\u015bci poprzedniego Ko\u0142a Gospody\u0144 Wiejskich w Zarzetce. Wspominano r\u00f3wnie\u017c tych, kt\u00f3rzy ju\u017c odeszli\u2026<\/p>\n<p>Rado\u015bci, ale i smutk\u00f3w, oraz wzrusze\u0144 by\u0142o co nie mara. Przecie\u017c wszyscy kiedy\u015b byli dzie\u0107mi, nastolatkami, dorastaj\u0105c\u0105 m\u0142odzie\u017c\u0105 \u2026. Wspomnienia s\u0105 naszym najwi\u0119kszym osobistym skarbem.<\/p>\n<p><strong>Program \u201eDanie Wsp\u00f3lnych Chwil\u201d <\/strong>po raz kolejny pokazuje, \u017ce okazuj\u0105c szacunek i zainteresowanie starszym ludziom, szczeg\u00f3lnie tym kt\u00f3rzy nas potrzebuj\u0105, pomagamy im cieszy\u0107 si\u0119 ka\u017cdym dniem, co ma ogromny wp\u0142yw na jako\u015b\u0107 ich \u017cycia.<\/p>\n<p><strong>Kontakt do fundacji <span style=\"color: #0000ff;\"><a style=\"color: #0000ff;\" href=\"mailto:media@fundacjabiedronki.pl\" target=\"_blank\" rel=\"noopener\">media@fundacjabiedronki.pl<\/a><\/span><\/strong>.<\/p>\n<p><strong>Agata Kiko\u0142a \u2013 Przewodnicz\u0105ca Ko\u0142a Gospody\u0144 Wiejskich w Zarzetce<\/strong><\/p>\n<p><span style=\"color: #0000ff;\"><a style=\"color: #0000ff;\" href=\"https:\/\/photos.app.goo.gl\/fyVuj3E5NuZwKKKg7\" target=\"_blank\" rel=\"noopener\"><strong>Zdj\u0119cia w galerii Google&gt;&gt;&gt;<\/strong><\/a><\/span><\/p>\n<p><strong>Zdj\u0119cia archiwalne \u2013 prywatne archiwa pp.: Antoni Ojdana, Danuta Kobyli\u0144ska \u2013 Konik, Halina Pakie\u0142a, Henryka Pu\u015bcion, Krystyna Kalbarczyk, Krzysztof Kowalczyk, Tadeusz Pu\u015bcion<\/strong><\/p>\n<p><a href=\"http:\/\/info.sadowne.pl\/wp-content\/uploads\/2023\/10\/2023.10.24.16.jpg\"><img loading=\"lazy\" decoding=\"async\" class=\"aligncenter size-full wp-image-28381\" src=\"http:\/\/info.sadowne.pl\/wp-content\/uploads\/2023\/10\/2023.10.24.16.jpg\" alt=\"\" width=\"599\" height=\"111\" srcset=\"http:\/\/info.sadowne.pl\/wp-content\/uploads\/2023\/10\/2023.10.24.16.jpg 599w, http:\/\/info.sadowne.pl\/wp-content\/uploads\/2023\/10\/2023.10.24.16-300x56.jpg 300w\" sizes=\"auto, (max-width: 599px) 100vw, 599px\" \/><\/a><\/p>\n","protected":false},"excerpt":{"rendered":"<p>Ko\u0142o Gospody\u0144 Wiejskich w Zarzetce w programie z Jakubem Kuroniem!<\/p>\n","protected":false},"author":1,"featured_media":0,"comment_status":"closed","ping_status":"closed","sticky":false,"template":"","format":"standard","meta":{"footnotes":""},"categories":[5,4062,41],"tags":[3738,3164,4050],"class_list":["post-28439","post","type-post","status-publish","format-standard","hentry","category-newsy","category-kola-gospodyn-wiejskich","category-wiesci-gminne","tag-agata-kikola","tag-kolo-gospodyn-wiejskich-w-zarzetce","tag-program-fundacji-biedronki-danie-wspolnych-chwil"],"views":2153,"_links":{"self":[{"href":"http:\/\/info.sadowne.pl\/index.php?rest_route=\/wp\/v2\/posts\/28439","targetHints":{"allow":["GET"]}}],"collection":[{"href":"http:\/\/info.sadowne.pl\/index.php?rest_route=\/wp\/v2\/posts"}],"about":[{"href":"http:\/\/info.sadowne.pl\/index.php?rest_route=\/wp\/v2\/types\/post"}],"author":[{"embeddable":true,"href":"http:\/\/info.sadowne.pl\/index.php?rest_route=\/wp\/v2\/users\/1"}],"replies":[{"embeddable":true,"href":"http:\/\/info.sadowne.pl\/index.php?rest_route=%2Fwp%2Fv2%2Fcomments&post=28439"}],"version-history":[{"count":1,"href":"http:\/\/info.sadowne.pl\/index.php?rest_route=\/wp\/v2\/posts\/28439\/revisions"}],"predecessor-version":[{"id":28441,"href":"http:\/\/info.sadowne.pl\/index.php?rest_route=\/wp\/v2\/posts\/28439\/revisions\/28441"}],"wp:attachment":[{"href":"http:\/\/info.sadowne.pl\/index.php?rest_route=%2Fwp%2Fv2%2Fmedia&parent=28439"}],"wp:term":[{"taxonomy":"category","embeddable":true,"href":"http:\/\/info.sadowne.pl\/index.php?rest_route=%2Fwp%2Fv2%2Fcategories&post=28439"},{"taxonomy":"post_tag","embeddable":true,"href":"http:\/\/info.sadowne.pl\/index.php?rest_route=%2Fwp%2Fv2%2Ftags&post=28439"}],"curies":[{"name":"wp","href":"https:\/\/api.w.org\/{rel}","templated":true}]}}