{"id":28590,"date":"2024-01-07T21:55:28","date_gmt":"2024-01-07T20:55:28","guid":{"rendered":"http:\/\/info.sadowne.pl\/?p=28590"},"modified":"2024-01-07T21:55:28","modified_gmt":"2024-01-07T20:55:28","slug":"poczatek-historia-swietej-rodziny","status":"publish","type":"post","link":"http:\/\/info.sadowne.pl\/?p=28590","title":{"rendered":"\u201ePocz\u0105tek\u201d \u2013 historia \u015awi\u0119tej Rodziny"},"content":{"rendered":"<p><a href=\"http:\/\/info.sadowne.pl\/wp-content\/uploads\/2024\/01\/2024.01.07.1.jpg\" target=\"_blank\" rel=\"noopener\"><img loading=\"lazy\" decoding=\"async\" class=\"alignleft wp-image-28591 size-thumbnail\" src=\"http:\/\/info.sadowne.pl\/wp-content\/uploads\/2024\/01\/2024.01.07.1-180x130.jpg\" alt=\"\" width=\"180\" height=\"130\" \/><\/a><\/p>\n<p><strong>W niedziel\u0119 07 stycznia 2024 roku w ko\u015bciele parafialnym pw. \u015bw. Jana Chrzciciela w Sadownem obejrzeli\u015bmy Musical Bo\u017conarodzeniowy \u201ePocz\u0105tek\u201d w re\u017cyserii Piotra Trentowskiego, scenariusz napisa\u0142 Marek Bo\u017cykowski.<\/strong><!--more--><\/p>\n<p>Na zaproszenie ks. Proboszcza Antoniego Kunickiego i W\u00f3jta Gminy Sadowne p. Waldemara Cyrana przyby\u0142a do nas niemal 30-osobowa grupa aktorska z Teatru Muzycznego \u201eDruga Zwrotka\u201d z Ostrowi Mazowieckiej, kt\u00f3ra w miejscowym ko\u015bciele przedstawi\u0142a histori\u0119 sprzed 2000 lat &#8211; pos\u0142uguj\u0105c si\u0119 \u015bpiewem i ta\u0144cem, aktorzy przedstawili histori\u0119 narodzin Jezusa i walk\u0119 dobra ze z\u0142em.<\/p>\n<p>Musical \u201ePocz\u0105tek\u201d to historia \u015awi\u0119tej Rodziny opowiedziana za pomoc\u0105 muzyki, s\u0142owa i \u015bwiat\u0142a. Jest to spektakl pe\u0142en smutku, rado\u015bci i nadziei, historia \u015bci\u0105gni\u0119ta z piedesta\u0142u i opowiedziana ludzkim j\u0119zykiem. Musical mia\u0142 premier\u0119 w 2012 roku, jest cyklicznie wystawiany co roku w innych parafiach\/miejscowo\u015bciach i gromadzi mieszka\u0144c\u00f3w na wsp\u00f3lnym, ponownym prze\u017cywaniu wydarze\u0144, kt\u00f3re stanowi\u0105 fundament naszej wiary.<\/p>\n<p>W niedzielne popo\u0142udnie nasza \u015bwi\u0105tynia wype\u0142ni\u0142a si\u0119 parafianami i na p\u00f3\u0142torej godziny zamieni\u0142a si\u0119 w sal\u0119 teatraln\u0105 z profesjonalnym nag\u0142o\u015bnieniem, o\u015bwietleniem oraz wspania\u0142\u0105 gr\u0105 aktorsk\u0105. C\u00f3\u017c doda\u0107, \u015bwietne widowisko z efektami d\u017awi\u0119kowymi, \u015bwietlnymi i wysokim poziomem aktorstwa. Wszystko to odzwierciedli\u0142o si\u0119 w reakcji widowni i rado\u015bci aktor\u00f3w ze wsp\u00f3lnego z nami prze\u017cywania historii.<\/p>\n<p>Naprawd\u0119 warto by\u0142o obejrze\u0107 to widowisko, po zako\u0144czeniu kt\u00f3rego, mimo p\u00f3\u017anej pory, by\u0142 te\u017c czas na \u201eproszon\u0105\u201d herbatk\u0119 u ks. Proboszcza i rozmowy z aktorami oraz pami\u0105tkowe zdj\u0119cia.<\/p>\n<p><span style=\"color: #0000ff;\"><a style=\"color: #0000ff;\" href=\"https:\/\/photos.app.goo.gl\/EWhDwLHCgFiAWTkz7\" target=\"_blank\" rel=\"noopener\"><strong>Zdj\u0119cia w galerii Google&gt;&gt;&gt;<\/strong><\/a><\/span><\/p>\n<p><strong>Tekst\/foto:<\/strong> S\u0142awek Chyli\u0144ski<\/p>\n","protected":false},"excerpt":{"rendered":"<p>W niedziel\u0119 07 stycznia 2024 roku w ko\u015bciele parafialnym pw. \u015bw. Jana Chrzciciela w Sadownem obejrzeli\u015bmy Musical Bo\u017conarodzeniowy \u201ePocz\u0105tek\u201d w re\u017cyserii Piotra Trentowskiego, scenariusz napisa\u0142 Marek Bo\u017cykowski.<\/p>\n","protected":false},"author":1,"featured_media":0,"comment_status":"closed","ping_status":"closed","sticky":false,"template":"","format":"standard","meta":{"footnotes":""},"categories":[5,91,6],"tags":[169,4070],"class_list":["post-28590","post","type-post","status-publish","format-standard","hentry","category-newsy","category-gminny-osrodek-kultury","category-kultura-rozrywka-edukacja","tag-gminny-osrodek-kultury-w-sadownem","tag-musical-bozonarodzeniowy-poczatek"],"views":1863,"_links":{"self":[{"href":"http:\/\/info.sadowne.pl\/index.php?rest_route=\/wp\/v2\/posts\/28590","targetHints":{"allow":["GET"]}}],"collection":[{"href":"http:\/\/info.sadowne.pl\/index.php?rest_route=\/wp\/v2\/posts"}],"about":[{"href":"http:\/\/info.sadowne.pl\/index.php?rest_route=\/wp\/v2\/types\/post"}],"author":[{"embeddable":true,"href":"http:\/\/info.sadowne.pl\/index.php?rest_route=\/wp\/v2\/users\/1"}],"replies":[{"embeddable":true,"href":"http:\/\/info.sadowne.pl\/index.php?rest_route=%2Fwp%2Fv2%2Fcomments&post=28590"}],"version-history":[{"count":1,"href":"http:\/\/info.sadowne.pl\/index.php?rest_route=\/wp\/v2\/posts\/28590\/revisions"}],"predecessor-version":[{"id":28592,"href":"http:\/\/info.sadowne.pl\/index.php?rest_route=\/wp\/v2\/posts\/28590\/revisions\/28592"}],"wp:attachment":[{"href":"http:\/\/info.sadowne.pl\/index.php?rest_route=%2Fwp%2Fv2%2Fmedia&parent=28590"}],"wp:term":[{"taxonomy":"category","embeddable":true,"href":"http:\/\/info.sadowne.pl\/index.php?rest_route=%2Fwp%2Fv2%2Fcategories&post=28590"},{"taxonomy":"post_tag","embeddable":true,"href":"http:\/\/info.sadowne.pl\/index.php?rest_route=%2Fwp%2Fv2%2Ftags&post=28590"}],"curies":[{"name":"wp","href":"https:\/\/api.w.org\/{rel}","templated":true}]}}