{"id":28623,"date":"2024-02-06T13:55:14","date_gmt":"2024-02-06T12:55:14","guid":{"rendered":"http:\/\/info.sadowne.pl\/?p=28623"},"modified":"2024-02-06T13:55:14","modified_gmt":"2024-02-06T12:55:14","slug":"oglaszamy-wlasnie-rusza-wegrowski-jarmark-literacki-2024","status":"publish","type":"post","link":"http:\/\/info.sadowne.pl\/?p=28623","title":{"rendered":"Og\u0142aszamy! W\u0142a\u015bnie rusza W\u0119growski Jarmark Literacki 2024!"},"content":{"rendered":"<p><strong><a href=\"http:\/\/info.sadowne.pl\/wp-content\/uploads\/2024\/02\/2024.02.06.1.png\"><img loading=\"lazy\" decoding=\"async\" class=\"alignleft size-thumbnail wp-image-28625\" src=\"http:\/\/info.sadowne.pl\/wp-content\/uploads\/2024\/02\/2024.02.06.1-180x130.png\" alt=\"\" width=\"180\" height=\"130\" \/><\/a>W tym roku zadanie konkursowe polega na napisaniu utworu poetyckiego dyktowanego sercem i rozumem o charakterze modlitwy. <\/strong><strong>\u00a0<\/strong><!--more--><\/p>\n<p>Na teksty czekamy do 19 kwietnia 2024 r. Mo\u017cna je przesy\u0142a\u0107 poczt\u0105 tradycyjn\u0105 na adres Biblioteki (ul. Rynek Mariacki 11, 07-100 W\u0119gr\u00f3w) z dopiskiem \u201eKonkurs literacki\u201d lub mailowo na adres: mbp.wegrow@gmail.com albo z\u0142o\u017cy\u0107 osobi\u015bcie w Domu Gda\u0144skim. Prace musz\u0105 by\u0107 podpisane: imi\u0119 i nazwisko autora oraz numer telefonu do kontaktu.<\/p>\n<p>W konkursie mog\u0105 wzi\u0105\u0107 udzia\u0142 amatorzy, jak i tw\u00f3rcy nale\u017c\u0105cy do zwi\u0105zk\u00f3w i stowarzysze\u0144 tw\u00f3rczych, bez ogranicze\u0144 wiekowych.<\/p>\n<p>Inspiracj\u0105 tegorocznego Jarmarku jest August Cieszkowski, urodzony w Suchej wybitny polski my\u015bliciel i dzia\u0142acz XIX wieku, tw\u00f3rca filozofii narodowej, ekonomista, filozof mesjanistyczny. Jest autorem dzie\u0142a &#8222;Ojcze nasz&#8221; \u2013 wnikliwej analizy najwa\u017cniejszej i najbardziej znanej modlitwy chrze\u015bcija\u0144skiego \u015bwiata.\u00a0 W tym roku przypada 210 rocznica urodzin i 130 rocznica jego \u015bmierci, co stanowi doskona\u0142\u0105 okazj\u0105 do przypomnienia jego osoby. A. Cieszkowski jest patronem Miejskiej Biblioteki Publicznej w W\u0119growie.<\/p>\n<p>Honorowy patronat nad konkursem obj\u0119\u0142o Towarzystwo Biblijne w Polsce.<\/p>\n<p><span style=\"color: #0000ff;\"><a style=\"color: #0000ff;\" href=\"http:\/\/info.sadowne.pl\/wp-content\/uploads\/2024\/02\/Wegrowski-Jarmark-Literacki-2024-regulamin.pdf\" target=\"_blank\" rel=\"noopener\"><strong>Regulamin konkursu&gt;&gt;&gt;<\/strong><\/a><\/span><\/p>\n<p><a href=\"http:\/\/info.sadowne.pl\/wp-content\/uploads\/2024\/02\/2024.02.06.1.png\"><img loading=\"lazy\" decoding=\"async\" class=\"aligncenter size-full wp-image-28625\" src=\"http:\/\/info.sadowne.pl\/wp-content\/uploads\/2024\/02\/2024.02.06.1.png\" alt=\"\" width=\"603\" height=\"853\" srcset=\"http:\/\/info.sadowne.pl\/wp-content\/uploads\/2024\/02\/2024.02.06.1.png 603w, http:\/\/info.sadowne.pl\/wp-content\/uploads\/2024\/02\/2024.02.06.1-212x300.png 212w\" sizes=\"auto, (max-width: 603px) 100vw, 603px\" \/><\/a><\/p>\n<p><strong>Ma\u0142gorzata Kami\u0144ska<\/strong><\/p>\n<p><strong>Miejska Biblioteka Publiczna w W\u0119growie<\/strong><\/p>\n<p><strong>\u00a0<\/strong><\/p>\n","protected":false},"excerpt":{"rendered":"<p>W tym roku zadanie konkursowe polega na napisaniu utworu poetyckiego dyktowanego sercem i rozumem o charakterze modlitwy. \u00a0<\/p>\n","protected":false},"author":1,"featured_media":0,"comment_status":"closed","ping_status":"closed","sticky":false,"template":"","format":"standard","meta":{"footnotes":""},"categories":[5,1,2495],"tags":[4080,4078,4079],"class_list":["post-28623","post","type-post","status-publish","format-standard","hentry","category-newsy","category-inne","category-nasi-sasiedzi","tag-konkurs-literacki","tag-miejska-biblioteka-publiczna-w-wegrowie","tag-wegrowski-jarmark-literacki-2024"],"views":1838,"_links":{"self":[{"href":"http:\/\/info.sadowne.pl\/index.php?rest_route=\/wp\/v2\/posts\/28623","targetHints":{"allow":["GET"]}}],"collection":[{"href":"http:\/\/info.sadowne.pl\/index.php?rest_route=\/wp\/v2\/posts"}],"about":[{"href":"http:\/\/info.sadowne.pl\/index.php?rest_route=\/wp\/v2\/types\/post"}],"author":[{"embeddable":true,"href":"http:\/\/info.sadowne.pl\/index.php?rest_route=\/wp\/v2\/users\/1"}],"replies":[{"embeddable":true,"href":"http:\/\/info.sadowne.pl\/index.php?rest_route=%2Fwp%2Fv2%2Fcomments&post=28623"}],"version-history":[{"count":1,"href":"http:\/\/info.sadowne.pl\/index.php?rest_route=\/wp\/v2\/posts\/28623\/revisions"}],"predecessor-version":[{"id":28626,"href":"http:\/\/info.sadowne.pl\/index.php?rest_route=\/wp\/v2\/posts\/28623\/revisions\/28626"}],"wp:attachment":[{"href":"http:\/\/info.sadowne.pl\/index.php?rest_route=%2Fwp%2Fv2%2Fmedia&parent=28623"}],"wp:term":[{"taxonomy":"category","embeddable":true,"href":"http:\/\/info.sadowne.pl\/index.php?rest_route=%2Fwp%2Fv2%2Fcategories&post=28623"},{"taxonomy":"post_tag","embeddable":true,"href":"http:\/\/info.sadowne.pl\/index.php?rest_route=%2Fwp%2Fv2%2Ftags&post=28623"}],"curies":[{"name":"wp","href":"https:\/\/api.w.org\/{rel}","templated":true}]}}