{"id":28662,"date":"2024-02-29T18:31:41","date_gmt":"2024-02-29T17:31:41","guid":{"rendered":"http:\/\/info.sadowne.pl\/?p=28662"},"modified":"2024-02-29T20:35:25","modified_gmt":"2024-02-29T19:35:25","slug":"powiat-wegrowski-ma-25-lat","status":"publish","type":"post","link":"http:\/\/info.sadowne.pl\/?p=28662","title":{"rendered":"Powiat W\u0119growski ma 25 lat!"},"content":{"rendered":"<p><a href=\"http:\/\/info.sadowne.pl\/wp-content\/uploads\/2024\/02\/2024.02.29.1.jpg\" target=\"_blank\" rel=\"noopener\"><img loading=\"lazy\" decoding=\"async\" class=\"alignleft wp-image-28663 size-thumbnail\" src=\"http:\/\/info.sadowne.pl\/wp-content\/uploads\/2024\/02\/2024.02.29.1-180x130.jpg\" alt=\"\" width=\"180\" height=\"130\" \/><\/a><\/p>\n<p><strong>29 lutego w W\u0119growie uroczy\u015bcie obchodzono Jubileusz 25-lecia Powiatu W\u0119growskiego.<\/strong><!--more--><\/p>\n<p>W czwartkowe przedpo\u0142udnie sala widowiskowa W\u0119growskiego O\u015brodka Kultury wype\u0142ni\u0142a si\u0119 po brzegi \u2013 na uroczyste obchody 25-lecia Powiatu W\u0119growskiego przybyli zaproszeni go\u015bcie, mieszka\u0144cy powiatu w\u0119growskiego i pracownicy Starostwa Powiatowego. Zaproszenie wystosowali: p. Ewa Besztak \u2013 Starosta W\u0119growski i p. Leszek Redosz \u2013 Przewodnicz\u0105cy Rady Powiatu W\u0119growskiego.<\/p>\n<p>Uroczysto\u015b\u0107 rozpocz\u0119\u0142y ta\u0144ce w wykonaniu uczni\u00f3w szk\u00f3\u0142 ponadpodstawowych prowadzonych przez Starostwo Powiatowe: \u201eOrkan\u201d z ZSP Sadowne, \u201eZawierucha\u201d z I LO w W\u0119growie i \u201eSadzewiczowa\u201d z ZSP w \u0141ochowie. Nast\u0119pnie wprowadzono sztandar powiatu i o\u015bpiewano hymn pa\u0144stwowy.<\/p>\n<p>Po powitaniu uczestnik\u00f3w spotkania, Starosta W\u0119growski p. Ewa Besztak dokona\u0142a prezentacji wynik\u00f3w funkcjonowania samorz\u0105du powiatowego w okresie \u0107wier\u0107wiecza, po czym przyst\u0105piono do uhonorowania obecnych na uroczysto\u015bci samorz\u0105dowc\u00f3w i osoby wsp\u00f3\u0142pracuj\u0105ce z Powiatem W\u0119growskim w tym okresie. Wyr\u00f3\u017cnienia wr\u0119czali: Starosta W\u0119growski p. Ewa Besztak, Wicestarosta W\u0119growski p. Marek Renik i Przewodnicz\u0105cy Rady Powiatu W\u0119growskiego p. Leszek Redosz.<\/p>\n<p>Na pocz\u0105tek na scenie pojawili si\u0119 dotychczasowi starostowie pp.: El\u017cbieta Lanc, Henryk Zy\u015bk, Bogdan Doli\u0144ski, Krzysztof Fedorczyk i Ewa Besztak, przewodnicz\u0105cy Rady pp.: Zygmunt Or\u0142owski i Leszek Redosz oraz opiekunowie Rady z ramienia Starostwa i radni powiatowi.<\/p>\n<p>Tytu\u0142y honorowe \u201eZas\u0142u\u017cony dla Powiatu W\u0119growskiego\u201d odebrali: ks. bp Piotr Sawczuk \u2013 Ordynariusz Diecezji Drohiczy\u0144skiej, p. Marzena Gromek \u2013 sekretarz Powiatu W\u0119growskiego, p. Jan Tempczyk \u2013 prezes Powiatowego Szkolnego Zwi\u0105zku Sportowego w W\u0119growie, p. Piotr Szczepanik &#8211; dyrygent Orkiestry D\u0119tej OSP Liw, p. Adam Witkowski \u2013 przedsi\u0119biorca, firma P. W. WIKRUSZ, p. Dariusz Ostasz \u2013 prezes Zarz\u0105du Przedsi\u0119biorstwa Rob\u00f3t Drogowo \u2013 Mostowych \u201eMIKST\u201d Sp. z o. o. w W\u0119growie, p. Ma\u0142gorzata Duszak \u2013 prezes Zarz\u0105du Powiatowego Banku Sp\u00f3\u0142dzielczego w W\u0119growie i p. Krystyna Ewa Wetoszka \u2013 kierownik Zespo\u0142u \u015apiewaczego \u201eSadowianki\u201d z Sadownego.<\/p>\n<p>Pami\u0105tkowe statuetki trafi\u0142y do r\u0105k ks. bpa Piotra Sawczuka, p. pose\u0142 RP Marii Koc, p. senatora RP Macieja G\u00f3rskiego i p. El\u017cbiety Lanc \u2013 cz\u0142onka Zarz\u0105du Wojew\u00f3dztwa Mazowieckiego. Uhonorowani zabrali te\u017c g\u0142os i przekazali na rzecz Powiatu swoje podzi\u0119kowania. Za wybitne zas\u0142ugi oraz ca\u0142okszta\u0142t dzia\u0142alno\u015bci na rzecz wojew\u00f3dztwa mazowieckiego Powiat W\u0119growski zosta\u0142 wyr\u00f3\u017cniony Medalem Pami\u0105tkowym PROMASOVIA \u2013 w imieniu Marsza\u0142ka Wojew\u00f3dztwa Mazowieckiego p. Ewie Besztak przekaza\u0142a medal p. El\u017cbieta Lanc.<\/p>\n<p>Jeszcze tylko statuetki dla samorz\u0105dowc\u00f3w w terenie (reprezentowali ich burmistrzowie oraz w\u00f3jtowie poszczeg\u00f3lnych miast i gmin powiatu w\u0119growskiego), dla pracownik\u00f3w Starostwa Powiatowego, wyst\u0105pienia go\u015bci, wyprowadzenie sztandaru i\u2026 oficjaln\u0105 cz\u0119\u015b\u0107 uroczysto\u015bci mo\u017cna uzna\u0107 za zako\u0144czon\u0105. W tym momencie na scenie zago\u015bcili arty\u015bci, a w roli g\u0142\u00f3wnej Big Bend Orkiestry D\u0119tej z Liwa.<\/p>\n<p><span style=\"color: #0000ff;\"><strong><a style=\"color: #0000ff;\" href=\"https:\/\/photos.app.goo.gl\/DbYKG5Doi8hBDCZu7\" target=\"_blank\" rel=\"noopener\">Zdj\u0119cia w galerii Google&gt;&gt;&gt;<\/a><\/strong><\/span><\/p>\n<p><strong>Tekst\/foto: <\/strong>S\u0142awek Chyli\u0144ski<\/p>\n","protected":false},"excerpt":{"rendered":"<p>29 lutego w W\u0119growie uroczy\u015bcie obchodzono Jubileusz 25-lecia Powiatu W\u0119growskiego.<\/p>\n","protected":false},"author":1,"featured_media":0,"comment_status":"closed","ping_status":"closed","sticky":false,"template":"","format":"standard","meta":{"footnotes":""},"categories":[5,1,3960],"tags":[4085,198],"class_list":["post-28662","post","type-post","status-publish","format-standard","hentry","category-newsy","category-inne","category-starostwo-powiatowe-w-wegrowie","tag-25-lat-powiatu-wegrowskiego","tag-starostwo-powiatowe-w-wegrowie"],"views":2212,"_links":{"self":[{"href":"http:\/\/info.sadowne.pl\/index.php?rest_route=\/wp\/v2\/posts\/28662","targetHints":{"allow":["GET"]}}],"collection":[{"href":"http:\/\/info.sadowne.pl\/index.php?rest_route=\/wp\/v2\/posts"}],"about":[{"href":"http:\/\/info.sadowne.pl\/index.php?rest_route=\/wp\/v2\/types\/post"}],"author":[{"embeddable":true,"href":"http:\/\/info.sadowne.pl\/index.php?rest_route=\/wp\/v2\/users\/1"}],"replies":[{"embeddable":true,"href":"http:\/\/info.sadowne.pl\/index.php?rest_route=%2Fwp%2Fv2%2Fcomments&post=28662"}],"version-history":[{"count":4,"href":"http:\/\/info.sadowne.pl\/index.php?rest_route=\/wp\/v2\/posts\/28662\/revisions"}],"predecessor-version":[{"id":28667,"href":"http:\/\/info.sadowne.pl\/index.php?rest_route=\/wp\/v2\/posts\/28662\/revisions\/28667"}],"wp:attachment":[{"href":"http:\/\/info.sadowne.pl\/index.php?rest_route=%2Fwp%2Fv2%2Fmedia&parent=28662"}],"wp:term":[{"taxonomy":"category","embeddable":true,"href":"http:\/\/info.sadowne.pl\/index.php?rest_route=%2Fwp%2Fv2%2Fcategories&post=28662"},{"taxonomy":"post_tag","embeddable":true,"href":"http:\/\/info.sadowne.pl\/index.php?rest_route=%2Fwp%2Fv2%2Ftags&post=28662"}],"curies":[{"name":"wp","href":"https:\/\/api.w.org\/{rel}","templated":true}]}}