{"id":28717,"date":"2024-03-15T15:09:23","date_gmt":"2024-03-15T14:09:23","guid":{"rendered":"http:\/\/info.sadowne.pl\/?p=28717"},"modified":"2024-03-15T15:09:23","modified_gmt":"2024-03-15T14:09:23","slug":"zsp-sadowne-bylo-na-targach-edukacyjnych","status":"publish","type":"post","link":"http:\/\/info.sadowne.pl\/?p=28717","title":{"rendered":"ZSP Sadowne by\u0142o na Targach Edukacyjnych"},"content":{"rendered":"<p><a href=\"http:\/\/info.sadowne.pl\/wp-content\/uploads\/2024\/03\/2024.03.15.1.jpg\" target=\"_blank\" rel=\"noopener\"><img loading=\"lazy\" decoding=\"async\" class=\"alignleft wp-image-28718 size-thumbnail\" src=\"http:\/\/info.sadowne.pl\/wp-content\/uploads\/2024\/03\/2024.03.15.1-180x130.jpg\" alt=\"\" width=\"180\" height=\"130\" \/><\/a><\/p>\n<p><strong>15 marca 2024 roku w W\u0119growie odby\u0142y si\u0119 III Targi Edukacyjne Powiatu W\u0119growskiego. Swoj\u0105 ofert\u0119 edukacyjn\u0105 zaprezentowa\u0142 r\u00f3wnie\u017c Zesp\u00f3\u0142 Szk\u00f3\u0142 Ponadpodstawowych w Sadownem.<\/strong><!--more--><\/p>\n<p>Ju\u017c po raz trzeci Zesp\u00f3\u0142 Szk\u00f3\u0142 Ponadpodstawowych im. Jana Kochanowskiego w W\u0119growie go\u015bci\u0142 w swojej Hali Sportowej uczestnik\u00f3w Targ\u00f3w Edukacyjnych, kt\u00f3rych organizatorem jest Starostwo Powiatowe w W\u0119growie. Podczas Targ\u00f3w szko\u0142y \u015brednie powiatu w\u0119growskiego, a tak\u017ce przedstawiciele instytucji oraz szk\u00f3\u0142 wspieraj\u0105cych lub wsp\u00f3\u0142pracuj\u0105cych z powiatem w\u0119growskim, zach\u0119ca\u0142y uczni\u00f3w ostatnich klas szk\u00f3\u0142 podstawowych do wyboru plac\u00f3wki o\u015bwiatowej, w kt\u00f3rej b\u0119d\u0105 kontynuowa\u0107 swoj\u0105 nauk\u0119.<\/p>\n<p>Po oficjalnym otwarciu Targ\u00f3w przez przedstawicieli Organizator\u00f3w uczniowie z \u201eKochanowskiego\u201d zaprezentowali cz\u0119\u015b\u0107 artystyczn\u0105 i rozpocz\u0119\u0142o si\u0119 zwiedzanie przygotowanych stoisk informacyjnych.<\/p>\n<p>ZSP Sadowne podczas Targ\u00f3w by\u0142o reprezentowane przez siln\u0105 grup\u0119 nauczycieli i uczni\u00f3w \u2013 oczywi\u015bcie pod kierownictwem p. Dyrektora S\u0142awomira Ryszawy. Stoisko naszego ZSP cieszy\u0142o si\u0119 du\u017cym powodzeniem w\u015br\u00f3d uczestnicz\u0105cych w Targach uczni\u00f3w podstaw\u00f3wek powiatu w\u0119growskiego, a tak\u017ce zaproszonych go\u015bci (potwierdza\u0142 to wyr\u00f3\u017cniaj\u0105cy si\u0119 t\u0142um przy tym stoisku).<\/p>\n<p>Targi Edukacyjne spe\u0142niaj\u0105 swoj\u0105 rol\u0119, a wielu absolwent\u00f3w podstaw\u00f3wek ju\u017c tu podejmuje prawdopodobnie decyzj\u0119 o wyborze szko\u0142y \u015bredniej, a tych niezdecydowanych szko\u0142y \u015brednie zapraszaj\u0105 do siebie. Tak jest i w przypadku Zespo\u0142u Szk\u00f3\u0142 Ponadpodstawowych w Sadownem \u2013 zaprasza on tak\u017ce na swoj\u0105 stron\u0119 internetow\u0105, gdzie w\u015br\u00f3d aktualno\u015bci, prezentuj\u0105cych sukcesy szko\u0142y, mo\u017cna znale\u017a\u0107 te\u017c informacje na temat rekrutacji. Zach\u0119camy do odwiedzenia szkolnej strony \u2013 <span style=\"color: #0000ff;\"><strong><a style=\"color: #0000ff;\" href=\"https:\/\/www.liceumsadowne.pl\/\" target=\"_blank\" rel=\"noopener\">https:\/\/www.liceumsadowne.pl\/<\/a><\/strong><\/span>.<\/p>\n<p><span style=\"color: #0000ff;\"><a style=\"color: #0000ff;\" href=\"https:\/\/photos.app.goo.gl\/f1LKsutrYZNA6fSk6\" target=\"_blank\" rel=\"noopener\"><strong>Zdj\u0119cia w galerii Google&gt;&gt;&gt;<\/strong><\/a><\/span><\/p>\n<p><strong>Tekst\/foto:<\/strong> S\u0142awek Chyli\u0144ski<\/p>\n","protected":false},"excerpt":{"rendered":"<p>15 marca 2024 roku w W\u0119growie odby\u0142y si\u0119 III Targi Edukacyjne Powiatu W\u0119growskiego. Swoj\u0105 ofert\u0119 edukacyjn\u0105 zaprezentowa\u0142 r\u00f3wnie\u017c Zesp\u00f3\u0142 Szk\u00f3\u0142 Ponadpodstawowych w Sadownem.<\/p>\n","protected":false},"author":1,"featured_media":0,"comment_status":"closed","ping_status":"closed","sticky":false,"template":"","format":"standard","meta":{"footnotes":""},"categories":[5,1752,85],"tags":[4103,3197],"class_list":["post-28717","post","type-post","status-publish","format-standard","hentry","category-newsy","category-edukacja","category-zsp","tag-iii-targi-edukacyjne-powiatu-wegrowskiego","tag-zespol-szkol-ponadpodstawowych-w-sadownem"],"views":1984,"_links":{"self":[{"href":"http:\/\/info.sadowne.pl\/index.php?rest_route=\/wp\/v2\/posts\/28717","targetHints":{"allow":["GET"]}}],"collection":[{"href":"http:\/\/info.sadowne.pl\/index.php?rest_route=\/wp\/v2\/posts"}],"about":[{"href":"http:\/\/info.sadowne.pl\/index.php?rest_route=\/wp\/v2\/types\/post"}],"author":[{"embeddable":true,"href":"http:\/\/info.sadowne.pl\/index.php?rest_route=\/wp\/v2\/users\/1"}],"replies":[{"embeddable":true,"href":"http:\/\/info.sadowne.pl\/index.php?rest_route=%2Fwp%2Fv2%2Fcomments&post=28717"}],"version-history":[{"count":1,"href":"http:\/\/info.sadowne.pl\/index.php?rest_route=\/wp\/v2\/posts\/28717\/revisions"}],"predecessor-version":[{"id":28719,"href":"http:\/\/info.sadowne.pl\/index.php?rest_route=\/wp\/v2\/posts\/28717\/revisions\/28719"}],"wp:attachment":[{"href":"http:\/\/info.sadowne.pl\/index.php?rest_route=%2Fwp%2Fv2%2Fmedia&parent=28717"}],"wp:term":[{"taxonomy":"category","embeddable":true,"href":"http:\/\/info.sadowne.pl\/index.php?rest_route=%2Fwp%2Fv2%2Fcategories&post=28717"},{"taxonomy":"post_tag","embeddable":true,"href":"http:\/\/info.sadowne.pl\/index.php?rest_route=%2Fwp%2Fv2%2Ftags&post=28717"}],"curies":[{"name":"wp","href":"https:\/\/api.w.org\/{rel}","templated":true}]}}