{"id":28797,"date":"2024-04-03T17:45:16","date_gmt":"2024-04-03T15:45:16","guid":{"rendered":"http:\/\/info.sadowne.pl\/?p=28797"},"modified":"2024-04-03T17:45:16","modified_gmt":"2024-04-03T15:45:16","slug":"ostatnie-15-lat-sadownego","status":"publish","type":"post","link":"http:\/\/info.sadowne.pl\/?p=28797","title":{"rendered":"Ostatnie 15 lat Sadownego"},"content":{"rendered":"<p><a href=\"http:\/\/info.sadowne.pl\/wp-content\/uploads\/2024\/04\/2006.04-1.jpg\" target=\"_blank\" rel=\"noopener\"><img loading=\"lazy\" decoding=\"async\" class=\"alignleft wp-image-28798 size-thumbnail\" src=\"http:\/\/info.sadowne.pl\/wp-content\/uploads\/2024\/04\/2006.04-1-180x130.jpg\" alt=\"\" width=\"180\" height=\"130\" \/><\/a><\/p>\n<p><strong>Co si\u0119 zmieni\u0142o w tym czasie? To tylko kr\u00f3tka fotorelacja z tego okresu. Pomimo, \u017ce nie zawiera wszystkich zmian, ale jest w stanie cho\u0107 po cz\u0119\u015bci od\u015bwie\u017cy\u0107 nasz\u0105 pami\u0119\u0107. <\/strong><!--more--><\/p>\n<p>Nasz\u0105 fotograficzn\u0105 opowie\u015b\u0107 o Sadownem rozpoczynamy przed 2009 rokiem, a ko\u0144czymy wraz z up\u0142ywem roku 2023. A jak teraz wygl\u0105da nasza miejscowo\u015b\u0107? Tu nie pomog\u0119 &#8211; koniecznie wyjd\u017amy przy dobrej pogodzie na spacer uliczkami Sadownego. Jestem pewien, \u017ce zauwa\u017cymy wiele dobrych zmian w naszym otoczeniu, kt\u00f3re dotychczas ukrywa\u0142y si\u0119 przed naszym wzrokiem\u2026<\/p>\n<p><strong>Wi\u0119cej na stronie <span style=\"color: #0000ff;\"><a style=\"color: #0000ff;\" href=\"https:\/\/photos.app.goo.gl\/DgajE2jjESyMgMgAA\" target=\"_blank\" rel=\"noopener\">https:\/\/photos.app.goo.gl\/DgajE2jjESyMgMgAA<\/a><\/span><\/strong><\/p>\n<p><strong>Tekst:<\/strong> S\u0142awek Chyli\u0144ski<\/p>\n","protected":false},"excerpt":{"rendered":"<p>Co si\u0119 zmieni\u0142o w tym czasie? To tylko kr\u00f3tka fotorelacja z tego okresu. Pomimo, \u017ce nie zawiera wszystkich zmian, ale jest w stanie cho\u0107 po cz\u0119\u015bci od\u015bwie\u017cy\u0107 nasz\u0105 pami\u0119\u0107.<\/p>\n","protected":false},"author":1,"featured_media":0,"comment_status":"closed","ping_status":"closed","sticky":false,"template":"","format":"standard","meta":{"footnotes":""},"categories":[5,31],"tags":[101,4116],"class_list":["post-28797","post","type-post","status-publish","format-standard","hentry","category-newsy","category-historia-gminy","tag-historia-gminy-sadowne","tag-ostatnie-15-lat-sadownego"],"views":1508,"_links":{"self":[{"href":"http:\/\/info.sadowne.pl\/index.php?rest_route=\/wp\/v2\/posts\/28797","targetHints":{"allow":["GET"]}}],"collection":[{"href":"http:\/\/info.sadowne.pl\/index.php?rest_route=\/wp\/v2\/posts"}],"about":[{"href":"http:\/\/info.sadowne.pl\/index.php?rest_route=\/wp\/v2\/types\/post"}],"author":[{"embeddable":true,"href":"http:\/\/info.sadowne.pl\/index.php?rest_route=\/wp\/v2\/users\/1"}],"replies":[{"embeddable":true,"href":"http:\/\/info.sadowne.pl\/index.php?rest_route=%2Fwp%2Fv2%2Fcomments&post=28797"}],"version-history":[{"count":1,"href":"http:\/\/info.sadowne.pl\/index.php?rest_route=\/wp\/v2\/posts\/28797\/revisions"}],"predecessor-version":[{"id":28799,"href":"http:\/\/info.sadowne.pl\/index.php?rest_route=\/wp\/v2\/posts\/28797\/revisions\/28799"}],"wp:attachment":[{"href":"http:\/\/info.sadowne.pl\/index.php?rest_route=%2Fwp%2Fv2%2Fmedia&parent=28797"}],"wp:term":[{"taxonomy":"category","embeddable":true,"href":"http:\/\/info.sadowne.pl\/index.php?rest_route=%2Fwp%2Fv2%2Fcategories&post=28797"},{"taxonomy":"post_tag","embeddable":true,"href":"http:\/\/info.sadowne.pl\/index.php?rest_route=%2Fwp%2Fv2%2Ftags&post=28797"}],"curies":[{"name":"wp","href":"https:\/\/api.w.org\/{rel}","templated":true}]}}