{"id":28953,"date":"2024-05-23T21:52:12","date_gmt":"2024-05-23T19:52:12","guid":{"rendered":"http:\/\/info.sadowne.pl\/?p=28953"},"modified":"2024-05-23T21:52:12","modified_gmt":"2024-05-23T19:52:12","slug":"remont-zakonczyl-sie","status":"publish","type":"post","link":"http:\/\/info.sadowne.pl\/?p=28953","title":{"rendered":"Remont zako\u0144czy\u0142 si\u0119\u2026"},"content":{"rendered":"<p><a href=\"http:\/\/info.sadowne.pl\/wp-content\/uploads\/2024\/05\/2024.05.23.1.jpg\" target=\"_blank\" rel=\"noopener\"><img loading=\"lazy\" decoding=\"async\" class=\"alignleft wp-image-28954 size-thumbnail\" src=\"http:\/\/info.sadowne.pl\/wp-content\/uploads\/2024\/05\/2024.05.23.1-180x130.jpg\" alt=\"\" width=\"180\" height=\"130\" \/><\/a><\/p>\n<p><strong>Oddano do u\u017cytku pomieszczenia w internacie przy Zespole Szk\u00f3\u0142 Ponadpodstawowych w Sadownem wyremontowane na potrzeby uchod\u017ac\u00f3w z Ukrainy.<\/strong><!--more--><\/p>\n<p>W dniu 23.05.2024 r. w internacie przy Zespole Szk\u00f3\u0142 Ponadpodstawowych w Sadownem odby\u0142o si\u0119 oficjalne oddanie do u\u017cytku pomieszcze\u0144 przeznaczonych na potrzeby przebywaj\u0105cych tam uchod\u017ac\u00f3w z Ukrainy.<\/p>\n<p>Remont zosta\u0142 sfinansowany ze \u015brodk\u00f3w przekazanych przez sp\u00f3\u0142k\u0119 FITT Polska Sp. z o.o. oraz Stowarzyszenie AVSI Polska w kwocie prawie 128 tys. z\u0142otych.<\/p>\n<p>Przebudowane zosta\u0142y \u0142azienki, w tym dla os\u00f3b niepe\u0142nosprawnych oraz aneks kuchenny, z kt\u00f3rych korzysta kilkana\u015bcie os\u00f3b doros\u0142ych i dzieci \u2013 uchod\u017ac\u00f3w z UkrainyG goszcz\u0105cych w Sadownem prawie od pocz\u0105tku agresji rosyjskiej z lutego 2022 roku.<\/p>\n<p>W wydarzeniu, opr\u00f3cz mieszka\u0144c\u00f3w internatu, kt\u00f3rych reprezentowa\u0142a Pani Tetiana Sosnowska, i dyrektora Zespo\u0142u Szk\u00f3\u0142 Ponadpodstawowych w Sadownem Pana S\u0142awomira Ryszawy, wzi\u0105\u0142 udzia\u0142 Wicestarosta W\u0119growski Pan Marek Renik i przedstawiciele fundator\u00f3w: Pan Alessandro Mezzalira, w\u0142a\u015bciciel i prezes Grupy FITT z W\u0142och (<strong><span style=\"color: #0000ff;\"><a style=\"color: #0000ff;\" href=\"https:\/\/www.linkedin.com\/in\/alessandro-mezzalira-579b21153\/\" target=\"_blank\" rel=\"noopener\">https:\/\/www.linkedin.com\/in\/alessandro-mezzalira-579b21153\/<\/a><\/span><\/strong> ) oraz Pan Donato Di Gilio, prezes AVSI Polska (<span style=\"color: #0000ff;\"><strong><a style=\"color: #0000ff;\" href=\"https:\/\/www.linkedin.com\/in\/donato-di-gilio\/\" target=\"_blank\" rel=\"noopener\">https:\/\/www.linkedin.com\/in\/donato-di-gilio\/<\/a><\/strong><\/span> ), a tak\u017ce Burmistrz W\u0119growa Pan Pawe\u0142 Marchela. Spotkanie poprowadzi\u0142 Wiceprezes Stowarzyszenia AVSI Polska Pan Marek Soszy\u0144ski.<\/p>\n<p><a href=\"http:\/\/info.sadowne.pl\/wp-content\/uploads\/2024\/05\/2024.05.23.2.jpg\"><img loading=\"lazy\" decoding=\"async\" class=\"alignleft size-full wp-image-28955\" src=\"http:\/\/info.sadowne.pl\/wp-content\/uploads\/2024\/05\/2024.05.23.2.jpg\" alt=\"\" width=\"353\" height=\"121\" srcset=\"http:\/\/info.sadowne.pl\/wp-content\/uploads\/2024\/05\/2024.05.23.2.jpg 353w, http:\/\/info.sadowne.pl\/wp-content\/uploads\/2024\/05\/2024.05.23.2-300x103.jpg 300w\" sizes=\"auto, (max-width: 353px) 100vw, 353px\" \/><\/a><\/p>\n<p>&nbsp;<\/p>\n<p><strong>Stowarzyszenie AVSI Polska<\/strong> (<span style=\"color: #0000ff;\"><strong><a style=\"color: #0000ff;\" href=\"https:\/\/avsipolska.org\/\" target=\"_blank\" rel=\"noopener\">https:\/\/avsipolska.org\/<\/a><\/strong><\/span> ) jest organizacj\u0105 po\u017cytku publicznego powsta\u0142\u0105 w roku 1993 w Warszawie. Dzia\u0142a w obszarze pomocy spo\u0142ecznej, edukacji i kszta\u0142cenia os\u00f3b doros\u0142ych, promocji ma\u0142ej przedsi\u0119biorczo\u015bci i zwalczania bezrobocia. Pozyskuje \u015brodki z funduszy europejskich oraz od prywatnych sponsor\u00f3w, wsp\u00f3\u0142pracuj\u0105c z w\u0142osk\u0105 Fundacj\u0105 AVSI (<span style=\"color: #0000ff;\"><strong><a style=\"color: #0000ff;\" href=\"https:\/\/www.avsi.org\/\" target=\"_blank\" rel=\"noopener\">https:\/\/www.avsi.org\/<\/a><\/strong><\/span> ).<\/p>\n<p>Od pocz\u0105tku agresji Rosji na Ukrain\u0119 AVSI Polska aktywnie w\u0142\u0105czy\u0142o si\u0119 w pomoc uchod\u017acom szukaj\u0105cym schronienia w Polsce, realizuj\u0105c szereg projekt\u00f3w, na kt\u00f3re pozyskano prawie 1,5 miliona euro.<\/p>\n<p>Na terenie powiatu w\u0119growskiego, opr\u00f3cz pokrycia koszt\u00f3w remontu w Sadownem, AVSI Polska zakupi\u0142o sprz\u0119t AGD i po\u015bciel na potrzeby kilku o\u015brodk\u00f3w zbiorowego zakwaterowania uchod\u017ac\u00f3w za 90 tys. z\u0142otych, prowadzi\u0142o kursy j\u0119zyka polskiego dla ok. 50 os\u00f3b w W\u0119growie i Ostr\u00f3wku, sfinansowa\u0142o personel pomagaj\u0105cy w adaptacji uczni\u00f3w ukrai\u0144skich w szko\u0142ach podstawowych w W\u0119growie oraz przekaza\u0142o bezpo\u015brednie wsparcie finansowe dla kilkunastu najbardziej potrzebuj\u0105cych rodzin.<\/p>\n<p>W ramach Programu Grantowego AVSI Polska #HELPUKRAINE 2022 wsparcie uzyska\u0142y projekty dla dzieci uchod\u017ac\u00f3w zg\u0142oszone przez Miejsk\u0105 Bibliotek\u0119 Publiczn\u0105 z W\u0119growa, W\u0119growski O\u015brodek Kultury oraz Szko\u0142\u0119 Podstawow\u0105 nr 2 w W\u0119growie.<\/p>\n<p><strong><a href=\"http:\/\/info.sadowne.pl\/wp-content\/uploads\/2024\/05\/2024.05.23.3.jpg\"><img loading=\"lazy\" decoding=\"async\" class=\"alignright size-full wp-image-28956\" src=\"http:\/\/info.sadowne.pl\/wp-content\/uploads\/2024\/05\/2024.05.23.3.jpg\" alt=\"\" width=\"195\" height=\"123\" \/><\/a>FITT <\/strong>(<span style=\"color: #0000ff;\"><strong><a style=\"color: #0000ff;\" href=\"https:\/\/www.fitt.com\/fitt-polska\/\" target=\"_blank\" rel=\"noopener\">https:\/\/www.fitt.com\/fitt-polska\/<\/a><\/strong><\/span> ), wiod\u0105ca globalna grupa za\u0142o\u017cona we W\u0142oszech w 1969 roku \u2013 maj\u0105ca status Benefit Company &#8211; jest pionierem w produkcji i rozwoju rozwi\u0105za\u0144 do przesy\u0142ania p\u0142yn\u00f3w do zastosowa\u0144 domowych, profesjonalnych i przemys\u0142owych. Od ponad 50 lat FITT opracowuje zaawansowane technologicznie rozwi\u0105zania, kt\u00f3re gwarantuj\u0105 naszym klientom niezawodno\u015b\u0107, bezpiecze\u0144stwo, najwy\u017csz\u0105 wydajno\u015b\u0107 i \u0142atwo\u015b\u0107 u\u017cytkowania. Z siedzib\u0105 w Sandrigo (Prowincja Vicenza), FITT ma obroty przekraczaj\u0105ce 300 milion\u00f3w euro, eksportuje do 87 kraj\u00f3w, zatrudnia 1250 pracownik\u00f3w, posiada 14 zak\u0142ad\u00f3w produkcyjnych (9 we W\u0142oszech, 5 w Europie), 15 centr\u00f3w logistycznych na ca\u0142ym \u015bwiecie i 5 sp\u00f3\u0142ek zale\u017cnych. FITT Polska jest sp\u00f3\u0142k\u0105 Grupy FITT dzia\u0142aj\u0105c\u0105 w W\u0119growie od 2013 roku, produkuj\u0105c\u0105 w\u0119\u017ce ogrodowe na rynek europejski.<\/p>\n<p>Wydarzenie zako\u0144czy\u0142o spotkanie przy kawie i ciastach, kt\u00f3re przygotowa\u0142y Panie z Ukrainy mieszkaj\u0105ce w internacie szkolnym, a tak\u017ce przystawkach w wykonaniu uczni\u00f3w Technikum \u017bywienia i Us\u0142ug Gastronomicznych w Sadownem.<\/p>\n<p><span style=\"color: #0000ff;\"><strong><a style=\"color: #0000ff;\" href=\"https:\/\/photos.app.goo.gl\/zoRNrWBD6bgVy7Wg8\" target=\"_blank\" rel=\"noopener\">Zdj\u0119cia w galerii Google&gt;&gt;&gt;<\/a><\/strong><\/span><\/p>\n<p><strong>Tekst:<\/strong> Marek Soszy\u0144ski\/S\u0142awek Chyli\u0144ski<\/p>\n<p><strong>Foto: <\/strong>S\u0142awek Chyli\u0144ski<\/p>\n","protected":false},"excerpt":{"rendered":"<p>Oddano do u\u017cytku pomieszczenia w internacie przy Zespole Szk\u00f3\u0142 Ponadpodstawowych w Sadownem wyremontowane na potrzeby uchod\u017ac\u00f3w z Ukrainy.<\/p>\n","protected":false},"author":1,"featured_media":0,"comment_status":"closed","ping_status":"closed","sticky":false,"template":"","format":"standard","meta":{"footnotes":""},"categories":[5,1752,85],"tags":[4143,4141,4142,3197],"class_list":["post-28953","post","type-post","status-publish","format-standard","hentry","category-newsy","category-edukacja","category-zsp","tag-grupa-fitt","tag-marek-soszynski","tag-stowarzyszenie-avsi-polska","tag-zespol-szkol-ponadpodstawowych-w-sadownem"],"views":2044,"_links":{"self":[{"href":"http:\/\/info.sadowne.pl\/index.php?rest_route=\/wp\/v2\/posts\/28953","targetHints":{"allow":["GET"]}}],"collection":[{"href":"http:\/\/info.sadowne.pl\/index.php?rest_route=\/wp\/v2\/posts"}],"about":[{"href":"http:\/\/info.sadowne.pl\/index.php?rest_route=\/wp\/v2\/types\/post"}],"author":[{"embeddable":true,"href":"http:\/\/info.sadowne.pl\/index.php?rest_route=\/wp\/v2\/users\/1"}],"replies":[{"embeddable":true,"href":"http:\/\/info.sadowne.pl\/index.php?rest_route=%2Fwp%2Fv2%2Fcomments&post=28953"}],"version-history":[{"count":1,"href":"http:\/\/info.sadowne.pl\/index.php?rest_route=\/wp\/v2\/posts\/28953\/revisions"}],"predecessor-version":[{"id":28957,"href":"http:\/\/info.sadowne.pl\/index.php?rest_route=\/wp\/v2\/posts\/28953\/revisions\/28957"}],"wp:attachment":[{"href":"http:\/\/info.sadowne.pl\/index.php?rest_route=%2Fwp%2Fv2%2Fmedia&parent=28953"}],"wp:term":[{"taxonomy":"category","embeddable":true,"href":"http:\/\/info.sadowne.pl\/index.php?rest_route=%2Fwp%2Fv2%2Fcategories&post=28953"},{"taxonomy":"post_tag","embeddable":true,"href":"http:\/\/info.sadowne.pl\/index.php?rest_route=%2Fwp%2Fv2%2Ftags&post=28953"}],"curies":[{"name":"wp","href":"https:\/\/api.w.org\/{rel}","templated":true}]}}