{"id":29015,"date":"2024-06-06T15:12:22","date_gmt":"2024-06-06T13:12:22","guid":{"rendered":"http:\/\/info.sadowne.pl\/?p=29015"},"modified":"2024-06-22T16:53:04","modified_gmt":"2024-06-22T14:53:04","slug":"sanepid-wegrow-informuje","status":"publish","type":"post","link":"http:\/\/info.sadowne.pl\/?p=29015","title":{"rendered":"Akcja letnia"},"content":{"rendered":"<p><strong><a href=\"http:\/\/info.sadowne.pl\/wp-content\/uploads\/2024\/06\/2024.06.06.1.jpg\"><img loading=\"lazy\" decoding=\"async\" class=\"alignleft size-thumbnail wp-image-29016\" src=\"http:\/\/info.sadowne.pl\/wp-content\/uploads\/2024\/06\/2024.06.06.1-180x130.jpg\" alt=\"\" width=\"180\" height=\"130\" \/><\/a>W ramach \u201eAkcji letniej\u201d o zasadach bezpiecznego wypoczynku informuje Powiatowa Stacja Sanitarno-Epidemiologiczna w W\u0119growie.<\/strong><!--more--><\/p>\n<p>Ka\u017cdego roku w okresie wakacyjnym pracownicy pionu o\u015bwiaty zdrowotnej i promocji zdrowia staraj\u0105 si\u0119 dotrze\u0107 do jak najwi\u0119kszej grupy dzieci, m\u0142odzie\u017cy i os\u00f3b doros\u0142ych, przebywaj\u0105cych w palc\u00f3wkach letniego wypoczynku z edukacj\u0105 na temat bezpiecze\u0144stwa na wakacjach.<\/p>\n<p><strong>Cele Akcji Letniej:<\/strong><\/p>\n<p>&#8211; propagowanie zasad bezpiecznego wypoczynku,<\/p>\n<p>&#8211; popularyzacja wiedzy nt. w\u0142a\u015bciwych i bezpiecznych zachowa\u0144 w miejscach publicznych, lasach i nad wod\u0105,<\/p>\n<p>&#8211; u\u015bwiadomienie ryzykownych zachowa\u0144 w czasie k\u0105pieli wodnych i s\u0142onecznych,<\/p>\n<p>&#8211; podnoszenie w\u015br\u00f3d dzieci i m\u0142odzie\u017cy odpowiedzialno\u015bci za w\u0142asne zdrowie,<\/p>\n<p>&#8211; pog\u0142\u0119bienie wiedzy na temat zapobiegania uk\u0105szeniom przez kleszcze, profilaktyki zatru\u0107 pokarmowych w tym grzybami, w\u015bcieklizny, zapobiegania wypadkom i urazom.<\/p>\n<p><strong>W ramach Akcji Letniej prowadzone s\u0105 nast\u0119puj\u0105ce dzia\u0142ania:<\/strong><\/p>\n<p>&#8211; narady z kierownikami kolonii i p\u00f3\u0142kolonii, piel\u0119gniarkami, wychowawcami, przedstawicielami w\u0142adz lokalnych, dziennikarzami,<\/p>\n<p>&#8211; edukacja dzieci i m\u0142odzie\u017cy poprzez: pogadanki, instrukta\u017ce, rozmowy indywidualne, emisje film\u00f3w, spotkania z ekspertami,<\/p>\n<p>&#8211; konkursy: wiedzy, plastyczne, sportowe,<\/p>\n<p>&#8211; ekspozycje wizualne, wystawy prac plastycznych,<\/p>\n<p>&#8211; dystrybucja materia\u0142\u00f3w edukacyjnych,<\/p>\n<p>&#8211; poradnictwo metodyczne i merytoryczne podczas indywidualnych spotka\u0144,<\/p>\n<p>&#8211; popularyzacja podejmowanych tre\u015bci w mediach,<\/p>\n<p>&#8211; poradnictwo i pomiary (RR, poziomu CO w wydychanym powietrzu, ci\u0119\u017caru cia\u0142a i okre\u015blanie BMI) podczas Imprez prozdrowotnych.<\/p>\n<p><a href=\"http:\/\/info.sadowne.pl\/wp-content\/uploads\/2024\/06\/2024.06.06.1.jpg\" target=\"_blank\" rel=\"noopener\"><img loading=\"lazy\" decoding=\"async\" class=\"aligncenter wp-image-29016 size-medium\" src=\"http:\/\/info.sadowne.pl\/wp-content\/uploads\/2024\/06\/2024.06.06.1-300x212.jpg\" alt=\"\" width=\"300\" height=\"212\" srcset=\"http:\/\/info.sadowne.pl\/wp-content\/uploads\/2024\/06\/2024.06.06.1-300x212.jpg 300w, http:\/\/info.sadowne.pl\/wp-content\/uploads\/2024\/06\/2024.06.06.1-768x542.jpg 768w, http:\/\/info.sadowne.pl\/wp-content\/uploads\/2024\/06\/2024.06.06.1.jpg 909w\" sizes=\"auto, (max-width: 300px) 100vw, 300px\" \/><\/a><\/p>\n<p><a href=\"http:\/\/info.sadowne.pl\/wp-content\/uploads\/2024\/06\/2024.06.06.2.jpg\" target=\"_blank\" rel=\"noopener\"><img loading=\"lazy\" decoding=\"async\" class=\"aligncenter wp-image-29017 size-medium\" src=\"http:\/\/info.sadowne.pl\/wp-content\/uploads\/2024\/06\/2024.06.06.2-300x211.jpg\" alt=\"\" width=\"300\" height=\"211\" srcset=\"http:\/\/info.sadowne.pl\/wp-content\/uploads\/2024\/06\/2024.06.06.2-300x211.jpg 300w, http:\/\/info.sadowne.pl\/wp-content\/uploads\/2024\/06\/2024.06.06.2-768x541.jpg 768w, http:\/\/info.sadowne.pl\/wp-content\/uploads\/2024\/06\/2024.06.06.2.jpg 907w\" sizes=\"auto, (max-width: 300px) 100vw, 300px\" \/><\/a><\/p>\n<p><a href=\"http:\/\/info.sadowne.pl\/wp-content\/uploads\/2024\/06\/2024.06.06.3.jpg\" target=\"_blank\" rel=\"noopener\"><img loading=\"lazy\" decoding=\"async\" class=\"aligncenter wp-image-29018 size-medium\" src=\"http:\/\/info.sadowne.pl\/wp-content\/uploads\/2024\/06\/2024.06.06.3-300x214.jpg\" alt=\"\" width=\"300\" height=\"214\" srcset=\"http:\/\/info.sadowne.pl\/wp-content\/uploads\/2024\/06\/2024.06.06.3-300x214.jpg 300w, http:\/\/info.sadowne.pl\/wp-content\/uploads\/2024\/06\/2024.06.06.3-768x547.jpg 768w, http:\/\/info.sadowne.pl\/wp-content\/uploads\/2024\/06\/2024.06.06.3.jpg 875w\" sizes=\"auto, (max-width: 300px) 100vw, 300px\" \/><\/a><a href=\"http:\/\/info.sadowne.pl\/wp-content\/uploads\/2024\/06\/2024.06.06.4.jpg\" target=\"_blank\" rel=\"noopener\"><img loading=\"lazy\" decoding=\"async\" class=\"aligncenter wp-image-29019 size-medium\" src=\"http:\/\/info.sadowne.pl\/wp-content\/uploads\/2024\/06\/2024.06.06.4-300x213.jpg\" alt=\"\" width=\"300\" height=\"213\" srcset=\"http:\/\/info.sadowne.pl\/wp-content\/uploads\/2024\/06\/2024.06.06.4-300x213.jpg 300w, http:\/\/info.sadowne.pl\/wp-content\/uploads\/2024\/06\/2024.06.06.4-768x546.jpg 768w, http:\/\/info.sadowne.pl\/wp-content\/uploads\/2024\/06\/2024.06.06.4.jpg 877w\" sizes=\"auto, (max-width: 300px) 100vw, 300px\" \/><\/a><\/p>\n<p><strong>\u0179r\u00f3d\u0142o:<\/strong> <a href=\"https:\/\/www.gov.pl\/web\/psse-wegrow\/akcja-letnia\" target=\"_blank\" rel=\"noopener\">https:\/\/www.gov.pl\/web\/psse-wegrow\/akcja-letnia<\/a><\/p>\n","protected":false},"excerpt":{"rendered":"<p>W ramach \u201eAkcji letniej\u201d o zasadach bezpiecznego wypoczynku informuje Powiatowa Stacja Sanitarno-Epidemiologiczna w W\u0119growie.<\/p>\n","protected":false},"author":1,"featured_media":0,"comment_status":"closed","ping_status":"closed","sticky":false,"template":"","format":"standard","meta":{"footnotes":""},"categories":[5,1,1408],"tags":[4147,285,4148,3381],"class_list":["post-29015","post","type-post","status-publish","format-standard","hentry","category-newsy","category-inne","category-zdrowie","tag-akcja-letnia","tag-bezpieczne-wakacje","tag-bezpieczny-wypoczynek","tag-powiatowa-stacja-sanitarno-epidemiologiczna-w-wegrowie"],"views":1509,"_links":{"self":[{"href":"http:\/\/info.sadowne.pl\/index.php?rest_route=\/wp\/v2\/posts\/29015","targetHints":{"allow":["GET"]}}],"collection":[{"href":"http:\/\/info.sadowne.pl\/index.php?rest_route=\/wp\/v2\/posts"}],"about":[{"href":"http:\/\/info.sadowne.pl\/index.php?rest_route=\/wp\/v2\/types\/post"}],"author":[{"embeddable":true,"href":"http:\/\/info.sadowne.pl\/index.php?rest_route=\/wp\/v2\/users\/1"}],"replies":[{"embeddable":true,"href":"http:\/\/info.sadowne.pl\/index.php?rest_route=%2Fwp%2Fv2%2Fcomments&post=29015"}],"version-history":[{"count":2,"href":"http:\/\/info.sadowne.pl\/index.php?rest_route=\/wp\/v2\/posts\/29015\/revisions"}],"predecessor-version":[{"id":29080,"href":"http:\/\/info.sadowne.pl\/index.php?rest_route=\/wp\/v2\/posts\/29015\/revisions\/29080"}],"wp:attachment":[{"href":"http:\/\/info.sadowne.pl\/index.php?rest_route=%2Fwp%2Fv2%2Fmedia&parent=29015"}],"wp:term":[{"taxonomy":"category","embeddable":true,"href":"http:\/\/info.sadowne.pl\/index.php?rest_route=%2Fwp%2Fv2%2Fcategories&post=29015"},{"taxonomy":"post_tag","embeddable":true,"href":"http:\/\/info.sadowne.pl\/index.php?rest_route=%2Fwp%2Fv2%2Ftags&post=29015"}],"curies":[{"name":"wp","href":"https:\/\/api.w.org\/{rel}","templated":true}]}}