{"id":29111,"date":"2024-07-01T14:28:23","date_gmt":"2024-07-01T12:28:23","guid":{"rendered":"http:\/\/info.sadowne.pl\/?p=29111"},"modified":"2024-07-01T14:28:23","modified_gmt":"2024-07-01T12:28:23","slug":"kronika-strazacka-24-30-06-2024","status":"publish","type":"post","link":"http:\/\/info.sadowne.pl\/?p=29111","title":{"rendered":"Kronika stra\u017cacka 24 &#8211; 30.06.2024"},"content":{"rendered":"<p><strong><a href=\"http:\/\/info.sadowne.pl\/wp-content\/uploads\/2023\/06\/straz3-scaled.jpg\"><img loading=\"lazy\" decoding=\"async\" class=\"alignleft size-thumbnail wp-image-27687\" src=\"http:\/\/info.sadowne.pl\/wp-content\/uploads\/2023\/06\/straz3-180x130.jpg\" alt=\"\" width=\"180\" height=\"130\" \/><\/a>W<\/strong><strong> okresie<\/strong> <strong>24 &#8211; 30.06.2024 na<\/strong><strong> terenie<\/strong><strong> powiatu<\/strong><strong> w\u0119growskiego<\/strong><strong> zanotowano: <\/strong><strong>45 zdarze\u0144,<\/strong><strong> przy<\/strong><strong> kt\u00f3rych<\/strong><strong> interweniowa\u0142y<\/strong><strong> jednostki<\/strong><strong> ochrony<\/strong><strong> przeciwpo\u017carowej, w tym:<\/strong> <strong>7 po\u017car\u00f3w, 34 miejscowe zagro\u017cenia, 3 alarmy \u00a0fa\u0142szywe.<\/strong><!--more--><\/p>\n<p><strong>27.06.2024 \u2013 W\u0119gr\u00f3w, ul. Obr\u0119bowa \u2013 \u00a0zderzenie dw\u00f3ch samochod\u00f3w osobowych.<\/strong><\/p>\n<p>Po zderzeniu 2 samochod\u00f3w osobowych jeden z nich wjecha\u0142 w ogrodzenie posesji obok skrzy\u017cowania. Osoby bior\u0105ce udzia\u0142 w zdarzeniu opu\u015bci\u0142y pojazdy przed przyjazdem zast\u0119p\u00f3w nie odnios\u0142y obra\u017ce\u0144. Dzia\u0142ania zast\u0119pu polega\u0142y na zabezpieczeniu miejsca zdarzenia, u\u017cyto sorbentu do neutralizacji substancji ropopochodnych wydostaj\u0105cych si\u0119 z pojazdu.<strong>\u00a0<\/strong><\/p>\n<p>W DZIA\u0141ANIACH RATOWNICZYCH UDZIA\u0141 BRA\u0141O: 2 zast\u0119py, 7 ratownik\u00f3w.<\/p>\n<p><strong>29.06.2024 \u2013 Ruchna, gm. Liw \u2013 po\u017car budynku gospodarczego.<\/strong><\/p>\n<p>Po\u017car\u00a0 budynku gospodarczo &#8211; gara\u017cowego, brak os\u00f3b poszkodowanych. Budynek sk\u0142ada\u0142 si\u0119 z po\u0142\u0105czonych konstrukcyjnie drewnianej stodo\u0142y oraz murowanej cz\u0119\u015bci gospodarczo &#8211; gara\u017cowej z wiat\u0105 (ta cz\u0119\u015b\u0107 by\u0142a obj\u0119ta po\u017carem). Dzia\u0142ania zast\u0119pu polega\u0142y na zabezpieczeniu miejsca zdarzenia, podaniu jednego pr\u0105du wody w natarciu na pal\u0105cy si\u0119 budynek gospodarczo-gara\u017cowy oraz pr\u0105du wody w obronie zbo\u017ca na polu bezpo\u015brednio z s\u0105siaduj\u0105cym z budynkiem. Prowadzone dzia\u0142ania doprowadzi\u0142y do lokalizacji po\u017caru. Nast\u0119pnie przyst\u0105piono do drobnych prac rozbi\u00f3rkowych zadaszenia z jednoczesnym dogaszaniem pal\u0105cego si\u0119 budynku. Z budynku zosta\u0142y wyniesione dwie butle &#8211; LPG oraz z gazem do migomatu.<\/p>\n<p>W DZIA\u0141ANIACH RATOWNICZYCH UDZIA\u0141 BRA\u0141O: 4 zast\u0119py, 17 ratownik\u00f3w.<\/p>\n<p><strong>W powy\u017cszym czasie JOP interweniowa\u0142y przy usuwaniu skutk\u00f3w silnego wiatru 17 interwencji zwi\u0105zanych z usuwaniem powalonych drzew, oraz usuwaniem gniazd owad\u00f3w (szerszeni i os) 9 interwencji.<\/strong><\/p>\n<p><strong>KP PSP W\u0119gr\u00f3w<\/strong><\/p>\n","protected":false},"excerpt":{"rendered":"<p>W okresie 24 &#8211; 30.06.2024 na terenie powiatu w\u0119growskiego zanotowano: 45 zdarze\u0144, przy kt\u00f3rych interweniowa\u0142y jednostki ochrony przeciwpo\u017carowej, w tym: 7 po\u017car\u00f3w, 34 miejscowe zagro\u017cenia, 3 alarmy \u00a0fa\u0142szywe.<\/p>\n","protected":false},"author":1,"featured_media":0,"comment_status":"closed","ping_status":"closed","sticky":false,"template":"","format":"standard","meta":{"footnotes":""},"categories":[5,4,267],"tags":[491,643],"class_list":["post-29111","post","type-post","status-publish","format-standard","hentry","category-newsy","category-policja-straz-pozarna-pogotowie-ratunkowe","category-straz-pozarna-policja-straz-pozarna-pogotowie-ratunkowe","tag-komenda-powiatowa-panstwowej-strazy-pozarnej-w-wegrowie","tag-kronika-strazacka"],"views":1461,"_links":{"self":[{"href":"http:\/\/info.sadowne.pl\/index.php?rest_route=\/wp\/v2\/posts\/29111","targetHints":{"allow":["GET"]}}],"collection":[{"href":"http:\/\/info.sadowne.pl\/index.php?rest_route=\/wp\/v2\/posts"}],"about":[{"href":"http:\/\/info.sadowne.pl\/index.php?rest_route=\/wp\/v2\/types\/post"}],"author":[{"embeddable":true,"href":"http:\/\/info.sadowne.pl\/index.php?rest_route=\/wp\/v2\/users\/1"}],"replies":[{"embeddable":true,"href":"http:\/\/info.sadowne.pl\/index.php?rest_route=%2Fwp%2Fv2%2Fcomments&post=29111"}],"version-history":[{"count":1,"href":"http:\/\/info.sadowne.pl\/index.php?rest_route=\/wp\/v2\/posts\/29111\/revisions"}],"predecessor-version":[{"id":29112,"href":"http:\/\/info.sadowne.pl\/index.php?rest_route=\/wp\/v2\/posts\/29111\/revisions\/29112"}],"wp:attachment":[{"href":"http:\/\/info.sadowne.pl\/index.php?rest_route=%2Fwp%2Fv2%2Fmedia&parent=29111"}],"wp:term":[{"taxonomy":"category","embeddable":true,"href":"http:\/\/info.sadowne.pl\/index.php?rest_route=%2Fwp%2Fv2%2Fcategories&post=29111"},{"taxonomy":"post_tag","embeddable":true,"href":"http:\/\/info.sadowne.pl\/index.php?rest_route=%2Fwp%2Fv2%2Ftags&post=29111"}],"curies":[{"name":"wp","href":"https:\/\/api.w.org\/{rel}","templated":true}]}}