{"id":29127,"date":"2024-07-07T19:59:34","date_gmt":"2024-07-07T17:59:34","guid":{"rendered":"http:\/\/info.sadowne.pl\/?p=29127"},"modified":"2024-07-07T19:59:34","modified_gmt":"2024-07-07T17:59:34","slug":"byl-to-juz-xi-bieg","status":"publish","type":"post","link":"http:\/\/info.sadowne.pl\/?p=29127","title":{"rendered":"By\u0142 to ju\u017c XI Bieg\u2026"},"content":{"rendered":"<p><a href=\"http:\/\/info.sadowne.pl\/wp-content\/uploads\/2024\/07\/2024.07.07.1.jpg\" target=\"_blank\" rel=\"noopener\"><img loading=\"lazy\" decoding=\"async\" class=\"alignleft wp-image-29128 size-thumbnail\" src=\"http:\/\/info.sadowne.pl\/wp-content\/uploads\/2024\/07\/2024.07.07.1-180x130.jpg\" alt=\"\" width=\"180\" height=\"130\" \/><\/a><\/p>\n<p><strong>W niedziel\u0119 7 lipca 2024 roku w Sadownem odby\u0142 si\u0119 XI Bieg i VII Marsz Nordic Walking ku czci b\u0142. ks. Edwarda Grzyma\u0142y. Met\u0119 jako pierwszy przekroczy\u0142 Kamil Skorupa, Klub UKS FILIPIDES TERESIN, Kornelin, z czasem 00:35:29:91.<\/strong><!--more--><\/p>\n<p><strong>Na starcie do dziewi\u0119ciokilometrowego marszu Nordic Walking stan\u0119\u0142o 20. zawodnik\u00f3w, a na d\u0142u\u017csz\u0105 o kilometr tras\u0119 biegu wyruszy\u0142o 105. mi\u0142o\u015bnik\u00f3w biegania.<\/strong> Rejestracj\u0105 i systemem elektronicznego pomiaru czasu podczas zawod\u00f3w zajmowa\u0142a si\u0119 firma Chiptiming.pl, kt\u00f3ra na swojej stronie internetowej prezentuje list\u0119 zawodnik\u00f3w i ostateczn\u0105 klasyfikacj\u0119 zawod\u00f3w.<\/p>\n<p><strong>G\u0142\u00f3wnym celem tej imprezy by\u0142o przybli\u017cenie uczestnikom postaci zamordowanego przez hitlerowc\u00f3w b\u0142ogos\u0142awionego ksi\u0119dza doktora Edwarda Grzyma\u0142y<\/strong>, ale te\u017c propagowanie zdrowego trybu \u017cycia w\u015br\u00f3d lokalnej spo\u0142eczno\u015bci, popularyzacja biegania i marszu Nordic Walking, jako najprostszych form rekreacji fizycznej oraz promocja Sadownego i Gminy Sadowne &#8211; miejsc atrakcyjnych dla zdrowego wypoczynku.<\/p>\n<p><strong>Organizatorami tegorocznej imprezy sportowej byli: <\/strong>Gmina Sadowne, Klub Sportowy \u201eWicher\u201d Sadowne, Gminny O\u015brodek Kultury w Sadownem i Lasy Pa\u0144stwowe &#8211; Nadle\u015bnictwo w \u0141ochowie. Wydarzenie zosta\u0142o dofinansowane ze \u015brodk\u00f3w z bud\u017cetu Samorz\u0105du Wojew\u00f3dztwa Mazowieckiego, do sponsoringu do\u0142\u0105czy\u0142a te\u017c w tym roku firma \u201eKompleksowa rejestracja pojazd\u00f3w krajowych i zagranicznych\u201d z W\u0119growa.<\/p>\n<p><strong>Impreza sportowa odby\u0142a si\u0119 7 lipca 2024 roku w Sadownem.<\/strong> Start: marsz o godz. 10.45, bieg o godz. 11.00. Start i meta zosta\u0142y usytuowane na polanie le\u015bnej przy wiacie Ko\u0142a \u0141owieckiego \u015bw. Huberta.<\/p>\n<p><strong>Przed rozpocz\u0119ciem zawod\u00f3w przedstawiciele Organizator\u00f3w upami\u0119tnili <\/strong>Patrona Biegu b\u0142. ks. Edwarda Grzyma\u0142\u0119 (w miejscu jego urodzin) oraz pomordowanych przez hitlerowc\u00f3w w czasie II wojny \u015bwiatowej mieszka\u0144c\u00f3w Gminy Sadowne narodowo\u015bci \u017cydowskiej i polskiej, pogrzebanych na tzw. Majdanie, zlokalizowanym nieopodal startu i mety Biegu.<\/p>\n<p><strong>Na wst\u0119pie kilka s\u0142\u00f3w o zawodach i obowi\u0105zuj\u0105cym regulaminie powiedzia\u0142 p. Tadeusz Danaj &#8211; przedstawiciel KS WICHER Sadowne, jednocze\u015bnie prowadz\u0105cy imprez\u0119. Nast\u0119pnie zawody oficjalnie otworzy\u0142 Zast\u0119pca W\u00f3jta Gminy Sadowne p. Marcin Gr\u0119da.<\/strong><\/p>\n<p>O 10.45 ruszyli zawodnicy marszu Nordic Walking, a po pi\u0119tnastu minutach biegacze. \u00a0Na miejscu pozostali tylko kibice, kt\u00f3rzy mieli okazj\u0119 zapozna\u0107 si\u0119 z wystaw\u0105 planszow\u0105 o historii sadowie\u0144skich bieg\u00f3w, wzi\u0105\u0107 udzia\u0142 w te\u015bcie wiedzy pod namiotem Nadle\u015bnictwa \u0141och\u00f3w, a tak\u017ce skorzysta\u0107 z posi\u0142ku przygotowanego przez pracownik\u00f3w Gminnego O\u015brodka Kultury w Sadownem: grillowanych kie\u0142basek, kanapek ze smalcem i kiszonym og\u00f3rkiem, wegetaria\u0144skich szasz\u0142yk\u00f3w, kawy czy herbaty, a tak\u017ce pysznych ciast.<\/p>\n<p>Zawodnikom natomiast przysz\u0142o upora\u0107 si\u0119 z dziesi\u0119ciokilometrow\u0105 piaszczyst\u0105 tras\u0105 i padaj\u0105cym deszczem, kt\u00f3ry swoj\u0105 intensywno\u015bci\u0105 zaskoczy\u0142 ich w ko\u0144cowej facie biegu i marszu. Bieg jako pierwszy uko\u0144czy\u0142 p. Kamil Skorupa z Kornelina, z czasem 00:35:29:91. Wszyscy zawodnicy po przekroczeniu mety otrzymali pami\u0105tkowe medale.<\/p>\n<p>Podsumowaniem tegorocznego Biegu i Marszu Nordic Walking by\u0142o uhonorowanie najlepszych zawodnik\u00f3w w klasyfikacjach open i wiekowych specjalnymi statuetkami. Wr\u0119czyli je przedstawiciele Organizator\u00f3w: p. Bogus\u0142aw Pi\u0105tek \u2013 Nadle\u015bniczy Nadle\u015bnictwa \u0141och\u00f3w, p. Ewa Pi\u00f3rkowska \u2013 Dyrektor Gminnego O\u015brodka Kultury w Sadownem i p. Marcin Gr\u0119da \u2013 Zast\u0119pca W\u00f3jta Gminy Sadowne.<\/p>\n<p><strong>A oto klasyfikacja najlepszych zawodnik\u00f3w tej imprezy sportowej:<\/strong><\/p>\n<p><strong><span style=\"color: #ff0000;\">BIEG \u2013 10 km\u00a0\u00a0\u00a0\u00a0\u00a0\u00a0\u00a0\u00a0\u00a0\u00a0\u00a0\u00a0<\/span>\u00a0\u00a0\u00a0\u00a0\u00a0\u00a0\u00a0\u00a0\u00a0\u00a0\u00a0\u00a0\u00a0\u00a0\u00a0\u00a0\u00a0\u00a0\u00a0\u00a0\u00a0\u00a0\u00a0\u00a0\u00a0\u00a0\u00a0\u00a0\u00a0\u00a0\u00a0\u00a0\u00a0\u00a0\u00a0\u00a0\u00a0\u00a0\u00a0\u00a0\u00a0\u00a0\u00a0\u00a0\u00a0\u00a0\u00a0\u00a0\u00a0\u00a0\u00a0\u00a0\u00a0\u00a0\u00a0\u00a0\u00a0\u00a0\u00a0\u00a0\u00a0 <\/strong><\/p>\n<p><strong>KOBIETY<\/strong><\/p>\n<p><strong>Klasyfikacja open:<\/strong><\/p>\n<p>I miejsce \u2013 Ewa Grybo\u015b, Warszawa<\/p>\n<p>II miejsce \u2013 Justyna Sienkiewicz, Siedlce<\/p>\n<p>III miejsce \u2013 Sylwia Kajdas, Koby\u0142ka<\/p>\n<p><strong>Klasyfikacja wiekowa 16 \u2013 29 lat<\/strong><\/p>\n<p>I miejsce \u2013 Zuzanna Sk\u0142adanek, Morzyczyn W\u0142o\u015bcia\u0144ski<\/p>\n<p>II miejsce \u2013 Urszula Soko\u0142owska, Zar\u0119by Ko\u015bcielne<\/p>\n<p><strong>Klasyfikacja wiekowa 30 \u2013 45 lat<\/strong><\/p>\n<p>I miejsce \u2013 Ewa Grybo\u015b, Warszawa<\/p>\n<p>II miejsce \u2013 Justyna Sienkiewicz, Siedlce<\/p>\n<p>III miejsce \u2013 Beata Rosi\u0144ska, Or\u0142o<\/p>\n<p><strong>Klasyfikacja wiekowa 46+<\/strong><\/p>\n<p>I miejsce \u2013 Sylwia Kajdas, Koby\u0142ka<\/p>\n<p>II miejsce \u2013 Agnieszka Brogowicz \u2013 St\u0119pniewska, Gr\u00f3jec<\/p>\n<p>III miejsce \u2013 Jola Jarczy\u0144ska \u2013 Dominik, W\u0119gr\u00f3w<\/p>\n<p><strong>M\u0118\u017bCZY\u0179NI<\/strong><\/p>\n<p><strong>Klasyfikacja open:<\/strong><\/p>\n<p>I miejsce \u2013 Kamil Skorupa, Kornelin<\/p>\n<p>II miejsce \u2013 Daniel Mikielski, Olsztynek<\/p>\n<p>III miejsce \u2013 Jakub Bielecki, Warszawa<\/p>\n<p><strong>Klasyfikacja wiekowa 16 \u2013 29 lat<\/strong><\/p>\n<p>I miejsce \u2013 Kamil Skorupa, Kornelin<\/p>\n<p>II miejsce \u2013 Marcin Tyszka, P\u0142atkownica<\/p>\n<p>III miejsce \u2013 Mateusz Skory, Warszawa<\/p>\n<p><strong>Klasyfikacja wiekowa 30 \u2013 45 lat<\/strong><\/p>\n<p>I miejsce \u2013 Daniel Mikielski, Olsztynek<\/p>\n<p>II miejsce \u2013 Jakub Bielecki, Warszawa<\/p>\n<p>III miejsce \u2013 Grzegorz \u015awi\u0119to\u0144, Strach\u00f3wka<\/p>\n<p><strong>Klasyfikacja wiekowa 46+<\/strong><\/p>\n<p>I miejsce \u2013 Tomasz Ga\u0142\u0105zka, P\u0142atkownica<\/p>\n<p>II miejsce \u2013 \u0141ukasz Kla\u015b, Warszawa<\/p>\n<p>III miejsce \u2013 Bart\u0142omiej Doma\u0144ski, Piaseczno<\/p>\n<p><span style=\"color: #ff0000;\"><strong>MARSZ NORDIC WALKING \u2013 ok. 9 km<\/strong><\/span><\/p>\n<p><strong>KOBIETY<\/strong><\/p>\n<p><strong>Klasyfikacja open:<\/strong><\/p>\n<p>I miejsce \u2013 Jolanta Zapa\u0142owska, Siedlce<\/p>\n<p>II miejsce \u2013 Agnieszka Rejowska, Waler\u00f3w<\/p>\n<p>III miejsce \u2013 Sylwia Ga\u0142\u0105zka, P\u0142atkownica<\/p>\n<p><strong>Klasyfikacja wiekowa do 45 lat<\/strong><\/p>\n<p>I miejsce \u2013 Agnieszka Rejowska, Waler\u00f3w<\/p>\n<p>II miejsce \u2013 Sylwia Ga\u0142\u0105zka, P\u0142atkownica<\/p>\n<p>III miejsce \u2013 Dorota Zacheja, Ma\u0142kinia G\u00f3rna<\/p>\n<p><strong>Klasyfikacja wiekowa 45+<\/strong><\/p>\n<p>I miejsce \u2013 Jolanta Zapa\u0142owska, Siedlce<\/p>\n<p>II miejsce \u2013 Agata S\u0119dek, Sadowne<\/p>\n<p>III miejsce \u2013 Dorota D\u0105bkowska, Wo\u0142omin<\/p>\n<p><strong>M\u0118ZCZY\u0179NI<\/strong><\/p>\n<p><strong>Klasyfikacja open:<\/strong><\/p>\n<p>I miejsce \u2013 Pawe\u0142 Kowalik, Z\u0105bki<\/p>\n<p>II miejsce \u2013 Rados\u0142aw Wypych, Legionowo<\/p>\n<p>III miejsce \u2013 Maurycy Rejowski, Soko\u0142\u00f3w Podlaski<\/p>\n<p><strong>Klasyfikacja wiekowa do 45 lat<\/strong><\/p>\n<p>I miejsce \u2013 Pawe\u0142 Kowalik, Z\u0105bki<\/p>\n<p><strong>Klasyfikacja wiekowa 45+<\/strong><\/p>\n<p>I miejsce \u2013 Rados\u0142aw Wypych, Legionowo<\/p>\n<p>II miejsce \u2013 Maurycy Rejowski, Soko\u0142\u00f3w Podlaski<\/p>\n<p>III miejsce \u2013 Daniel Czaja, Warszawa<\/p>\n<p><strong>Pe\u0142ne wyniki zawod\u00f3w na stronie Firmy Chiptiming.pl \u2013<\/strong><span style=\"color: #0000ff;\"><strong> <a style=\"color: #0000ff;\" href=\"http:\/\/www.chiptiming.pl\/pl\/zawody_szczegoly\/XI-Bieg-i-VII-Marsz-Nordic-Walking-Ku-Czci-Blogoslawionego-dr-E-Grzymaly\" target=\"_blank\" rel=\"noopener\">http:\/\/www.chiptiming.pl\/pl\/zawody_szczegoly\/XI-Bieg-i-VII-Marsz-Nordic-Walking-Ku-Czci-Blogoslawionego-dr-E-Grzymaly<\/a><\/strong><\/span><\/p>\n<p>Najlepszym zawodnikom w kategoriach open, pp.: Ewie Grybo\u015b, Kamilowi Skorupie, Jolancie Zapa\u0142owskiej i Paw\u0142owi Kowalikowi, puchary ufundowane przez Nadle\u015bnictwo w \u0141ochowie wr\u0119czy\u0142 p. Nadle\u015bniczy Bogus\u0142aw Pi\u0105tek.<\/p>\n<p>Po zawodach oczywi\u015bcie nie oby\u0142o si\u0119 bez regeneracji wyczerpanych organizm\u00f3w zawodnik\u00f3w, dlatego te\u017c Organizatorzy przygotowali dla nich ciep\u0142y posi\u0142ek, a na deser \u2013 jagodzianki od p. Ry\u015bka z Cukierni \u201eMarica\u201d w Sadownem. Zgodnie te\u017c z tradycj\u0105, uczestnicy zawod\u00f3w wzi\u0119li udzia\u0142 w losowaniu drobnych upomink\u00f3w ufundowanych przez Organizator\u00f3w. Na zako\u0144czenie przedstawiciele Organizator\u00f3w podsumowali zawody i podzi\u0119kowali ich uczestnikom.<\/p>\n<p>Za przygotowanie i bezproblemowy przebieg imprezy podzi\u0119kowania nale\u017c\u0105 si\u0119 tak\u017ce Organizatorom i Sponsorom, ale r\u00f3wnie\u017c wspieraj\u0105cym ich i bior\u0105cym udzia\u0142 w zabezpieczeniu imprezy pracownikom Gminnego O\u015brodka Kultury w Sadownem oraz druhom z Ochotniczej Stra\u017cy Po\u017carnej w Sadownem, kt\u00f3rzy brali czynny udzia\u0142 w przygotowaniu i zabezpieczeniu zawod\u00f3w oraz sprz\u0105taniu po ich zako\u0144czeniu.<\/p>\n<p><strong>W imieniu Organizator\u00f3w, zapraszamy ju\u017c teraz wszystkich mi\u0142o\u015bnik\u00f3w bieg\u00f3w na kolejne spotkanie \u2013 podczas Biegu i Marszu pn. \u201eNadbu\u017ca\u0144ska Sz\u00f3stka\u201d, kt\u00f3ry odb\u0119dzie si\u0119 w m. Ra\u017cny w ostatni\u0105 niedziel\u0119 sierpnia br. <\/strong>(prosz\u0119 \u015bledzi\u0107 zapowiedzi o zawodach).<\/p>\n<p><span style=\"color: #0000ff;\"><a style=\"color: #0000ff;\" href=\"https:\/\/photos.app.goo.gl\/edYbChQAjSxsEQUc7\" target=\"_blank\" rel=\"noopener\"><strong>Zdj\u0119cia \u2013 cz\u0119\u015b\u0107 I &gt;&gt;&gt;<\/strong><\/a><\/span><\/p>\n<p><span style=\"color: #0000ff;\"><a style=\"color: #0000ff;\" href=\"https:\/\/photos.app.goo.gl\/9cnqfGnnkPTKZWVH9\" target=\"_blank\" rel=\"noopener\"><strong>Zdj\u0119cia \u2013 cz\u0119\u015b\u0107 II &gt;&gt;&gt;<\/strong><\/a><\/span><\/p>\n<p><strong>Tekst: <\/strong>S\u0142awek Chyli\u0144ski<\/p>\n<p><strong>Foto:<\/strong> S\u0142awek Chyli\u0144ski\/Micha\u0142 K\u0105dziela<\/p>\n","protected":false},"excerpt":{"rendered":"<p>W niedziel\u0119 7 lipca 2024 roku w Sadownem odby\u0142 si\u0119 XI Bieg i VII Marsz Nordic Walking ku czci b\u0142. ks. Edwarda Grzyma\u0142y. Met\u0119 jako pierwszy przekroczy\u0142 Kamil Skorupa, Klub UKS FILIPIDES TERESIN, Kornelin, z czasem 00:35:29:91.<\/p>\n","protected":false},"author":1,"featured_media":0,"comment_status":"closed","ping_status":"closed","sticky":false,"template":"","format":"standard","meta":{"footnotes":""},"categories":[5,2135,3627,7],"tags":[1827,169,1161,1101,4129],"class_list":["post-29127","post","type-post","status-publish","format-standard","hentry","category-newsy","category-bieganie","category-nordic-walking","category-sport","tag-gmina-sadowne","tag-gminny-osrodek-kultury-w-sadownem","tag-klub-sportowy-wicher-sadowne","tag-nadlesnictwo-lochow","tag-xi-bieg-i-vii-marsz-nordic-walking-ku-czci-bl-e-grzymaly"],"views":2535,"_links":{"self":[{"href":"http:\/\/info.sadowne.pl\/index.php?rest_route=\/wp\/v2\/posts\/29127","targetHints":{"allow":["GET"]}}],"collection":[{"href":"http:\/\/info.sadowne.pl\/index.php?rest_route=\/wp\/v2\/posts"}],"about":[{"href":"http:\/\/info.sadowne.pl\/index.php?rest_route=\/wp\/v2\/types\/post"}],"author":[{"embeddable":true,"href":"http:\/\/info.sadowne.pl\/index.php?rest_route=\/wp\/v2\/users\/1"}],"replies":[{"embeddable":true,"href":"http:\/\/info.sadowne.pl\/index.php?rest_route=%2Fwp%2Fv2%2Fcomments&post=29127"}],"version-history":[{"count":1,"href":"http:\/\/info.sadowne.pl\/index.php?rest_route=\/wp\/v2\/posts\/29127\/revisions"}],"predecessor-version":[{"id":29129,"href":"http:\/\/info.sadowne.pl\/index.php?rest_route=\/wp\/v2\/posts\/29127\/revisions\/29129"}],"wp:attachment":[{"href":"http:\/\/info.sadowne.pl\/index.php?rest_route=%2Fwp%2Fv2%2Fmedia&parent=29127"}],"wp:term":[{"taxonomy":"category","embeddable":true,"href":"http:\/\/info.sadowne.pl\/index.php?rest_route=%2Fwp%2Fv2%2Fcategories&post=29127"},{"taxonomy":"post_tag","embeddable":true,"href":"http:\/\/info.sadowne.pl\/index.php?rest_route=%2Fwp%2Fv2%2Ftags&post=29127"}],"curies":[{"name":"wp","href":"https:\/\/api.w.org\/{rel}","templated":true}]}}