{"id":29182,"date":"2024-07-16T10:08:25","date_gmt":"2024-07-16T08:08:25","guid":{"rendered":"http:\/\/info.sadowne.pl\/?p=29182"},"modified":"2024-07-16T10:08:25","modified_gmt":"2024-07-16T08:08:25","slug":"kronika-strazacka-08-14-07-2024","status":"publish","type":"post","link":"http:\/\/info.sadowne.pl\/?p=29182","title":{"rendered":"Kronika stra\u017cacka 08 \u2013 14.07.2024"},"content":{"rendered":"<p><strong><a href=\"http:\/\/info.sadowne.pl\/wp-content\/uploads\/2023\/06\/straz3-scaled.jpg\"><img loading=\"lazy\" decoding=\"async\" class=\"alignleft size-thumbnail wp-image-27687\" src=\"http:\/\/info.sadowne.pl\/wp-content\/uploads\/2023\/06\/straz3-180x130.jpg\" alt=\"\" width=\"180\" height=\"130\" \/><\/a>W<\/strong><strong> okresie<\/strong><strong> 08 &#8211; 14.07.2024 na<\/strong><strong> terenie<\/strong><strong> powiatu<\/strong><strong> w\u0119growskiego<\/strong><strong> zanotowano: <\/strong><strong>111 zdarze\u0144,<\/strong><strong> przy<\/strong><strong> kt\u00f3rych<\/strong><strong> interweniowa\u0142y<\/strong><strong> jednostki<\/strong><strong> ochrony<\/strong><strong> przeciwpo\u017carowej, w tym:<\/strong><strong> 4 po\u017cary, 103 miejscowe zagro\u017cenia, 4 alarmy \u00a0fa\u0142szywe.<\/strong><!--more--><\/p>\n<p><strong>08.07.2024 \u2013 Barch\u00f3w, gm. \u0141och\u00f3w \u2013 \u00a0zabezpieczenie l\u0105dowania LPR.<\/strong><\/p>\n<p>Do SKKP w W\u0119growie wp\u0142yn\u0119\u0142a formatka CPR o tre\u015bci: &#8222;DY\u017bURNY PKP ZG\u0141 POTR\u0104CENIE OSOBY PRZEZ POCI\u0104G NA WYSOKOSCI MIEJSCOWO\u015aCI BARCH\u00d3W. Zabezpieczenie miejsca l\u0105dowania \u015bmig\u0142owca LPR&#8221;. Do zdarzenia zosta\u0142 zadysponowany zast\u0119p JRG W\u0119gr\u00f3w (Posterunek Ostr\u00f3wek) oraz zast\u0119p GCBA-Rt 5\/36 OSP \u0141och\u00f3w, ul. W\u0119growska. Podczas dojazdu zast\u0119p\u00f3w zosta\u0142 zamkni\u0119ty szlaban przed torami w miejscowo\u015bci Barch\u00f3w, po podniesieniu zast\u0119py kontynuowa\u0142y dojazd do miejsca zdarzenia. Po przybyciu na miejsce zdarzenia zast\u0119p\u00f3w KDR JRG podaje: &#8222;Potr\u0105cenie m\u0119\u017cczyzny przez poci\u0105g, ZRM, Policja na miejscu, LPR w\u0142a\u015bnie dolatuje. SiS wystarczaj\u0105ce&#8221;. Dzia\u0142ania zast\u0119p\u00f3w polega\u0142y na: zabezpieczeniu miejsca zdarzenia, zabezpieczeniu l\u0105dowiska dla LPR na pobliskiej \u0142\u0105ce, oraz niedopuszczeniu os\u00f3b postronnych do wtargni\u0119cia na torowisko. Dzia\u0142ania medyczne wykonywane by\u0142y przez ZRM, LPR po rozpoznaniu i stwierdzeniu braku potrzeby podj\u0119cia czynno\u015bci odlecia\u0142 z miejsca dzia\u0142a\u0144. Poszkodowany m\u0119\u017cczyzna po opatrzeniu na miejscu zosta\u0142 zwolniony do domu. Na tym dzia\u0142ania zako\u0144czono.<\/p>\n<p>W DZIA\u0141ANIACH RATOWNICZYCH UDZIA\u0141 BRA\u0141O: 2 zast\u0119py, 8 ratownik\u00f3w.<\/p>\n<p><strong>09.07.2024 \u2013 Kopcie, gm. Gr\u0119bk\u00f3w \u2013 po\u017car nieu\u017cytk\u00f3w.<\/strong><strong>\u00a0<\/strong><\/p>\n<p>Do SKKP wp\u0142yn\u0119\u0142a formatka z CPR o tre\u015bci &#8222;Po\u017car transformatora, zaj\u0105\u0142 si\u0119 las obok, wida\u0107 p\u0142omie\u0144 i dym, brak os\u00f3b poszkodowanych&#8221;. SK do zdarzenia zadysponowa\u0142 zast\u0119p JRG GCBA 5\/32 oraz pobliskie zast\u0119py OSP. Po przybyciu na miejsce zdarzenia zast\u0119pu OSP Sucha, stra\u017cacy stwierdzili, \u017ce pali si\u0119 trawa na powierzchni ok. 3 m2 przy s\u0142upie energetycznym, na kt\u00f3rym znajduje si\u0119 transformator. Na miejscu zdarzenia obecne pogotowie energetyczne, brak os\u00f3b poszkodowanych. Po\u017car powsta\u0142 prawdopodobnie od iskrzenia linii energetycznej, kt\u00f3re powsta\u0142o wskutek uderzania linii o ga\u0142\u0105\u017a. Osoba zg\u0142aszaj\u0105ca zdarzenie podj\u0119\u0142a pr\u00f3b\u0119 ugaszenia pal\u0105cej si\u0119 trawy ga\u015bnic\u0105 proszkow\u0105, co uniemo\u017cliwi\u0142o rozprzestrzenienie si\u0119 po\u017caru na pobliski las oraz zbo\u017ce. Dzia\u0142ania zast\u0119pu OSP polega\u0142y na zabezpieczeniu miejsca zdarzenia, a nast\u0119pnie dogaszeniu zarzewi ognia przy pomocy sprz\u0119tu burz\u0105cego, co doprowadzi\u0142o do zlikwidowania po\u017caru. Prowadzone dzia\u0142ania wspar\u0142y zast\u0119py OSP Gr\u0119bk\u00f3w i JRG. Na tym dzia\u0142ania zako\u0144czono. Po zako\u0144czonych dzia\u0142aniach pogotowie energetyczne w\u0142\u0105czy\u0142o pr\u0105d w linii napowietrznej.<\/p>\n<p>W DZIA\u0141ANIACH RATOWNICZYCH UDZIA\u0141 BRA\u0141O: 3 zast\u0119py, 15 ratownik\u00f3w.<\/p>\n<p><strong>11.07.2024 \u2013 Laski, gm. \u0141och\u00f3w \u2013 po\u017car kombajnu.<\/strong><\/p>\n<p>Do SKKP w W\u0119growie wp\u0142yn\u0119\u0142a formatka CPR o tre\u015bci: &#8222;PO\u017bAR KOMBAJNU NA POLU, JEST W ZBO\u017bU W REJONIE REMIZY&#8221;. Do zdarzenia zosta\u0142y zadysponowane zast\u0119py: JRG W\u0119gr\u00f3w (Posterunek Ostr\u00f3wek), OSP Laski oraz OSP \u0141och\u00f3w ul. W\u0119growska. Na miejscu okaza\u0142o si\u0119, \u017ce z kombajnu stoj\u0105cym na polu \u00a0wydobywa si\u0119 z niego dym, brak widocznych p\u0142omieni, brak os\u00f3b poszkodowanych. Dzia\u0142ania zast\u0119pu polega\u0142y na zabezpieczeniu miejsca zdarzenia, podaniu jednego pr\u0105du wody oraz u\u017cyciu ga\u015bnicy proszkowej 6kg na pal\u0105ce si\u0119 elementy instalacji kombajnu. Pozosta\u0142e przyby\u0142e na miejsce zast\u0119py wspar\u0142y powy\u017csze dzia\u0142ania oraz dodatkowo poda\u0142y drugi pr\u0105d wody na po\u017car.\u00a0 Dzia\u0142ania prowadzone by\u0142y z powierzchni ziemi oraz drabin przystawnych nasadkowych, dodatkowo rozgrzane elementy maszyny kontrolowane by\u0142y przy pomocy kamery termowizyjnej oraz dora\u017anie sch\u0142adzane wod\u0105. Dzia\u0142ania te, doprowadzi\u0142y do lokalizacji oraz ugaszenia po\u017caru. Na tym dzia\u0142ania zako\u0144czono.<\/p>\n<p>W DZIA\u0141ANIACH RATOWNICZYCH UDZIA\u0141 BRA\u0141O: 3 zast\u0119py, 14 ratownik\u00f3w.<\/p>\n<p><strong>W powy\u017cszym czasie JOP interweniowa\u0142y przy usuwaniu skutk\u00f3w silnego wiatru:<\/strong><\/p>\n<p><strong>&#8211; 14 interwencji zwi\u0105zanych z zerwanymi i uszkodzonymi dachami. Najwi\u0119cej interwencji by\u0142o na gminie Gr\u0119bk\u00f3w w miejscowo\u015bci: Polk\u00f3w Saga\u0142y i Suchod\u00f3\u0142.\u00a0 <\/strong><\/p>\n<p><strong>&#8211; 57 interwencji zwi\u0105zanych z usuwaniem powalonych drzew, po\u0142amanych ga\u0142\u0119zi i konar\u00f3w.<\/strong><\/p>\n<p><strong>KP PSP W\u0119gr\u00f3w<\/strong><\/p>\n","protected":false},"excerpt":{"rendered":"<p>W okresie 08 &#8211; 14.07.2024 na terenie powiatu w\u0119growskiego zanotowano: 111 zdarze\u0144, przy kt\u00f3rych interweniowa\u0142y jednostki ochrony przeciwpo\u017carowej, w tym: 4 po\u017cary, 103 miejscowe zagro\u017cenia, 4 alarmy \u00a0fa\u0142szywe.<\/p>\n","protected":false},"author":1,"featured_media":0,"comment_status":"closed","ping_status":"closed","sticky":false,"template":"","format":"standard","meta":{"footnotes":""},"categories":[5,4,267],"tags":[491,643],"class_list":["post-29182","post","type-post","status-publish","format-standard","hentry","category-newsy","category-policja-straz-pozarna-pogotowie-ratunkowe","category-straz-pozarna-policja-straz-pozarna-pogotowie-ratunkowe","tag-komenda-powiatowa-panstwowej-strazy-pozarnej-w-wegrowie","tag-kronika-strazacka"],"views":1465,"_links":{"self":[{"href":"http:\/\/info.sadowne.pl\/index.php?rest_route=\/wp\/v2\/posts\/29182","targetHints":{"allow":["GET"]}}],"collection":[{"href":"http:\/\/info.sadowne.pl\/index.php?rest_route=\/wp\/v2\/posts"}],"about":[{"href":"http:\/\/info.sadowne.pl\/index.php?rest_route=\/wp\/v2\/types\/post"}],"author":[{"embeddable":true,"href":"http:\/\/info.sadowne.pl\/index.php?rest_route=\/wp\/v2\/users\/1"}],"replies":[{"embeddable":true,"href":"http:\/\/info.sadowne.pl\/index.php?rest_route=%2Fwp%2Fv2%2Fcomments&post=29182"}],"version-history":[{"count":1,"href":"http:\/\/info.sadowne.pl\/index.php?rest_route=\/wp\/v2\/posts\/29182\/revisions"}],"predecessor-version":[{"id":29183,"href":"http:\/\/info.sadowne.pl\/index.php?rest_route=\/wp\/v2\/posts\/29182\/revisions\/29183"}],"wp:attachment":[{"href":"http:\/\/info.sadowne.pl\/index.php?rest_route=%2Fwp%2Fv2%2Fmedia&parent=29182"}],"wp:term":[{"taxonomy":"category","embeddable":true,"href":"http:\/\/info.sadowne.pl\/index.php?rest_route=%2Fwp%2Fv2%2Fcategories&post=29182"},{"taxonomy":"post_tag","embeddable":true,"href":"http:\/\/info.sadowne.pl\/index.php?rest_route=%2Fwp%2Fv2%2Ftags&post=29182"}],"curies":[{"name":"wp","href":"https:\/\/api.w.org\/{rel}","templated":true}]}}