{"id":29184,"date":"2024-07-16T14:46:38","date_gmt":"2024-07-16T12:46:38","guid":{"rendered":"http:\/\/info.sadowne.pl\/?p=29184"},"modified":"2024-07-16T14:46:38","modified_gmt":"2024-07-16T12:46:38","slug":"co-wiemy-o-czerniaku-skory","status":"publish","type":"post","link":"http:\/\/info.sadowne.pl\/?p=29184","title":{"rendered":"Co wiemy o czerniaku sk\u00f3ry?"},"content":{"rendered":"<p><strong><a href=\"http:\/\/info.sadowne.pl\/wp-content\/uploads\/2024\/07\/2024.07.16.1.jpg\"><img loading=\"lazy\" decoding=\"async\" class=\"alignleft size-thumbnail wp-image-29185\" src=\"http:\/\/info.sadowne.pl\/wp-content\/uploads\/2024\/07\/2024.07.16.1-180x130.jpg\" alt=\"\" width=\"180\" height=\"130\" \/><\/a>Lato, wakacje, upa\u0142y! Na co zwraca\u0107 uwag\u0119? Powiatowa Stacja Sanitarno &#8211; Epidemiologiczna w W\u0119growie informuje.<\/strong><!--more--><\/p>\n<p><a href=\"http:\/\/info.sadowne.pl\/wp-content\/uploads\/2024\/07\/2024.07.16.1.jpg\"><img loading=\"lazy\" decoding=\"async\" class=\"aligncenter size-full wp-image-29185\" src=\"http:\/\/info.sadowne.pl\/wp-content\/uploads\/2024\/07\/2024.07.16.1.jpg\" alt=\"\" width=\"607\" height=\"851\" srcset=\"http:\/\/info.sadowne.pl\/wp-content\/uploads\/2024\/07\/2024.07.16.1.jpg 607w, http:\/\/info.sadowne.pl\/wp-content\/uploads\/2024\/07\/2024.07.16.1-214x300.jpg 214w\" sizes=\"auto, (max-width: 607px) 100vw, 607px\" \/><\/a><\/p>\n<p><a href=\"http:\/\/info.sadowne.pl\/wp-content\/uploads\/2024\/07\/2024.07.16.2.jpg\"><img loading=\"lazy\" decoding=\"async\" class=\"aligncenter size-full wp-image-29186\" src=\"http:\/\/info.sadowne.pl\/wp-content\/uploads\/2024\/07\/2024.07.16.2.jpg\" alt=\"\" width=\"606\" height=\"852\" srcset=\"http:\/\/info.sadowne.pl\/wp-content\/uploads\/2024\/07\/2024.07.16.2.jpg 606w, http:\/\/info.sadowne.pl\/wp-content\/uploads\/2024\/07\/2024.07.16.2-213x300.jpg 213w\" sizes=\"auto, (max-width: 606px) 100vw, 606px\" \/><\/a><\/p>\n","protected":false},"excerpt":{"rendered":"<p>Lato, wakacje, upa\u0142y! Na co zwraca\u0107 uwag\u0119? Powiatowa Stacja Sanitarno &#8211; Epidemiologiczna w W\u0119growie informuje.<\/p>\n","protected":false},"author":1,"featured_media":0,"comment_status":"closed","ping_status":"closed","sticky":false,"template":"","format":"standard","meta":{"footnotes":""},"categories":[5,1,1406,1408],"tags":[4170,3381,1901],"class_list":["post-29184","post","type-post","status-publish","format-standard","hentry","category-newsy","category-inne","category-czy-wiesz","category-zdrowie","tag-czerniak-skory","tag-powiatowa-stacja-sanitarno-epidemiologiczna-w-wegrowie","tag-zdrowie"],"views":1589,"_links":{"self":[{"href":"http:\/\/info.sadowne.pl\/index.php?rest_route=\/wp\/v2\/posts\/29184","targetHints":{"allow":["GET"]}}],"collection":[{"href":"http:\/\/info.sadowne.pl\/index.php?rest_route=\/wp\/v2\/posts"}],"about":[{"href":"http:\/\/info.sadowne.pl\/index.php?rest_route=\/wp\/v2\/types\/post"}],"author":[{"embeddable":true,"href":"http:\/\/info.sadowne.pl\/index.php?rest_route=\/wp\/v2\/users\/1"}],"replies":[{"embeddable":true,"href":"http:\/\/info.sadowne.pl\/index.php?rest_route=%2Fwp%2Fv2%2Fcomments&post=29184"}],"version-history":[{"count":1,"href":"http:\/\/info.sadowne.pl\/index.php?rest_route=\/wp\/v2\/posts\/29184\/revisions"}],"predecessor-version":[{"id":29187,"href":"http:\/\/info.sadowne.pl\/index.php?rest_route=\/wp\/v2\/posts\/29184\/revisions\/29187"}],"wp:attachment":[{"href":"http:\/\/info.sadowne.pl\/index.php?rest_route=%2Fwp%2Fv2%2Fmedia&parent=29184"}],"wp:term":[{"taxonomy":"category","embeddable":true,"href":"http:\/\/info.sadowne.pl\/index.php?rest_route=%2Fwp%2Fv2%2Fcategories&post=29184"},{"taxonomy":"post_tag","embeddable":true,"href":"http:\/\/info.sadowne.pl\/index.php?rest_route=%2Fwp%2Fv2%2Ftags&post=29184"}],"curies":[{"name":"wp","href":"https:\/\/api.w.org\/{rel}","templated":true}]}}