{"id":29248,"date":"2024-08-14T17:50:32","date_gmt":"2024-08-14T15:50:32","guid":{"rendered":"http:\/\/info.sadowne.pl\/?p=29248"},"modified":"2024-08-14T17:50:32","modified_gmt":"2024-08-14T15:50:32","slug":"policja-informuje","status":"publish","type":"post","link":"http:\/\/info.sadowne.pl\/?p=29248","title":{"rendered":"Policja informuje!"},"content":{"rendered":"<div class=\"head\">\n<p class=\"intro\"><strong><a href=\"http:\/\/info.sadowne.pl\/wp-content\/uploads\/2015\/04\/komisariat-3.jpg\"><img loading=\"lazy\" decoding=\"async\" class=\"alignleft size-thumbnail wp-image-8553\" src=\"http:\/\/info.sadowne.pl\/wp-content\/uploads\/2015\/04\/komisariat-3-180x130.jpg\" alt=\"\" width=\"180\" height=\"130\" \/><\/a>W ostatnich dniach na terenie powiatu w\u0119growskiego dosz\u0142o do kolejnych zdarze\u0144 drogowych z udzia\u0142em zwierz\u0105t. Policjanci apeluj\u0105 o ostro\u017cno\u015b\u0107.<\/strong><\/p>\n<\/div>\n<p><!--more--><\/p>\n<div class=\"zdjecia gallery-pion-right\">\n<div class=\"clear\">10.08.2024 r. w miejscowo\u015bci Szumin 24-letni kieruj\u0105cy pojazdem marki Toyota na drodze jedno jezdniowej dwukierunkowej podczas wykonywania manewru wymijania motoroweru marki Znen, kt\u00f3rym kierowa\u0142 69-latek w rejonie skrzy\u017cowania zjecha\u0142 na przeciwleg\u0142y pas ruchu, gdzie dosz\u0142o do zderzenia czo\u0142owego. Post\u0119powanie prowadzi KP \u0141och\u00f3w.<\/div>\n<\/div>\n<p>10.08.2024 r. w miejscowo\u015bci Czerwonka 23-letni kieruj\u0105cy pojazdem marki Audi zderzy\u0142 si\u0119 z sarn\u0105, kt\u00f3ra wyskoczy\u0142a z pobocza. Nikt nie dozna\u0142 \u017cadnych obra\u017ce\u0144.<\/p>\n<p>09 sierpnia 2024 r. na trasie W697 w rejonie miejscowo\u015bci Trzebucza dosz\u0142o do kolizji pojazdu Honda z sarn\u0105. Kieruj\u0105cy nie dozna\u0142 obra\u017ce\u0144, sarna pad\u0142a na miejscu.<\/p>\n<p>Tego samego dnia w miejscowo\u015bci W\u0119gr\u00f3w kieruj\u0105cy rowerem 13-letni rowerzysta wyjecha\u0142 na przej\u015bcie dla pieszych gdzie zderzy\u0142 si\u0119 z jad\u0105cym pojazdem marki BMW, kt\u00f3rym kierowa\u0142 40-letni m\u0119\u017cczyzna. Nikt nie dozna\u0142 \u017cadnych obra\u017ce\u0144.<\/p>\n<p>09.08.2024 r. w miejscowo\u015bci \u0141och\u00f3w 34-letnia kieruj\u0105ca pojazdem marki Volkswagen nie zachowa\u0142a szczeg\u00f3lnej ostro\u017cno\u015bci podczas wykonywania manewru cofania i uderzy\u0142a w pojazd marki Subaru kierowanym przez mieszka\u0144ca pow. w\u0119growskiego. Nikt nie dozna\u0142 \u017cadnych obra\u017ce\u0144.<\/p>\n<p>08 sierpnia 2024 r. w miejscowo\u015bci W\u0119gr\u00f3w mieszkaniec powiatu w\u0119growskiego kieruj\u0105c pojazdem marki Skoda nie zachowa\u0142 bezpiecznego odst\u0119pu od poprzedzaj\u0105cego go pojazdu marki VW w wyniku czego uderzy\u0142 go w ty\u0142. Nikt nie dozna\u0142 \u017cadnych obra\u017ce\u0144.<\/p>\n<p>6 sierpnia 2024 r. w miejscowo\u015bci Baczki mieszkanka pow. w\u0119growskiego jad\u0105c pojazdem marki Kia uderzy\u0142a w sarn\u0119, kt\u00f3ra wyskoczy\u0142a przed jej pojazd. Nikt nie dozna\u0142 \u017cadnych obra\u017ce\u0144.<\/p>\n<p>05.08.2024 roku w miejscowo\u015bci Sadowne na DK-50 52-letni kieruj\u0105cy pojazdem ci\u0119\u017carowym marki Daf zespolonym z naczep\u0105 marki MEGA w rejonie skrzy\u017cowania nie zachowa\u0142 bezpiecznej odleg\u0142o\u015bci od poprzedzaj\u0105cego go pojazdu marki Mercedes najecha\u0142 na ty\u0142 tego pojazdu, kt\u00f3ry nast\u0119pnie najecha\u0142 na ty\u0142 pojazdu marki VW. Dwie osoby zosta\u0142y przetransportowane do szpitali. Post\u0119powanie prowadzi KP w \u0141ochowie.<\/p>\n<p>sier\u017c. szt. Rafa\u0142 Ba\u0142dyga<\/p>\n","protected":false},"excerpt":{"rendered":"<p>W ostatnich dniach na terenie powiatu w\u0119growskiego dosz\u0142o do kolejnych zdarze\u0144 drogowych z udzia\u0142em zwierz\u0105t. Policjanci apeluj\u0105 o ostro\u017cno\u015b\u0107.<\/p>\n","protected":false},"author":1,"featured_media":0,"comment_status":"closed","ping_status":"closed","sticky":false,"template":"","format":"standard","meta":{"footnotes":""},"categories":[5,266,4],"tags":[261,3174],"class_list":["post-29248","post","type-post","status-publish","format-standard","hentry","category-newsy","category-policja-policja-straz-pozarna-pogotowie-ratunkowe","category-policja-straz-pozarna-pogotowie-ratunkowe","tag-komenda-powiatowa-policji-w-wegrowie","tag-kronika-policyjna"],"views":1682,"_links":{"self":[{"href":"http:\/\/info.sadowne.pl\/index.php?rest_route=\/wp\/v2\/posts\/29248","targetHints":{"allow":["GET"]}}],"collection":[{"href":"http:\/\/info.sadowne.pl\/index.php?rest_route=\/wp\/v2\/posts"}],"about":[{"href":"http:\/\/info.sadowne.pl\/index.php?rest_route=\/wp\/v2\/types\/post"}],"author":[{"embeddable":true,"href":"http:\/\/info.sadowne.pl\/index.php?rest_route=\/wp\/v2\/users\/1"}],"replies":[{"embeddable":true,"href":"http:\/\/info.sadowne.pl\/index.php?rest_route=%2Fwp%2Fv2%2Fcomments&post=29248"}],"version-history":[{"count":1,"href":"http:\/\/info.sadowne.pl\/index.php?rest_route=\/wp\/v2\/posts\/29248\/revisions"}],"predecessor-version":[{"id":29249,"href":"http:\/\/info.sadowne.pl\/index.php?rest_route=\/wp\/v2\/posts\/29248\/revisions\/29249"}],"wp:attachment":[{"href":"http:\/\/info.sadowne.pl\/index.php?rest_route=%2Fwp%2Fv2%2Fmedia&parent=29248"}],"wp:term":[{"taxonomy":"category","embeddable":true,"href":"http:\/\/info.sadowne.pl\/index.php?rest_route=%2Fwp%2Fv2%2Fcategories&post=29248"},{"taxonomy":"post_tag","embeddable":true,"href":"http:\/\/info.sadowne.pl\/index.php?rest_route=%2Fwp%2Fv2%2Ftags&post=29248"}],"curies":[{"name":"wp","href":"https:\/\/api.w.org\/{rel}","templated":true}]}}