{"id":29488,"date":"2024-10-08T20:53:29","date_gmt":"2024-10-08T18:53:29","guid":{"rendered":"http:\/\/info.sadowne.pl\/?p=29488"},"modified":"2024-10-08T20:53:29","modified_gmt":"2024-10-08T18:53:29","slug":"zsp-sadowne-swietowalo","status":"publish","type":"post","link":"http:\/\/info.sadowne.pl\/?p=29488","title":{"rendered":"ZSP Sadowne \u015bwi\u0119towa\u0142o!"},"content":{"rendered":"<p><a href=\"http:\/\/info.sadowne.pl\/wp-content\/uploads\/2024\/10\/2024.10.08.1.jpg\" target=\"_blank\" rel=\"noopener\"><img loading=\"lazy\" decoding=\"async\" class=\"alignleft wp-image-29489 size-thumbnail\" src=\"http:\/\/info.sadowne.pl\/wp-content\/uploads\/2024\/10\/2024.10.08.1-180x130.jpg\" alt=\"\" width=\"180\" height=\"130\" \/><\/a><\/p>\n<p><strong>8 pa\u017adziernika 2024 roku Zesp\u00f3\u0142 Szk\u00f3\u0142 Ponadpodstawowych w Sadownem \u015bwi\u0119towa\u0142 Dzie\u0144 Edukacji Narodowej i Dzie\u0144 Papieski.<\/strong><!--more--><\/p>\n<p>Tylko przypomnimy:<\/p>\n<p>&#8211; Dzie\u0144 Edukacji Narodowej \u2013 polskie \u015bwi\u0119to o\u015bwiaty i szkolnictwa wy\u017cszego ustanowione w 1972 roku, okre\u015blone ustaw\u0105 <em>Karta praw i obowi\u0105zk\u00f3w nauczyciela<\/em> jako Dzie\u0144 Nauczyciela. Od 1982 roku na mocy ustawy Karta Nauczyciela obchodzone jako Dzie\u0144 Edukacji Narodowej. Upami\u0119tnia rocznic\u0119 powstania Komisji Edukacji Narodowej, kt\u00f3ra zosta\u0142a utworzona z inicjatywy kr\u00f3la Stanis\u0142awa II Augusta Poniatowskiego i zrealizowana przez Sejm Rozbiorowy w dniu 14 pa\u017adziernika 1773 roku. Potocznie dzie\u0144 ten nadal zwany jest Dniem Nauczyciela.<\/p>\n<p>&#8211; Dzie\u0144 Papie\u017ca Jana Paw\u0142a II \u2013 polskie \u015bwi\u0119to obchodzone co roku 16 pa\u017adziernika, ustanowione przez Sejm Rzeczypospolitej Polskiej w ho\u0142dzie papie\u017cowi Polakowi Janowi Paw\u0142owi II. R\u00f3wnolegle obchodzony jest przez Ko\u015bci\u00f3\u0142 katolicki w Polsce Dzie\u0144 Papieski, przypadaj\u0105cy w niedziel\u0119 bezpo\u015brednio poprzedzaj\u0105c\u0105 rocznic\u0119 wyboru Karola Wojty\u0142y na papie\u017ca \u2013 w tym roku jest to 13 pa\u017adziernika.<\/p>\n<p>W Zespole Szk\u00f3\u0142 Ponadpodstawowych w Sadownem postanowiono zorganizowa\u0107 8 pa\u017adziernika br. uroczysto\u015b\u0107, podczas kt\u00f3rej uczczone zostan\u0105 jednocze\u015bnie dwa wymienione \u015bwi\u0119ta. Spotkanie w sali gimnastycznej szko\u0142y rozpocz\u0119to wprowadzeniem sztandaru i od\u015bpiewaniem hymnu pa\u0144stwowego. Przyby\u0142ych powita\u0142 Dyrektor Zespo\u0142u Szk\u00f3\u0142 Ponadpodstawowych w Sadownem p. S\u0142awomir Ryszawa, przekazuj\u0105c najserdeczniejsze \u017cyczenia bohaterom tej uroczysto\u015bci: nauczycielom, pracownikom szko\u0142y i jej emerytom. Na zaproszenie p. Dyrektora w uroczysto\u015bci wzi\u0119li udzia\u0142 emerytowani nauczyciele tej plac\u00f3wki o\u015bwiatowej: p. Maria Nowakowska, p. Henryk Zy\u015bk i p. Krzysztof K\u0105dziela.<\/p>\n<p>Jak stwierdzi\u0142 p. Dyrektor, Dzie\u0144 Edukacji Narodowej jest te\u017c okazj\u0105 do wyr\u00f3\u017cnienia nauczycieli za ich prac\u0119 i osi\u0105gni\u0119cia. W tym roku wyr\u00f3\u017cnieni pedagodzy otrzymali na uroczysto\u015bci zaproszenia do wzi\u0119cia udzia\u0142u za kilka dni w powiatowych obchodach Dnia Nauczyciela, gdzie wr\u0119czono im zostan\u0105 nagrody Dyrektora ZSP Sadowne oraz Starosty Powiatowego w W\u0119growie (szczeg\u00f3\u0142y wkr\u00f3tce).<\/p>\n<p>Nast\u0119pnie uczniowie podzi\u0119kowali \u201ebohaterom\u201d uroczysto\u015bci i z\u0142o\u017cyli im \u017cyczenia, przygotowuj\u0105c i prezentuj\u0105c pod okiem p. Marty Osman, p. Kamila Kie\u0142ka i ks. Krzysztofa Rzepczy\u0144skiego s\u0142owno \u2013 muzyczn\u0105 cz\u0119\u015b\u0107 artystyczn\u0105, kt\u00f3ra zawiera\u0142a r\u00f3wnie\u017c prezentacj\u0119 multimedialn\u0105 na cze\u015b\u0107 \u015bw. Jana Paw\u0142a II. Na zako\u0144czenie &#8211; oczywi\u015bcie symboliczne kwiatki dla obchodz\u0105cych swoje \u015bwi\u0119to i indywidualne \u017cyczenia. A jak podsumowa\u0107? Wierszem K.I. Ga\u0142czy\u0144skiego:<\/p>\n<p style=\"text-align: center;\"><strong><em>\u201eJak\u017ce nie pisa\u0107 wierszy,<\/em><\/strong><\/p>\n<p style=\"text-align: center;\"><strong><em>jak\u017ce nie p\u0142on\u0105\u0107 w podzi\u0119ce.<\/em><\/strong><\/p>\n<p style=\"text-align: center;\"><strong><em>Za dar najpi\u0119kniejszy,<\/em><\/strong><\/p>\n<p style=\"text-align: center;\"><strong><em>za wiedz\u0119\u201d.<\/em><\/strong><\/p>\n<p style=\"text-align: center;\"><strong><em>Tymi s\u0142owami pragniemy<\/em><\/strong><\/p>\n<p style=\"text-align: center;\"><strong><em>przekaza\u0107 najserdeczniejsze \u017cyczenia<\/em><\/strong><\/p>\n<p style=\"text-align: center;\"><strong><em>za wielk\u0105 cierpliwo\u015b\u0107, wyrozumia\u0142o\u015b\u0107<\/em><\/strong><\/p>\n<p style=\"text-align: center;\"><strong><em>i trud w\u0142o\u017cony w Nasze wychowanie!<\/em><\/strong><\/p>\n<p style=\"text-align: center;\"><strong><em>***<\/em><\/strong><\/p>\n<p style=\"text-align: center;\"><strong><em>Uczniowie ZSP w Sadownem<\/em><\/strong><\/p>\n<p>Uroczysto\u015b\u0107 sta\u0142a si\u0119 te\u017c okazj\u0105 do wr\u0119czenia uczniom, kt\u00f3rzy osi\u0105gn\u0119li najlepsze wyniki w nauce w poprzednim roku szkolnym, Stypendium im. Edwarda Hermana i Stypendi\u00f3w Starosty W\u0119growskiego.<\/p>\n<p><span style=\"color: #0000ff;\"><a style=\"color: #0000ff;\" href=\"https:\/\/photos.app.goo.gl\/LggXGzQqTsuej97W8\" target=\"_blank\" rel=\"noopener\"><strong>Zdj\u0119cia w galerii Google&gt;&gt;&gt;<\/strong><\/a><\/span><\/p>\n<p><strong>Tekst\/foto:<\/strong> S\u0142awek Chyli\u0144ski<\/p>\n","protected":false},"excerpt":{"rendered":"<p>8 pa\u017adziernika 2024 roku Zesp\u00f3\u0142 Szk\u00f3\u0142 Ponadpodstawowych w Sadownem \u015bwi\u0119towa\u0142 Dzie\u0144 Edukacji Narodowej i Dzie\u0144 Papieski.<\/p>\n","protected":false},"author":1,"featured_media":0,"comment_status":"closed","ping_status":"closed","sticky":false,"template":"","format":"standard","meta":{"footnotes":""},"categories":[5,1752,85],"tags":[4035,4196,3197],"class_list":["post-29488","post","type-post","status-publish","format-standard","hentry","category-newsy","category-edukacja","category-zsp","tag-dzien-nauczyciela-w-zsp-sadowne","tag-dzien-papieski-w-zsp-sadowne","tag-zespol-szkol-ponadpodstawowych-w-sadownem"],"views":1640,"_links":{"self":[{"href":"http:\/\/info.sadowne.pl\/index.php?rest_route=\/wp\/v2\/posts\/29488","targetHints":{"allow":["GET"]}}],"collection":[{"href":"http:\/\/info.sadowne.pl\/index.php?rest_route=\/wp\/v2\/posts"}],"about":[{"href":"http:\/\/info.sadowne.pl\/index.php?rest_route=\/wp\/v2\/types\/post"}],"author":[{"embeddable":true,"href":"http:\/\/info.sadowne.pl\/index.php?rest_route=\/wp\/v2\/users\/1"}],"replies":[{"embeddable":true,"href":"http:\/\/info.sadowne.pl\/index.php?rest_route=%2Fwp%2Fv2%2Fcomments&post=29488"}],"version-history":[{"count":1,"href":"http:\/\/info.sadowne.pl\/index.php?rest_route=\/wp\/v2\/posts\/29488\/revisions"}],"predecessor-version":[{"id":29490,"href":"http:\/\/info.sadowne.pl\/index.php?rest_route=\/wp\/v2\/posts\/29488\/revisions\/29490"}],"wp:attachment":[{"href":"http:\/\/info.sadowne.pl\/index.php?rest_route=%2Fwp%2Fv2%2Fmedia&parent=29488"}],"wp:term":[{"taxonomy":"category","embeddable":true,"href":"http:\/\/info.sadowne.pl\/index.php?rest_route=%2Fwp%2Fv2%2Fcategories&post=29488"},{"taxonomy":"post_tag","embeddable":true,"href":"http:\/\/info.sadowne.pl\/index.php?rest_route=%2Fwp%2Fv2%2Ftags&post=29488"}],"curies":[{"name":"wp","href":"https:\/\/api.w.org\/{rel}","templated":true}]}}