{"id":29504,"date":"2024-10-18T20:32:51","date_gmt":"2024-10-18T18:32:51","guid":{"rendered":"http:\/\/info.sadowne.pl\/?p=29504"},"modified":"2024-10-18T20:32:51","modified_gmt":"2024-10-18T18:32:51","slug":"zlote-gody-2024","status":"publish","type":"post","link":"http:\/\/info.sadowne.pl\/?p=29504","title":{"rendered":"Z\u0142ote Gody 2024"},"content":{"rendered":"<p><a href=\"http:\/\/info.sadowne.pl\/wp-content\/uploads\/2024\/10\/2024.10.18.1.jpg\" target=\"_blank\" rel=\"noopener\"><img loading=\"lazy\" decoding=\"async\" class=\"alignleft wp-image-29505 size-thumbnail\" src=\"http:\/\/info.sadowne.pl\/wp-content\/uploads\/2024\/10\/2024.10.18.1-180x130.jpg\" alt=\"\" width=\"180\" height=\"130\" \/><\/a><\/p>\n<p><strong>18 par ma\u0142\u017ce\u0144skich z gminy Sadowne uroczy\u015bcie obchodzi\u0142o sw\u00f3j \u201eZ\u0142oty Jubileusz\u201d.<\/strong><!--more--><\/p>\n<p>Ma\u0142\u017conkom, kt\u00f3rzy mog\u0105 pochwali\u0107 si\u0119 ponad pi\u0119\u0107dziesi\u0119cioletnim \u201esta\u017cem\u201d w ma\u0142\u017ce\u0144stwie, Prezydent RP przyznaje medale \u201eZa d\u0142ugoletnie po\u017cycie ma\u0142\u017ce\u0144skie\u201d. 18 pa\u017adziernika 2024 roku na uroczysto\u015b\u0107 wr\u0119czenia takich medali zaproszonych zosta\u0142o 18 par ma\u0142\u017ce\u0144skich z terenu gminy Sadowne \u2013 nie wszyscy jednak mogli w niej wzi\u0105\u0107 udzia\u0142.<\/p>\n<p>Uroczysto\u015b\u0107 przygotowa\u0142 Urz\u0105d Stanu Cywilnego w Sadownem pod kierownictwem p. Renaty Urbankowskiej, a poprzedzi\u0142a j\u0105 msza \u015bw. w intencji Jubilat\u00f3w, odprawiona tym razem w obiekcie zast\u0119pczym \u2013 sali OSP Sadowne i celebrowana przez Proboszcza Parafii Sadowne ks. Antoniego Kunickiego.<\/p>\n<p>Po mszy uczestnicy uroczysto\u015bci udali si\u0119 autobusem elektrycznym (w\u0142asno\u015b\u0107 Gminy Sadowne) do m. Oci\u0119te, gdzie kontynuowano spotkanie w Zaje\u017adzie \u201eOstoja Dworska\u201d, kt\u00f3rego w\u0142a\u015bcicielem jest p. Alfred Robak. Tam, w imieniu Prezydenta RP Andrzeja Dudy, medale ma\u0142\u017conkom wr\u0119czy\u0142 W\u00f3jt Gminy Sadowne p. Waldemar Cyran. W tej czynno\u015bci W\u00f3jtowi asystowali: ma\u0142\u017conka W\u00f3jta p. Katarzyna Cyran, Zast\u0119pca W\u00f3jta Gminy Sadowne p. Marcin Gr\u0119da, Przewodnicz\u0105cy Rady Gminy Sadowne p. Tomasz Szymanik i Kierownik Urz\u0119du Stanu Cywilnego w Sadownem p. Renata Urbankowska (wcze\u015bniej p. Renata powita\u0142a go\u015bci w imieniu organizatora uroczysto\u015bci i wyg\u0142osi\u0142a wsp\u00f3lnie z W\u00f3jtem Gminy s\u0142owo wst\u0119pne).<\/p>\n<p>Opraw\u0119 s\u0142owno \u2013 muzyczn\u0105 spotkania przygotowa\u0142, jak zwykle \u015bwietnie, Zesp\u00f3\u0142 \u015apiewaczy \u201eSadowianki\u201d. Po dekoracji nie oby\u0142o si\u0119 bez indywidualnych \u017cycze\u0144, wszyscy ch\u0119tnie skorzystali z przygotowanych da\u0144 obiadowych, a na koniec lampka szampana i s\u0142odki pocz\u0119stunek \u2013 tort w wykonaniu r\u00f3wnie\u017c Jubilata p. Ryszarda Zawadzkiego. W tym miejscu pozdrawiamy ma\u0142\u017conk\u0119 p. Ryszarda \u2013 p. Halin\u0119 Zawadzk\u0105, kt\u00f3ra \u2013 niestety &#8211; nie mog\u0142a uczestniczy\u0107 w uroczysto\u015bci. P. Halino, \u017cyczymy du\u017co zdrowia.<\/p>\n<p><strong>A oto lista Jubilat\u00f3w, kt\u00f3rzy otrzymali medale \u201eZa d\u0142ugoletnie po\u017cycie ma\u0142\u017ce\u0144skie\u201d:<\/strong><\/p>\n<ol>\n<li>Janina i Wac\u0142aw Buczy\u0144scy \u2013 52 rocznica<\/li>\n<li>Jadwiga i Eugeniusz Cyran \u2013 51 rocznica<\/li>\n<li>Stanis\u0142awa i Waldemar D\u0105browscy \u2013 52 rocznica<\/li>\n<li>El\u017cbieta i Marek D\u0119bkowscy \u2013 51 rocznica<\/li>\n<li>Irena i Mieczys\u0142aw D\u0119bkowscy \u2013 51 rocznica<\/li>\n<li>Hanna i W\u0142odzimierz Gerej \u2013 51 rocznica<\/li>\n<li>Halina i Zbigniew Gr\u0105dzcy \u2013 52 rocznica<\/li>\n<li>El\u017cbieta i Kazimierz Klimek \u2013 51 rocznica<\/li>\n<li>Kazimiera i Ryszard Krasnod\u0119bscy \u2013 51 rocznica<\/li>\n<li>Barbara i Stanis\u0142aw Ma\u0142etka \u2013 52 rocznica<\/li>\n<li>Wincentyna i Jan Marsza\u0142 \u2013 52 rocznica<\/li>\n<li>Daniela i Jan Ogonowscy \u2013 51 rocznica<\/li>\n<li>Krystyna i Jan Pu\u015bcion \u2013 50 rocznica<\/li>\n<li>Genowefa i Les\u0142aw Rogala \u2013 52 rocznica<\/li>\n<li>Krystyna i Miros\u0142aw Warda \u2013 52 rocznica<\/li>\n<li>Janina i Stanis\u0142aw Wiechowscy \u2013 52 rocznica<\/li>\n<li>Halina i Ryszard Zawadzcy \u2013 51 rocznica<\/li>\n<li>Danuta i Krzysztof Zdunek \u2013 52 rocznica<\/li>\n<\/ol>\n<p><strong>Jeszcze raz przekazujemy Jubilatom najserdeczniejsze \u017cyczenia, du\u017co zdrowia, pomy\u015blno\u015bci i kolejnych lat szcz\u0119\u015bliwego po\u017cycia ma\u0142\u017ce\u0144skiego.<\/strong><\/p>\n<p><span style=\"color: #0000ff;\"><a style=\"color: #0000ff;\" href=\"https:\/\/photos.app.goo.gl\/q8vJ7ogATjRd8fN96\" target=\"_blank\" rel=\"noopener\"><strong>Zdj\u0119cia w galerii Google&gt;&gt;&gt;<\/strong><\/a><\/span><\/p>\n<p><span style=\"color: #0000ff;\"><a style=\"color: #0000ff;\" href=\"https:\/\/youtu.be\/pzfagnlAuoY\" target=\"_blank\" rel=\"noopener\"><strong>Zobacz te\u017c film&gt;&gt;&gt;<\/strong><\/a><\/span><\/p>\n<p><strong>Tekst\/foto: <\/strong>S\u0142awek Chyli\u0144ski<\/p>\n","protected":false},"excerpt":{"rendered":"<p>18 par ma\u0142\u017ce\u0144skich z gminy Sadowne uroczy\u015bcie obchodzi\u0142o sw\u00f3j \u201eZ\u0142oty Jubileusz\u201d.<\/p>\n","protected":false},"author":1,"featured_media":0,"comment_status":"closed","ping_status":"closed","sticky":false,"template":"","format":"standard","meta":{"footnotes":""},"categories":[5,41],"tags":[4200,25,4199],"class_list":["post-29504","post","type-post","status-publish","format-standard","hentry","category-newsy","category-wiesci-gminne","tag-jubileusz-50-lecia-pozycia-malzenskiego","tag-sadowne","tag-zlote-gody-2024-w-sadownem"],"views":2872,"_links":{"self":[{"href":"http:\/\/info.sadowne.pl\/index.php?rest_route=\/wp\/v2\/posts\/29504","targetHints":{"allow":["GET"]}}],"collection":[{"href":"http:\/\/info.sadowne.pl\/index.php?rest_route=\/wp\/v2\/posts"}],"about":[{"href":"http:\/\/info.sadowne.pl\/index.php?rest_route=\/wp\/v2\/types\/post"}],"author":[{"embeddable":true,"href":"http:\/\/info.sadowne.pl\/index.php?rest_route=\/wp\/v2\/users\/1"}],"replies":[{"embeddable":true,"href":"http:\/\/info.sadowne.pl\/index.php?rest_route=%2Fwp%2Fv2%2Fcomments&post=29504"}],"version-history":[{"count":1,"href":"http:\/\/info.sadowne.pl\/index.php?rest_route=\/wp\/v2\/posts\/29504\/revisions"}],"predecessor-version":[{"id":29506,"href":"http:\/\/info.sadowne.pl\/index.php?rest_route=\/wp\/v2\/posts\/29504\/revisions\/29506"}],"wp:attachment":[{"href":"http:\/\/info.sadowne.pl\/index.php?rest_route=%2Fwp%2Fv2%2Fmedia&parent=29504"}],"wp:term":[{"taxonomy":"category","embeddable":true,"href":"http:\/\/info.sadowne.pl\/index.php?rest_route=%2Fwp%2Fv2%2Fcategories&post=29504"},{"taxonomy":"post_tag","embeddable":true,"href":"http:\/\/info.sadowne.pl\/index.php?rest_route=%2Fwp%2Fv2%2Ftags&post=29504"}],"curies":[{"name":"wp","href":"https:\/\/api.w.org\/{rel}","templated":true}]}}