{"id":29543,"date":"2024-11-04T19:12:14","date_gmt":"2024-11-04T18:12:14","guid":{"rendered":"http:\/\/info.sadowne.pl\/?p=29543"},"modified":"2024-11-04T19:12:14","modified_gmt":"2024-11-04T18:12:14","slug":"kronika-policyjna-29-10-02-11-2024","status":"publish","type":"post","link":"http:\/\/info.sadowne.pl\/?p=29543","title":{"rendered":"Kronika policyjna 29.10 \u2013 02.11.2024"},"content":{"rendered":"<p><strong><a href=\"http:\/\/info.sadowne.pl\/wp-content\/uploads\/2024\/11\/policjadrogowa.jpg\"><img loading=\"lazy\" decoding=\"async\" class=\"alignleft size-thumbnail wp-image-29544\" src=\"http:\/\/info.sadowne.pl\/wp-content\/uploads\/2024\/11\/policjadrogowa-180x130.jpg\" alt=\"\" width=\"180\" height=\"130\" \/><\/a>W ostatnich dniach na terenie pow. w\u0119growskiego dosz\u0142o do kilku zdarze\u0144 drogowych. W\u0119growscy policjanci apeluj\u0105 o zachowanie ostro\u017cno\u015bci.<\/strong><!--more--><\/p>\n<p>29 pa\u017adziernika w m. Karczewiec, mieszkaniec pow. mi\u0144skiego, kieruj\u0105c pojazdem marki Opel nie dostosowa\u0142 pr\u0119dko\u015bci do warunk\u00f3w panuj\u0105cych na drodze i najecha\u0142 na ty\u0142 pojazdu marki Mazda.\u00a0 Nikt nie dozna\u0142 obra\u017ce\u0144.<\/p>\n<p>W tym samym dniu w m. Wiel\u0105dki dosz\u0142o do zderzenia si\u0119 trzech pojazd\u00f3w. Ze wst\u0119pnych ustale\u0144 wynika i\u017c mieszkanka pow. w\u0119growskiego kieruj\u0105c pojazdem marki Seat nie dostosowa\u0142a pr\u0119dko\u015bci do warunk\u00f3w atmosferycznych i uderzy\u0142a w pojazd marki Fiat. Natomiast kieruj\u0105cy pojazdem marki Honda, aby unikn\u0105\u0107 zderzenia z pojazdem marki Seat, zjecha\u0142 do przydro\u017cnego rowu i uderzy\u0142 w ty\u0142 pojazdu marki Fiat. Post\u0119powanie prowadzi KPP w W\u0119growie.<\/p>\n<p>30 pa\u017adziernika w m. Pierzcha\u0142y mieszkaniec pow. w\u0119growskiego, kieruj\u0105c pojazdem marki BMW uderzy\u0142 w psa, kt\u00f3ry wbieg\u0142 na jezdni\u0119. Zwierz\u0119 pad\u0142o na miejscu.<\/p>\n<p>Tego samego dnia w m. W\u0119gr\u00f3w mieszkaniec pow. w\u0119growskiego, kieruj\u0105c pojazdem marki Mercedes nie zachowa\u0142 bezpiecznej odleg\u0142o\u015bci od poprzedzaj\u0105cego go pojazdu marki Ford w wyniku czego najecha\u0142 na jego ty\u0142. Nikt nie dozna\u0142 obra\u017ce\u0144.<\/p>\n<p>31 pa\u017adziernika w m. Szaruty mieszkaniec pow. m\u0142awskiego, kieruj\u0105c pojazdem ci\u0119\u017carowym, chc\u0105c umo\u017cliwi\u0107 przejazd innemu kieruj\u0105cemu, zjecha\u0142 do kraw\u0119dzi jezdni w wyniku czego przyczepy wjecha\u0142y na pobocze i \u015bci\u0105gn\u0119\u0142y samoch\u00f3d do rowu. Kieruj\u0105cy zosta\u0142 przewieziony do szpitala.<\/p>\n<p>W tym samym dniu w m. W\u0119gr\u00f3w mieszkaniec pow. w\u0119growskiego, kieruj\u0105c pojazdem marki BMW uderzy\u0142 w sarn\u0119, kt\u00f3ra wtargn\u0119\u0142a na jezdni\u0119. Nikt nie dozna\u0142 obra\u017ce\u0144.<\/p>\n<p>01 listopada w m. Pniewnik mieszkanka pow. w\u0119growskiego, kieruj\u0105c pojazdem marki Fiat w\u0142\u0105czaj\u0105c si\u0119 do ruchu doprowadzi\u0142a do zderzenia si\u0119 z pojazdem marki Toyota. Nikt nie dozna\u0142 obra\u017ce\u0144.<\/p>\n<p>Tego samego dnia w m. Liw mieszkanka Warszawy , kieruj\u0105c pojazdem marki Nissan uderzy\u0142a w unieruchomiony pojazd marki Skoda, kt\u00f3ry to w wyniku uderzenia przemie\u015bci\u0142 si\u0119 do przodu ii uderzy\u0142 w pojazd marki Renault.\u00a0 Nikt nie dozna\u0142 obra\u017ce\u0144.<\/p>\n<p>02 listopada w m. Zieleniec kieruj\u0105c pojazdem marki Man nie dostosowa\u0142 pr\u0119dko\u015bci do warunk\u00f3w panuj\u0105cych na drodze w wyniku czego uderzy\u0142 w ty\u0142 poprzedzaj\u0105cego go pojazdu marki Toyota. Nikt nie dozna\u0142 obra\u017ce\u0144.<\/p>\n<p><strong>asp. Monika Ksi\u0119\u017copolska<\/strong><\/p>\n","protected":false},"excerpt":{"rendered":"<p>W ostatnich dniach na terenie pow. w\u0119growskiego dosz\u0142o do kilku zdarze\u0144 drogowych. W\u0119growscy policjanci apeluj\u0105 o zachowanie ostro\u017cno\u015bci.<\/p>\n","protected":false},"author":1,"featured_media":0,"comment_status":"closed","ping_status":"closed","sticky":false,"template":"","format":"standard","meta":{"footnotes":""},"categories":[5,266,4],"tags":[261,3174,2514],"class_list":["post-29543","post","type-post","status-publish","format-standard","hentry","category-newsy","category-policja-policja-straz-pozarna-pogotowie-ratunkowe","category-policja-straz-pozarna-pogotowie-ratunkowe","tag-komenda-powiatowa-policji-w-wegrowie","tag-kronika-policyjna","tag-zdarzenia-drogowe-w-powiecie-wegrowskim"],"views":1228,"_links":{"self":[{"href":"http:\/\/info.sadowne.pl\/index.php?rest_route=\/wp\/v2\/posts\/29543","targetHints":{"allow":["GET"]}}],"collection":[{"href":"http:\/\/info.sadowne.pl\/index.php?rest_route=\/wp\/v2\/posts"}],"about":[{"href":"http:\/\/info.sadowne.pl\/index.php?rest_route=\/wp\/v2\/types\/post"}],"author":[{"embeddable":true,"href":"http:\/\/info.sadowne.pl\/index.php?rest_route=\/wp\/v2\/users\/1"}],"replies":[{"embeddable":true,"href":"http:\/\/info.sadowne.pl\/index.php?rest_route=%2Fwp%2Fv2%2Fcomments&post=29543"}],"version-history":[{"count":1,"href":"http:\/\/info.sadowne.pl\/index.php?rest_route=\/wp\/v2\/posts\/29543\/revisions"}],"predecessor-version":[{"id":29545,"href":"http:\/\/info.sadowne.pl\/index.php?rest_route=\/wp\/v2\/posts\/29543\/revisions\/29545"}],"wp:attachment":[{"href":"http:\/\/info.sadowne.pl\/index.php?rest_route=%2Fwp%2Fv2%2Fmedia&parent=29543"}],"wp:term":[{"taxonomy":"category","embeddable":true,"href":"http:\/\/info.sadowne.pl\/index.php?rest_route=%2Fwp%2Fv2%2Fcategories&post=29543"},{"taxonomy":"post_tag","embeddable":true,"href":"http:\/\/info.sadowne.pl\/index.php?rest_route=%2Fwp%2Fv2%2Ftags&post=29543"}],"curies":[{"name":"wp","href":"https:\/\/api.w.org\/{rel}","templated":true}]}}