{"id":29559,"date":"2024-11-13T22:01:59","date_gmt":"2024-11-13T21:01:59","guid":{"rendered":"http:\/\/info.sadowne.pl\/?p=29559"},"modified":"2024-11-15T10:15:46","modified_gmt":"2024-11-15T09:15:46","slug":"michalina-szelest-i-zespol-zsp-wegrow-najwyzej-ocenieni","status":"publish","type":"post","link":"http:\/\/info.sadowne.pl\/?p=29559","title":{"rendered":"Michalina Szelest i Zesp\u00f3\u0142 ZSP W\u0119gr\u00f3w najwy\u017cej ocenieni"},"content":{"rendered":"<p><a href=\"http:\/\/info.sadowne.pl\/wp-content\/uploads\/2024\/11\/2024.11.13.1.jpg\" target=\"_blank\" rel=\"noopener\"><img loading=\"lazy\" decoding=\"async\" class=\"alignleft wp-image-29560 size-thumbnail\" src=\"http:\/\/info.sadowne.pl\/wp-content\/uploads\/2024\/11\/2024.11.13.1-180x130.jpg\" alt=\"\" width=\"180\" height=\"130\" \/><\/a><\/p>\n<p><strong>Ju\u017c po raz drugi w Sadownem odby\u0142 si\u0119 mi\u0119dzyszkolny Konkurs Pie\u015bni Patriotycznych pt. \u201eDla Ciebie Polsko ta piosenka\u201d. <\/strong><!--more--><\/p>\n<p><strong>Komisja Konkursowa najwy\u017cej oceni\u0142a wyst\u0119p reprezentantki SP nr 3 w \u0141ochowie i reprezentant\u00f3w ZSP im. Jana Kochanowskiego w W\u0119growie.<\/strong><\/p>\n<p>Zorganizowany w ubieg\u0142ym roku przez Zesp\u00f3\u0142 Szk\u00f3\u0142 Ponadpodstawowych w Sadownem konkurs pie\u015bni patriotycznych cieszy\u0142 si\u0119 du\u017cym powodzeniem i przyst\u0105pi\u0142o do niego wielu uczni\u00f3w szk\u00f3\u0142 z powiatu w\u0119growskiego. Z uwagi na to postanowiono kontynuowa\u0107 w nast\u0119pnych latach jego organizacj\u0119 i nada\u0107 mu status konkursu powiatowego. Tak te\u017c si\u0119 sta\u0142o \u2013 eliminacje i gal\u0119 fina\u0142ow\u0105 zaplanowano na dzie\u0144 13 listopada 2024 roku w Sali gimnastycznej ZSP w Sadownem.<\/p>\n<p><strong>Adresatami konkursu s\u0105 uczniowie klas VII &#8211; VIII szk\u00f3\u0142 podstawowych oraz uczniowie szk\u00f3\u0142 \u015brednich z powiatu w\u0119growskiego<\/strong>, a ma on na celu:<\/p>\n<ul>\n<li>popularyzacj\u0119 tw\u00f3rczo\u015bci muzyczno &#8211; literackiej o tematyce patriotycznej;<\/li>\n<li>poszukiwanie w\u0142a\u015bciwych form wyrazu artystycznego, estetycznego i form wykonawczych pie\u015bni narodowych i patriotycznych;<\/li>\n<li>kszta\u0142towanie w\u0142a\u015bciwych postaw przy prezentacji i odbiorze pie\u015bni patriotycznych;<\/li>\n<li>edukacj\u0119 historyczn\u0105, poszukiwanie dawnych, zapomnianych ju\u017c pie\u015bni, utrwalanie najcz\u0119\u015bciej wykonywanych i popularyzacja nowych utwor\u00f3w o tre\u015bci patriotycznej;<\/li>\n<li>kszta\u0142towanie w\u015br\u00f3d uczni\u00f3w postaw szacunku wobec kraju;<\/li>\n<li>wspieranie uzdolnionych artystycznie uczni\u00f3w poprzez umo\u017cliwienie im prezentacji w\u0142asnych umiej\u0119tno\u015bci;<\/li>\n<li>aktywizowanie \u015brodowiska szkolnego do udzia\u0142u w przedsi\u0119wzi\u0119ciach o charakterze patriotycznym.<\/li>\n<\/ul>\n<p><strong>Patronatem honorowym wydarzenie obj\u0119li: Pose\u0142 RP p. Maria Koc, Senator RP p. Maciej G\u00f3rski i Starosta Powiatu W\u0119growskiego p. Ewa Besztak.<\/strong><\/p>\n<p>Koordynatorami konkursu w imieniu ZSP Sadowne, jak w roku ubieg\u0142ym, zosta\u0142y Panie: Miros\u0142awa Renik i Marta Osman, a opraw\u0105 muzyczn\u0105 zaj\u0105\u0142 si\u0119 p. Kamil Kie\u0142ek. Organizatorzy powo\u0142ali te\u017c Komisj\u0119 Konkursow\u0105 w sk\u0142adzie pp.: Ewa Jakubik, Ewa Pi\u00f3rkowska i Marcin Bocian, kt\u00f3ra ocenia\u0142a solist\u00f3w, duety i zespo\u0142y w dw\u00f3ch kategoriach: szko\u0142y podstawowe i szko\u0142y ponadpodstawowe.<\/p>\n<p>W dniu konkursu, 13 listopada br. zaproszonych go\u015bci, jego uczestnik\u00f3w i opiekun\u00f3w oraz widz\u00f3w powita\u0142 p. S\u0142awomir Ryszawa \u2013 Dyrektor Zespo\u0142u Szk\u00f3\u0142 Ponadpodstawowych w Sadownem, a nast\u0119pnie p. Miros\u0142awa Renik przedstawi\u0142a niezb\u0119dne informacje dot. przebiegu konkursu oraz przeprowadzi\u0142a losowanie kolejno\u015bci wyst\u0119p\u00f3w jego uczestnik\u00f3w. Na scenie zaprezentowali si\u0119:<\/p>\n<p><strong><u>Szko\u0142y podstawowe<\/u><\/strong><\/p>\n<p>&#8211; Ma\u0142gorzata Ciesielska, SP Top\u00f3r, \u201eBia\u0142e r\u00f3\u017ce\u201d, opiekun \u2013 Emilia Bala-D\u0119bkowska<\/p>\n<p>&#8211; Julia K\u0105dziela, SP Top\u00f3r, \u201eDziewczyna z granatem w r\u0119ce\u201d, opiekun \u2013 Emilia Bala-D\u0119bkowska<\/p>\n<p>&#8211; Justyna Kowalczyk, SP Kamionna, \u201eUwierz Polsko\u201d, opiekun \u2013 Anna Kania<\/p>\n<p>&#8211; Zesp\u00f3\u0142: Zuzanna Nowak, Wiktoria Falba, Gabriela Fedorczyk, \u0141ucja Podg\u00f3rska, SP 1 \u0141och\u00f3w, opiekunowie \u2013 Sandra Szyszko i Sylwia Ko\u0142odziejek<\/p>\n<p>&#8211; Zesp\u00f3\u0142: Gabriela Baranowska, Maja Gabi\u0144ska, Zofia Marczak, Patrycja Mech, Amelia Osiecka, Wiktoria Powier\u017ca, Julia Sa\u0142asi\u0144ska, Maja Sk\u00f3ra, Magdalena Zonik, SP 2 \u0141och\u00f3w, \u201eDla niepodleg\u0142ej szli\u201d, opiekun \u2013 Marzena Wyzi\u0144ska<\/p>\n<p>&#8211; Zesp\u00f3\u0142 Kornel`s Band: Nataniel Piegat, Kuba Nowakowski, Dawid Goetzen, Ewelina Kur, Oliwier Ro\u0144da, Amelia Pi\u00f3rkowska, Weronika Bereza, Przemys\u0142aw Dmowski, Zlata Piolhajna, Micha\u0142 Kudelski, Kacper G\u00f3ral, Specjalny O\u015brodek Szkolno \u2013 Wychowawczy im. Kornela Makuszy\u0144skiego w W\u0119growie, \u201eKto ty jeste\u015b, Polak ma\u0142y\u201d i \u201eTo moja Polska\u201d, opiekunowie \u2013 Agnieszka Bia\u0142czak i Wioletta Mikiel<\/p>\n<p>&#8211; \u0141ucja Gr\u0119da, SP 3 \u0141och\u00f3w, \u201eBia\u0142e r\u00f3\u017ce\u201d, opiekun \u2013 Miros\u0142aw Cydejko<\/p>\n<p>&#8211; Michalina Szelest, SP 3 \u0141och\u00f3w, \u201e\u017bo\u0142nierska Ko\u0142ysanka\u201d, opiekun \u2013 Miros\u0142aw Cydejko<\/p>\n<p>&#8211; Wiktoria Biernat, SP Sadowne, \u201ePrzysi\u0119ga\u201d, opiekunowie: Ma\u0142gorzata Koro\u015b, Anna Gierej i Kamil Kie\u0142ek<\/p>\n<p>&#8211; Maria Gierej, SP Sadowne, \u201eMiasto 44\u201d, opiekunowie: Ma\u0142gorzata Koro\u015b, Anna Gierej i Kamil Kie\u0142ek<\/p>\n<p><strong><u>Szko\u0142y ponadpodstawowe<\/u><\/strong><\/p>\n<p>&#8211; Zofia Wierzcho\u0142owska, ZSP \u0141och\u00f3w, \u201eDzi\u015b id\u0119 walczy\u0107 mamo\u201d, opiekun \u2013 Ma\u0142gorzata Kowalewska<\/p>\n<p>&#8211; Patrycja Pu\u015bcion, ZSP Sadowne, \u201e\u015apiewka 1920\u201d, opiekun \u2013 Kamil Kie\u0142ek<\/p>\n<p>&#8211; Magda Narowska, ZSP Sadowne, \u201eWarszawo ma\u201d, opiekun \u2013 Kamil Kie\u0142ek<\/p>\n<p>&#8211; Wojciech Rusiniak, LO Stoczek, \u201eKochana ojczyzno\u201d, opiekun \u2013 Urszula Subda<\/p>\n<p>&#8211; Olga Trzci\u0144ska, LO Stoczek, \u201eRozkwita\u0142y p\u0105ki bia\u0142ych r\u00f3\u017c\u201d, opiekun \u2013 Urszula Subda<\/p>\n<p>&#8211; Karolina Kosy\u0142a, LO im. A. Mickiewicza W\u0119gr\u00f3w, \u201e\u015apiewka 1920\u201d, opiekun \u2013 Agnieszka Jurkowska<\/p>\n<p>&#8211; duet: Gabriela Rusjan i Jan Grabarczyk, LO im. A. Mickiewicza W\u0119gr\u00f3w, \u201eDzi\u015b id\u0119 walczy\u0107 mamo\u201d, opiekun \u2013 Agnieszka Jurkowska<\/p>\n<p>&#8211; zesp\u00f3\u0142: Marta Gawor, Zuzanna Bartoszewska, Alicja Bu\u015bko, Klaudia Bu\u015bko, Kinga Malinowska, Natalia Pikulska, Justyna Suchocka, Patryk Niszcz, Katarzyna Dziewulska, Izabela Go\u0142\u0119biewska, Julia Jasi\u0144ska, Franciszek Grabowski, Ma\u0142gorzata Skibniewska, Julia Sowa, Sebastian Rostek, ZSP im. J. Kochanowskiego W\u0119gr\u00f3w, \u201eDzi\u015b id\u0119 walczy\u0107 mamo\u201d, opiekunowie: Agnieszka Szczepa\u0144ska i Leszek Redosz<\/p>\n<p><strong>Po wyst\u0119pach do pracy przyst\u0105pi\u0142a Komisja Konkursowa. <\/strong>Jej ocenie podlega\u0142o: dob\u00f3r repertuaru i interpretacja, obecno\u015b\u0107 element\u00f3w patriotycznych, walory g\u0142osowe, muzykalno\u015b\u0107 i poczucie rytmu oraz og\u00f3lny wyraz artystyczny. Ostatecznie, po burzliwych obradach, dokonano ostatecznej klasyfikacji. Oto wyniki tegorocznego Konkursu Pie\u015bni Patriotycznych pt. \u201eDla Ciebie Polsko ta piosenka\u201d:<\/p>\n<p><strong>Szko\u0142y podstawowe:<\/strong><\/p>\n<p>I miejsce &#8211; Michalina Szelest ze Szko\u0142y Podstawowej nr 3 w \u0141ochowie za wykonanie utworu \u201e\u017bo\u0142nierska Ko\u0142ysanka\u201d<\/p>\n<p>II miejsce \u2013 Zesp\u00f3\u0142 w sk\u0142adzie: Zuzanna Nowak, Wiktoria Falba, Gabriela Fedorczyk i \u0141ucja Podg\u00f3rska ze Szko\u0142y Podstawowej nr 1 w \u0141ochowie za wykonanie utworu \u201eBia\u0142y Orze\u0142<\/p>\n<p>III miejsce<\/p>\n<p>&#8211; Wiktoria Biernat ze Szko\u0142y Podstawowej w Sadownem za wykonanie utworu \u201ePrzysi\u0119ga\u201d<\/p>\n<p>&#8211; Ma\u0142gorzata Ciesielska ze Szko\u0142y Podstawowej w Toporze za wykonanie utworu &#8222;Bia\u0142e r\u00f3\u017ce&#8221;<\/p>\n<p>Wyr\u00f3\u017cnienie<\/p>\n<p>&#8211; Zesp\u00f3\u0142 Kornel`s Band w sk\u0142adzie: Nataniel Piegat, Kuba Nowakowski, Dawid Goetzen, Ewelina Kur, Oliwier Ro\u0144da, Amelia Pi\u00f3rkowska, Weronika Bereza, Przemys\u0142aw Dmowski, Zlata Piolhajna, Micha\u0142 Kudelski i Kacper G\u00f3ral ze Specjalnego O\u015brodka Szkolno \u2013 Wychowawczego im. Kornela Makuszy\u0144skiego w W\u0119growie za wykonanie utworu \u201eTo moja Polska\u201d<\/p>\n<p>&#8211; Justyna Kowalczyk ze Szko\u0142y Podstawowej w Kamionnie za wykonanie utworu &#8222;Uwierz Polsko&#8221;<\/p>\n<p><strong>Szko\u0142y ponadpodstawowe<\/strong><\/p>\n<p>I miejsce \u2013 Zesp\u00f3\u0142 w sk\u0142adzie: Marta Gawor, Zuzanna Bartoszewska, Alicja Bu\u015bko, Klaudia Bu\u015bko, Kinga Malinowska, Natalia Pikulska, Justyna Suchocka, Patryk Niszcz, Katarzyna Dziewulska, Izabela Go\u0142\u0119biewska, Julia Jasi\u0144ska, Franciszek Grabowski, Ma\u0142gorzata Skibniewska, Julia Sowa i Sebastian Rostek z Zespo\u0142u Szk\u00f3\u0142 Ponadpodstawowych im. J. Kochanowskiego w W\u0119growie za wykonanie utworu \u201eDzi\u015b id\u0119 walczy\u0107 mamo\u201d<\/p>\n<p>II miejsce \u2013 Patrycja Pu\u015bcion z Zespo\u0142u Szk\u00f3\u0142 Ponadpodstawowych w Sadownem za wykonanie utworu \u201e\u015apiewka 1920\u201d<\/p>\n<p>III miejsce \u2013 Karolina Kosy\u0142a z Liceum Og\u00f3lnokszta\u0142c\u0105cego im. A. Mickiewicza w W\u0119growie za wykonanie utworu \u201e\u015apiewka 1920\u201d<\/p>\n<p>Wyr\u00f3\u017cnienie \u2013 Olga Trzci\u0144ska z Liceum Og\u00f3lnokszta\u0142c\u0105cego w Stoczku za wykonanie utworu \u201eRozkwita\u0142y p\u0105ki bia\u0142ych r\u00f3\u017c\u201d<\/p>\n<p><strong>Po przerwie odby\u0142a si\u0119 uroczysta gala podsumowuj\u0105ca konkurs.<\/strong> Po wprowadzeniu sztandaru szko\u0142y i od\u015bpiewaniu hymnu pa\u0144stwowego, p. Dyrektor Ryszawa ponownie powita\u0142 przyby\u0142ych na spotkanie, m\u0142odzie\u017c szkolna odta\u0144czy\u0142a poloneza, a nast\u0119pnie Komisja Konkursowa og\u0142osi\u0142a oficjalnie wyniki. Szko\u0142y uczestnicz\u0105ce w konkursie, laureaci i ich opiekunowie otrzymali dyplomy oraz nagrody, a nast\u0119pnie jeszcze raz us\u0142yszeli\u015bmy nagrodzonych wykonawc\u00f3w.<\/p>\n<p><strong>Dyplomy i nagrody wr\u0119czali<\/strong> organizatorzy konkursu, cz\u0142onkowie Komisji Konkursowej oraz p. Senator RP Maciej G\u00f3rski, p. Wicestarosta W\u0119growski Marek Renik oraz p. Dyrektor ZSP S\u0142awomir Ryszawa. Podczas kr\u00f3tkiej przerwy mi\u0119dzy wyst\u0119pami, uczniowie ZSP Sadowne zaprezentowali monta\u017c s\u0142owno \u2013 muzyczny o \u017cyciu i tragicznej \u015bmierci b\u0142. ks. Jerzego Popie\u0142uszki.<\/p>\n<p><strong>Na koniec\u2026<\/strong> podsumowanie, kr\u00f3tkie wyst\u0105pienia go\u015bci oraz zapewnienie o zorganizowaniu w przysz\u0142ym roku kolejnej edycji powiatowego, mi\u0119dzyszkolnego konkursu pie\u015bni patriotycznych \u2013 oczywi\u015bcie w Sadownem.<\/p>\n<p><span style=\"color: #0000ff;\"><a style=\"color: #0000ff;\" href=\"https:\/\/photos.app.goo.gl\/6qAdZWaJqwe6hBWt6\" target=\"_blank\" rel=\"noopener\"><strong>Zdj\u0119cia w galerii Google&gt;&gt;&gt;<\/strong><\/a><\/span><\/p>\n<p><strong>Tekst\/foto:<\/strong> S\u0142awek Chyli\u0144ski<\/p>\n","protected":false},"excerpt":{"rendered":"<p>Ju\u017c po raz drugi w Sadownem odby\u0142 si\u0119 mi\u0119dzyszkolny Konkurs Pie\u015bni Patriotycznych pt. \u201eDla Ciebie Polsko ta piosenka\u201d.<\/p>\n","protected":false},"author":1,"featured_media":0,"comment_status":"closed","ping_status":"closed","sticky":false,"template":"","format":"standard","meta":{"footnotes":""},"categories":[5,1752,85],"tags":[4042,3197],"class_list":["post-29559","post","type-post","status-publish","format-standard","hentry","category-newsy","category-edukacja","category-zsp","tag-konkurs-piesni-patriotycznych-pt-dla-ciebie-polsko-ta-piosenka","tag-zespol-szkol-ponadpodstawowych-w-sadownem"],"views":1753,"_links":{"self":[{"href":"http:\/\/info.sadowne.pl\/index.php?rest_route=\/wp\/v2\/posts\/29559","targetHints":{"allow":["GET"]}}],"collection":[{"href":"http:\/\/info.sadowne.pl\/index.php?rest_route=\/wp\/v2\/posts"}],"about":[{"href":"http:\/\/info.sadowne.pl\/index.php?rest_route=\/wp\/v2\/types\/post"}],"author":[{"embeddable":true,"href":"http:\/\/info.sadowne.pl\/index.php?rest_route=\/wp\/v2\/users\/1"}],"replies":[{"embeddable":true,"href":"http:\/\/info.sadowne.pl\/index.php?rest_route=%2Fwp%2Fv2%2Fcomments&post=29559"}],"version-history":[{"count":3,"href":"http:\/\/info.sadowne.pl\/index.php?rest_route=\/wp\/v2\/posts\/29559\/revisions"}],"predecessor-version":[{"id":29571,"href":"http:\/\/info.sadowne.pl\/index.php?rest_route=\/wp\/v2\/posts\/29559\/revisions\/29571"}],"wp:attachment":[{"href":"http:\/\/info.sadowne.pl\/index.php?rest_route=%2Fwp%2Fv2%2Fmedia&parent=29559"}],"wp:term":[{"taxonomy":"category","embeddable":true,"href":"http:\/\/info.sadowne.pl\/index.php?rest_route=%2Fwp%2Fv2%2Fcategories&post=29559"},{"taxonomy":"post_tag","embeddable":true,"href":"http:\/\/info.sadowne.pl\/index.php?rest_route=%2Fwp%2Fv2%2Ftags&post=29559"}],"curies":[{"name":"wp","href":"https:\/\/api.w.org\/{rel}","templated":true}]}}