{"id":29562,"date":"2024-11-13T14:23:26","date_gmt":"2024-11-13T13:23:26","guid":{"rendered":"http:\/\/info.sadowne.pl\/?p=29562"},"modified":"2024-11-14T14:25:23","modified_gmt":"2024-11-14T13:25:23","slug":"kronika-zdarzen-drogowych","status":"publish","type":"post","link":"http:\/\/info.sadowne.pl\/?p=29562","title":{"rendered":"Kronika zdarze\u0144 drogowych"},"content":{"rendered":"<p><strong><a href=\"http:\/\/info.sadowne.pl\/wp-content\/uploads\/2015\/04\/komisariat-3.jpg\"><img loading=\"lazy\" decoding=\"async\" class=\"alignleft size-thumbnail wp-image-8553\" src=\"http:\/\/info.sadowne.pl\/wp-content\/uploads\/2015\/04\/komisariat-3-180x130.jpg\" alt=\"\" width=\"180\" height=\"130\" \/><\/a>W minionym tygodniu na terenie powiatu w\u0119growskiego dosz\u0142o do zdarze\u0144 drogowych w tym z udzia\u0142em nietrze\u017awego kieruj\u0105cego. Policjanci apeluj\u0105 o ostro\u017cno\u015b\u0107 i rozwag\u0119. <\/strong><!--more--><\/p>\n<p>Przypominamy, \u017ce jazda w stanie nietrze\u017awo\u015bci niesie za sob\u0105 powa\u017cne skutki zagra\u017caj\u0105ce \u017cyciu i zdrowiu wszystkich uczestnik\u00f3w ruchu drogowego.<\/p>\n<p>05 listopada w m. \u0141och\u00f3w kieruj\u0105cy pojazdem ci\u0119\u017carowym marki Mercedes uderzy\u0142 w sarn\u0119, kt\u00f3ra wtargn\u0119\u0142a na jezdni\u0119. Nikt nie dozna\u0142 obra\u017ce\u0144.<\/p>\n<p>06 listopada w m. W\u0119gr\u00f3w mieszkaniec pow. w\u0119growskiego, znajduj\u0105c si\u0119, w stanie nietrze\u017awo\u015bci (ponad 2,5 promila) kieruj\u0105c pojazdem marki Fiat zjecha\u0142 na przeciwleg\u0142y pas ruchu doprowadzaj\u0105c do zderzenia z kieruj\u0105ca pojazdem marki Audi. Nikt nie dozna\u0142 obra\u017ce\u0144. Post\u0119powanie prowadzi KPP w W\u0119growie.<\/p>\n<p>W tym samym dniu w m. Budziska dosz\u0142o do zdarzenia drogowego z udzia\u0142em psa, kt\u00f3ry wbieg\u0142 na jezdni\u0119. Kieruj\u0105cy pojazdem marki Opel jako pierwszy uderzy\u0142 w zwierz\u0119 nast\u0119pnie kieruj\u0105cy Peugeotem. Zwierz\u0119 oddali\u0142o si\u0119. Kieruj\u0105cy nie doznali obra\u017ce\u0144.<\/p>\n<p><strong>asp. Monika Ksi\u0119\u017copolska<\/strong><\/p>\n<p><strong>\u0179r\u00f3d\u0142o:<\/strong> <a href=\"http:\/\/www.mazowiecka.policja.gov.pl\">www.mazowiecka.policja.gov.pl<\/a><\/p>\n","protected":false},"excerpt":{"rendered":"<p>W minionym tygodniu na terenie powiatu w\u0119growskiego dosz\u0142o do zdarze\u0144 drogowych w tym z udzia\u0142em nietrze\u017awego kieruj\u0105cego. Policjanci apeluj\u0105 o ostro\u017cno\u015b\u0107 i rozwag\u0119.<\/p>\n","protected":false},"author":1,"featured_media":0,"comment_status":"closed","ping_status":"closed","sticky":false,"template":"","format":"standard","meta":{"footnotes":""},"categories":[5,266,4],"tags":[261,3174],"class_list":["post-29562","post","type-post","status-publish","format-standard","hentry","category-newsy","category-policja-policja-straz-pozarna-pogotowie-ratunkowe","category-policja-straz-pozarna-pogotowie-ratunkowe","tag-komenda-powiatowa-policji-w-wegrowie","tag-kronika-policyjna"],"views":1400,"_links":{"self":[{"href":"http:\/\/info.sadowne.pl\/index.php?rest_route=\/wp\/v2\/posts\/29562","targetHints":{"allow":["GET"]}}],"collection":[{"href":"http:\/\/info.sadowne.pl\/index.php?rest_route=\/wp\/v2\/posts"}],"about":[{"href":"http:\/\/info.sadowne.pl\/index.php?rest_route=\/wp\/v2\/types\/post"}],"author":[{"embeddable":true,"href":"http:\/\/info.sadowne.pl\/index.php?rest_route=\/wp\/v2\/users\/1"}],"replies":[{"embeddable":true,"href":"http:\/\/info.sadowne.pl\/index.php?rest_route=%2Fwp%2Fv2%2Fcomments&post=29562"}],"version-history":[{"count":1,"href":"http:\/\/info.sadowne.pl\/index.php?rest_route=\/wp\/v2\/posts\/29562\/revisions"}],"predecessor-version":[{"id":29563,"href":"http:\/\/info.sadowne.pl\/index.php?rest_route=\/wp\/v2\/posts\/29562\/revisions\/29563"}],"wp:attachment":[{"href":"http:\/\/info.sadowne.pl\/index.php?rest_route=%2Fwp%2Fv2%2Fmedia&parent=29562"}],"wp:term":[{"taxonomy":"category","embeddable":true,"href":"http:\/\/info.sadowne.pl\/index.php?rest_route=%2Fwp%2Fv2%2Fcategories&post=29562"},{"taxonomy":"post_tag","embeddable":true,"href":"http:\/\/info.sadowne.pl\/index.php?rest_route=%2Fwp%2Fv2%2Ftags&post=29562"}],"curies":[{"name":"wp","href":"https:\/\/api.w.org\/{rel}","templated":true}]}}