{"id":29567,"date":"2024-11-14T15:58:30","date_gmt":"2024-11-14T14:58:30","guid":{"rendered":"http:\/\/info.sadowne.pl\/?p=29567"},"modified":"2024-11-14T15:58:30","modified_gmt":"2024-11-14T14:58:30","slug":"106-lat-niepodleglosci","status":"publish","type":"post","link":"http:\/\/info.sadowne.pl\/?p=29567","title":{"rendered":"106 lat niepodleg\u0142o\u015bci"},"content":{"rendered":"<p><a href=\"http:\/\/info.sadowne.pl\/wp-content\/uploads\/2024\/11\/2024.11.14.1.jpg\" target=\"_blank\" rel=\"noopener\"><img loading=\"lazy\" decoding=\"async\" class=\"alignleft wp-image-29568 size-thumbnail\" src=\"http:\/\/info.sadowne.pl\/wp-content\/uploads\/2024\/11\/2024.11.14.1-180x130.jpg\" alt=\"\" width=\"180\" height=\"130\" \/><\/a><\/p>\n<p><strong>14 listopada 2024 roku w sadowie\u0144skiej podstaw\u00f3wce uroczy\u015bcie obchodzono Narodowe \u015awi\u0119to Niepodleg\u0142o\u015bci.<\/strong><!--more--><\/p>\n<p>Tego dnia przed po\u0142udniem ca\u0142a spo\u0142eczno\u015b\u0107 Szko\u0142y Podstawowej im. b\u0142. ks. Edwarda Grzyma\u0142y w Sadownem wzi\u0119\u0142a udzia\u0142 w uroczystej akademii z okazji 106. rocznicy odzyskania przez Polsk\u0119 niepodleg\u0142o\u015bci. Po wprowadzeniu sztandaru szko\u0142y i od\u015bpiewaniu hymnu pa\u0144stwowego, g\u0142os zabra\u0142a p. Dyrektor Szko\u0142y Ma\u0142gorzata Koro\u015b.<\/p>\n<p>Na wst\u0119pie powita\u0142a przyby\u0142ych go\u015bci, grono pedagogiczne oraz uczni\u00f3w, a nast\u0119pnie po kr\u00f3tce przedstawi\u0142a rys historyczny utraty przez Polsk\u0119 niepodleg\u0142o\u015bci, sytuacji naszych przodk\u00f3w pod zaborami, ich d\u0105\u017cenie do odzyskania niepodleg\u0142o\u015bci i okoliczno\u015bci zako\u0144czenia 123-letniego okresu braku mo\u017cliwo\u015bci korzystania naszego narodu z prawa do wolno\u015bci. Podsumowanie wyst\u0105pienia to przekazanie dla nas wszystkich\u2026 b\u0105d\u017amy wolni, korzystajmy z wolno\u015bci wywalczonej przez naszych przodk\u00f3w i dokonujmy w\u0142a\u015bciwych wybor\u00f3w \u017cyciowych, kt\u00f3re umo\u017cliwi\u0105 nam oraz naszym potomkom kontynuacj\u0119 nadanych nam praw do swobodnego samostanowienia.<\/p>\n<p>Po wyst\u0105pieniu p. Dyrektor, uczestnicy spotkania mieli przyjemno\u015b\u0107 obejrzenia monta\u017cu s\u0142owno \u2013 muzycznego, kt\u00f3ry pod okiem pedagog\u00f3w \u2013 p. Doroty Ga\u0142\u0105zki, p. Anny Gierej i p. Kamila Kie\u0142ka \u2013 przygotowali uczniowie. By\u0142 to wyst\u0119p nostalgiczny, wprowadzaj\u0105cy w zadum\u0119 nad sensem ci\u0105g\u0142o\u015bci istnienia narodu, nad efektami podejmowanych b\u0142\u0119dnych decyzji, skutkami jedno\u015bci oraz wsp\u00f3lnej walki o dobro i wolno\u015b\u0107 narodu \u2013 scenka symbolicznego zrzucenia kajdan jest kresem wieloletniej wsp\u00f3lnej walki oraz podsumowaniem tre\u015bci historycznej, na kt\u00f3rej fina\u0142 sk\u0142ada si\u0119 w\u0142a\u015bnie data 11 listopada 2018 roku, dla nas w kolejnych latach rocznica odzyskania niepodleg\u0142o\u015bci, kt\u00f3r\u0105 obchodzimy jako Narodowe \u015awi\u0119to Niepodleg\u0142o\u015bci.<\/p>\n<p><span style=\"color: #0000ff;\"><a style=\"color: #0000ff;\" href=\"https:\/\/photos.app.goo.gl\/hA3eVH88ZRnL1dLg6\" target=\"_blank\" rel=\"noopener\"><strong>Zdj\u0119cia w galerii Google&gt;&gt;&gt;<\/strong><\/a><\/span><\/p>\n<p><strong>Tekst\/foto:<\/strong> S\u0142awek Chyli\u0144ski<\/p>\n","protected":false},"excerpt":{"rendered":"<p>14 listopada 2024 roku w sadowie\u0144skiej podstaw\u00f3wce uroczy\u015bcie obchodzono Narodowe \u015awi\u0119to Niepodleg\u0142o\u015bci.<\/p>\n","protected":false},"author":1,"featured_media":0,"comment_status":"closed","ping_status":"closed","sticky":false,"template":"","format":"standard","meta":{"footnotes":""},"categories":[5,1752,84],"tags":[4209,3871,16],"class_list":["post-29567","post","type-post","status-publish","format-standard","hentry","category-newsy","category-edukacja","category-szkola-podstawowa-im-cz-wycecha","tag-106-rocznica-odzyskania-przez-polske-niepodleglosci","tag-narodowe-swieto-niepodleglosci","tag-szkola-podstawowa-w-sadownem"],"views":1694,"_links":{"self":[{"href":"http:\/\/info.sadowne.pl\/index.php?rest_route=\/wp\/v2\/posts\/29567","targetHints":{"allow":["GET"]}}],"collection":[{"href":"http:\/\/info.sadowne.pl\/index.php?rest_route=\/wp\/v2\/posts"}],"about":[{"href":"http:\/\/info.sadowne.pl\/index.php?rest_route=\/wp\/v2\/types\/post"}],"author":[{"embeddable":true,"href":"http:\/\/info.sadowne.pl\/index.php?rest_route=\/wp\/v2\/users\/1"}],"replies":[{"embeddable":true,"href":"http:\/\/info.sadowne.pl\/index.php?rest_route=%2Fwp%2Fv2%2Fcomments&post=29567"}],"version-history":[{"count":1,"href":"http:\/\/info.sadowne.pl\/index.php?rest_route=\/wp\/v2\/posts\/29567\/revisions"}],"predecessor-version":[{"id":29569,"href":"http:\/\/info.sadowne.pl\/index.php?rest_route=\/wp\/v2\/posts\/29567\/revisions\/29569"}],"wp:attachment":[{"href":"http:\/\/info.sadowne.pl\/index.php?rest_route=%2Fwp%2Fv2%2Fmedia&parent=29567"}],"wp:term":[{"taxonomy":"category","embeddable":true,"href":"http:\/\/info.sadowne.pl\/index.php?rest_route=%2Fwp%2Fv2%2Fcategories&post=29567"},{"taxonomy":"post_tag","embeddable":true,"href":"http:\/\/info.sadowne.pl\/index.php?rest_route=%2Fwp%2Fv2%2Ftags&post=29567"}],"curies":[{"name":"wp","href":"https:\/\/api.w.org\/{rel}","templated":true}]}}