{"id":29595,"date":"2024-11-25T15:46:13","date_gmt":"2024-11-25T14:46:13","guid":{"rendered":"http:\/\/info.sadowne.pl\/?p=29595"},"modified":"2024-11-25T15:46:13","modified_gmt":"2024-11-25T14:46:13","slug":"zdarzenia-drogowe-18-24-11-2024","status":"publish","type":"post","link":"http:\/\/info.sadowne.pl\/?p=29595","title":{"rendered":"Zdarzenia drogowe 18 \u2013 24.11.2024"},"content":{"rendered":"<p><strong><a href=\"http:\/\/info.sadowne.pl\/wp-content\/uploads\/2024\/11\/policjadrogowa.jpg\"><img loading=\"lazy\" decoding=\"async\" class=\"alignleft size-thumbnail wp-image-29544\" src=\"http:\/\/info.sadowne.pl\/wp-content\/uploads\/2024\/11\/policjadrogowa-180x130.jpg\" alt=\"\" width=\"180\" height=\"130\" \/><\/a>W ostatnich dniach na terenie pow. w\u0119growskiego dosz\u0142o do kilku zdarze\u0144 drogowych. W\u0119growscy policjanci apeluj\u0105 o ostro\u017cno\u015b\u0107.<\/strong><!--more--><\/p>\n<p>18 listopada w m. \u015anice mieszkanka pow. siedleckiego, kieruj\u0105c pojazdem marki Fiat nie zachowa\u0142a nale\u017cytej ostro\u017cno\u015bci zjecha\u0142a z drogi i uderzy\u0142a w drzewo. Nikt nie dozna\u0142 obra\u017ce\u0144.<\/p>\n<p>19 listopada w m. W\u0119gr\u00f3w mieszkanka pow. w\u0119growskiego, kieruj\u0105c pojazdem marki Toyota wje\u017cd\u017caj\u0105c w miejsce parkingowe uszkodzi\u0142a prawid\u0142owo zaparkowany pojazd marki Opel. Nikt nie dozna\u0142 obra\u017ce\u0144.<\/p>\n<p>20 listopada w m. W\u0119gr\u00f3w mieszkaniec pow. soko\u0142owskiego, kieruj\u0105c pojazdem marki\u00a0 Toyota wykonuj\u0105c manewr skr\u0119tu w lewo nie ust\u0105pi\u0142 pierwsze\u0144stwa przejazdu kieruj\u0105cemu pojazdem marki Skoda doprowadzaj\u0105c do zderzenia. Nikt nie dozna\u0142 obra\u017ce\u0144.<\/p>\n<p>22 listopada w m. Ogr\u00f3dek mieszkaniec pow. mi\u0144skiego, kieruj\u0105c pojazdem marki VW nie dostosowa\u0142 pr\u0119dko\u015bci do warunk\u00f3w panuj\u0105cych na drodze w wyniku czego uderzy\u0142 w ty\u0142 pojazdu marki Autosan. Nikt nie dozna\u0142 obra\u017ce\u0144.<\/p>\n<p>Tego samego dnia w m. Jasior\u00f3wka mieszkaniec pow. w\u0119growskiego, znajduj\u0105c si\u0119 w stanie nietrze\u017awo\u015bci (prawie 2 promile alkoholu) kierowa\u0142 pojazdem marki Renault doprowadzaj\u0105c do zderzenia z\u00a0 pojazdem marki Renault, kt\u00f3rego kieruj\u0105cemu nie ust\u0105pi\u0142 pierwsze\u0144stwa przejazdu. Post\u0119powanie prowadzi KP w \u0141ochowie.<\/p>\n<p>23 listopada w m. W\u0119gr\u00f3w mieszkaniec pow. w\u0119growskiego, kieruj\u0105c pojazdem marki Citroen nie ust\u0105pi\u0142 pierwsze\u0144stwa przejazdu kieruj\u0105cemu pojazdem marki BMW doprowadzaj\u0105c do zderzenia. Nikt nie dozna\u0142 obra\u017ce\u0144.<\/p>\n<p>W tym samym dniu w m. \u0141och\u00f3w mieszkanka pow. w\u0119growskiego, kieruj\u0105c pojazdem marki VW nie ust\u0105pi\u0142a pierwsze\u0144stw przejazdu kieruj\u0105cemu pojazdem marki Fiat, w wyniku czego kieruj\u0105cy nim uszkodzi\u0142 bariery ochronne oraz ogrodzenie jednej z posesji. Nikt nie dozna\u0142 obra\u017ce\u0144.<\/p>\n<p>23 listopada w m. Roguszyn mieszkaniec pow. mi\u0144skiego, kieruj\u0105c pojazdem marki Seat nie ust\u0105pi\u0142 pierwsze\u0144stwa przejazdu kieruj\u0105cemu pojazdem marki Ford. Podczas zdarzenia uszkodzono ogrodzenie jednej z posesji. Nikt nie dozna\u0142 obra\u017ce\u0144.<\/p>\n<p>24 listopada w m. Barch\u00f3w mieszkaniec pow. w\u0119growskiego, kieruj\u0105c pojazdem marki Toyota uderzy\u0142 w sarn\u0119, kt\u00f3ra wbieg\u0142a na jezdni\u0119. Zwierz\u0119 pad\u0142o na miejscu. Kieruj\u0105cy nie dozna\u0142 obra\u017ce\u0144.<\/p>\n<p>W tym samym dniu w m. Wrotn\u00f3w mieszkaniec pow. w\u0119growskiego, kieruj\u0105c pojazdem marki Opel uderzy\u0142 w dzika, kt\u00f3ry wtargn\u0105\u0142 na jezdni\u0119. Zwierz\u0119 pad\u0142o na miejscu. Kieruj\u0105cy nie dozna\u0142 obra\u017ce\u0144.<\/p>\n<p><strong>asp. Monika Ksi\u0119\u017copolska<\/strong><\/p>\n","protected":false},"excerpt":{"rendered":"<p>W ostatnich dniach na terenie pow. w\u0119growskiego dosz\u0142o do kilku zdarze\u0144 drogowych. W\u0119growscy policjanci apeluj\u0105 o ostro\u017cno\u015b\u0107.<\/p>\n","protected":false},"author":1,"featured_media":0,"comment_status":"closed","ping_status":"closed","sticky":false,"template":"","format":"standard","meta":{"footnotes":""},"categories":[5,266,4],"tags":[261,2514],"class_list":["post-29595","post","type-post","status-publish","format-standard","hentry","category-newsy","category-policja-policja-straz-pozarna-pogotowie-ratunkowe","category-policja-straz-pozarna-pogotowie-ratunkowe","tag-komenda-powiatowa-policji-w-wegrowie","tag-zdarzenia-drogowe-w-powiecie-wegrowskim"],"views":1299,"_links":{"self":[{"href":"http:\/\/info.sadowne.pl\/index.php?rest_route=\/wp\/v2\/posts\/29595","targetHints":{"allow":["GET"]}}],"collection":[{"href":"http:\/\/info.sadowne.pl\/index.php?rest_route=\/wp\/v2\/posts"}],"about":[{"href":"http:\/\/info.sadowne.pl\/index.php?rest_route=\/wp\/v2\/types\/post"}],"author":[{"embeddable":true,"href":"http:\/\/info.sadowne.pl\/index.php?rest_route=\/wp\/v2\/users\/1"}],"replies":[{"embeddable":true,"href":"http:\/\/info.sadowne.pl\/index.php?rest_route=%2Fwp%2Fv2%2Fcomments&post=29595"}],"version-history":[{"count":1,"href":"http:\/\/info.sadowne.pl\/index.php?rest_route=\/wp\/v2\/posts\/29595\/revisions"}],"predecessor-version":[{"id":29596,"href":"http:\/\/info.sadowne.pl\/index.php?rest_route=\/wp\/v2\/posts\/29595\/revisions\/29596"}],"wp:attachment":[{"href":"http:\/\/info.sadowne.pl\/index.php?rest_route=%2Fwp%2Fv2%2Fmedia&parent=29595"}],"wp:term":[{"taxonomy":"category","embeddable":true,"href":"http:\/\/info.sadowne.pl\/index.php?rest_route=%2Fwp%2Fv2%2Fcategories&post=29595"},{"taxonomy":"post_tag","embeddable":true,"href":"http:\/\/info.sadowne.pl\/index.php?rest_route=%2Fwp%2Fv2%2Ftags&post=29595"}],"curies":[{"name":"wp","href":"https:\/\/api.w.org\/{rel}","templated":true}]}}