{"id":29646,"date":"2024-12-06T19:46:36","date_gmt":"2024-12-06T18:46:36","guid":{"rendered":"http:\/\/info.sadowne.pl\/?p=29646"},"modified":"2024-12-06T19:46:36","modified_gmt":"2024-12-06T18:46:36","slug":"na-mikolaja-zawsze-mozna-liczyc","status":"publish","type":"post","link":"http:\/\/info.sadowne.pl\/?p=29646","title":{"rendered":"Na Miko\u0142aja zawsze mo\u017cna liczy\u0107!"},"content":{"rendered":"<p><strong><a href=\"http:\/\/info.sadowne.pl\/wp-content\/uploads\/2024\/12\/2024.12.06.1-scaled.jpg\" target=\"_blank\" rel=\"noopener\"><img loading=\"lazy\" decoding=\"async\" class=\"alignleft wp-image-29647 size-thumbnail\" src=\"http:\/\/info.sadowne.pl\/wp-content\/uploads\/2024\/12\/2024.12.06.1-180x130.jpg\" alt=\"\" width=\"180\" height=\"130\" \/><\/a>Obieca\u0142, \u017ce przyjedzie i nie zawi\u00f3d\u0142 \u2013 \u015aw. Miko\u0142aj odwiedzi\u0142 sadowie\u0144skie dzieci.<\/strong><!--more--><\/p>\n<p>6 grudnia, tu\u017c po zachodzie s\u0142o\u0144ca, na skwerku przy ko\u015bciele parafialnym w Sadownem ustawi\u0142a si\u0119 d\u0142uga kolejka do namiotu przygotowanego dla \u015aw. Miko\u0142aja. Ch\u0119tni na spotkanie z Miko\u0142ajem nie zapomnieli zabra\u0107 ze sob\u0105 kartek z \u017cyczeniami dla \u015awi\u0119tego, kt\u00f3re wcze\u015bniej odebrali z Gminnego O\u015brodka Kultury w Sadownem. Na wst\u0119pie spotkania powita\u0142a wszystkich p. Ewa Pi\u00f3rkowska, kt\u00f3ra wraz z dzie\u0107mi przywo\u0142a\u0142a r\u00f3wnie\u017c p. W\u00f3jta Waldemara Cyrana do czynienia honor\u00f3w gospodarza i uroczystego zapalenia choinki.<\/p>\n<p>Gdy rozb\u0142ys\u0142y choinkowe \u015bwiate\u0142ka i p. W\u00f3jt przekaza\u0142 wszystkim \u017cyczenia \u015bwi\u0105teczne, pojawi\u0142 si\u0119 Miko\u0142aj. Jak tu dotar\u0142 w tym roku? Wywo\u0142any g\u0142o\u015bnym nawo\u0142ywaniem dzieci, dojecha\u0142 na hulajnodze elektrycznej, bo natura jak dotychczas posk\u0105pi\u0142a nam \u015bniegu, uniemo\u017cliwiaj\u0105c jazd\u0119 saniami zaprz\u0119gni\u0119tymi w renifery. Sw\u00f3j pojazd zaparkowa\u0142, a nast\u0119pnie powita\u0142 dzieci i przyst\u0105pi\u0142 do rozdawania prezent\u00f3w. Oczywi\u015bcie niezb\u0119dna tu by\u0142a asysta \u015bnie\u017cynek i elf\u00f3w, kt\u00f3rzy czuwali nad sprawnym przebiegiem spotkania, rozdaniem prezent\u00f3w i s\u0142odko\u015bci. Ja zawsze w tych rolach spe\u0142nili si\u0119 pracownicy Gminnego O\u015brodka Kultury w Sadownem i Panie z Ko\u0142a Gospody\u0144 Wiejskich w Sadownem.<\/p>\n<p>Chyba wszystkie sadowie\u0144skie dzieci by\u0142y grzeczne\u2026. wskazywa\u0142a na to gigantyczna kolejka oczekuj\u0105cych na rozmow\u0119 z Miko\u0142ajem (si\u0119gaj\u0105ca prawie do ul. Ko\u015bciuszki) i nie wida\u0107 by\u0142o, aby kto\u015b dosta\u0142 w prezencie r\u00f3zg\u0119.<\/p>\n<p><span style=\"color: #0000ff;\"><a style=\"color: #0000ff;\" href=\"https:\/\/photos.app.goo.gl\/jGx14giwLutZnzL26\" target=\"_blank\" rel=\"noopener\"><strong>Zdj\u0119cia w galerii Google&gt;&gt;&gt;<\/strong><\/a><\/span><\/p>\n<p><strong>Tekst\/foto:<\/strong> S\u0142awek Chyli\u0144ski<\/p>\n","protected":false},"excerpt":{"rendered":"<p>Obieca\u0142, \u017ce przyjedzie i nie zawi\u00f3d\u0142 \u2013 \u015aw. Miko\u0142aj odwiedzi\u0142 sadowie\u0144skie dzieci.<\/p>\n","protected":false},"author":1,"featured_media":0,"comment_status":"closed","ping_status":"closed","sticky":false,"template":"","format":"standard","meta":{"footnotes":""},"categories":[5,2149,6],"tags":[169,3873],"class_list":["post-29646","post","type-post","status-publish","format-standard","hentry","category-newsy","category-gminna-biblioteka-publiczna","category-kultura-rozrywka-edukacja","tag-gminny-osrodek-kultury-w-sadownem","tag-spotkanie-z-mikolajem-w-sadownem"],"views":1679,"_links":{"self":[{"href":"http:\/\/info.sadowne.pl\/index.php?rest_route=\/wp\/v2\/posts\/29646","targetHints":{"allow":["GET"]}}],"collection":[{"href":"http:\/\/info.sadowne.pl\/index.php?rest_route=\/wp\/v2\/posts"}],"about":[{"href":"http:\/\/info.sadowne.pl\/index.php?rest_route=\/wp\/v2\/types\/post"}],"author":[{"embeddable":true,"href":"http:\/\/info.sadowne.pl\/index.php?rest_route=\/wp\/v2\/users\/1"}],"replies":[{"embeddable":true,"href":"http:\/\/info.sadowne.pl\/index.php?rest_route=%2Fwp%2Fv2%2Fcomments&post=29646"}],"version-history":[{"count":1,"href":"http:\/\/info.sadowne.pl\/index.php?rest_route=\/wp\/v2\/posts\/29646\/revisions"}],"predecessor-version":[{"id":29648,"href":"http:\/\/info.sadowne.pl\/index.php?rest_route=\/wp\/v2\/posts\/29646\/revisions\/29648"}],"wp:attachment":[{"href":"http:\/\/info.sadowne.pl\/index.php?rest_route=%2Fwp%2Fv2%2Fmedia&parent=29646"}],"wp:term":[{"taxonomy":"category","embeddable":true,"href":"http:\/\/info.sadowne.pl\/index.php?rest_route=%2Fwp%2Fv2%2Fcategories&post=29646"},{"taxonomy":"post_tag","embeddable":true,"href":"http:\/\/info.sadowne.pl\/index.php?rest_route=%2Fwp%2Fv2%2Ftags&post=29646"}],"curies":[{"name":"wp","href":"https:\/\/api.w.org\/{rel}","templated":true}]}}