{"id":29649,"date":"2024-12-07T14:17:23","date_gmt":"2024-12-07T13:17:23","guid":{"rendered":"http:\/\/info.sadowne.pl\/?p=29649"},"modified":"2024-12-07T14:17:23","modified_gmt":"2024-12-07T13:17:23","slug":"lalki-lalki-wszedzie-lalki","status":"publish","type":"post","link":"http:\/\/info.sadowne.pl\/?p=29649","title":{"rendered":"Lalki, lalki, wsz\u0119dzie lalki\u2026"},"content":{"rendered":"<p><strong><a href=\"http:\/\/info.sadowne.pl\/wp-content\/uploads\/2024\/12\/2024.12.07.1-scaled.jpg\" target=\"_blank\" rel=\"noopener\"><img loading=\"lazy\" decoding=\"async\" class=\"alignleft wp-image-29650 size-thumbnail\" src=\"http:\/\/info.sadowne.pl\/wp-content\/uploads\/2024\/12\/2024.12.07.1-180x130.jpg\" alt=\"\" width=\"180\" height=\"130\" \/><\/a>Gminny O\u015brodek Kultury w Sadownem zaprasza na wystaw\u0119\u2026 lalek.<\/strong><!--more--><\/p>\n<p>Na pocz\u0105tku grudnia br. w Gminnym O\u015brodku Kultury w Sadownem odby\u0142o si\u0119 nietypowe wydarzenie \u2013 otwarcie wystawy lalek pt. \u201eLalka ambasadork\u0105 wszystkich pokole\u0144\u201d. Organizatork\u0105 wystawy i w\u0142a\u015bcicielk\u0105 eksponat\u00f3w jest p. Edyta Drohomirecka, kt\u00f3ra postanowi\u0142a zaprezentowa\u0107 swoje zbiory w ramach ekspozycji z zakresu: \u201eDzieci\u0119cy \u015bwiat zabawek z dawnych lat\u201d.<\/p>\n<p>Kilkutysi\u0119czny zbi\u00f3r lalek nie pomie\u015bci\u0142a Sala Muzealna sadowie\u0144skiego GOK-u, dlatego te\u017c mo\u017cemy obejrze\u0107 tu jego cz\u0119\u015b\u0107 \u2013 kilkaset ulubionych \u201ereprezentantek\u201d \u015bwiata zabawowego z dawnych lat. P. Edyta zaprasza wszystkich zainteresowanych wystaw\u0105 s\u0142owami:<\/p>\n<p><strong><em>Zabawa to uniwersalny j\u0119zyk rado\u015bci, \u0142\u0105cz\u0105cy ludzi bez wzgl\u0119du na wiek. Zabawki, w tym lalki, s\u0105 wyj\u0105tkowym mostem mi\u0119dzypokoleniowym \u2013 towarzysz\u0105 nam od zawsze, ucz\u0105c, pocieszaj\u0105c, oswajaj\u0105c l\u0119ki i wprowadzaj\u0105c w \u015bwiat doros\u0142ych.<\/em><\/strong><\/p>\n<p><strong><em>Ka\u017cdy z nas ma ulubion\u0105 zabawk\u0119 z dzieci\u0144stwa, kt\u00f3r\u0105 wspomina z sentymentem. Jak wygl\u0105da\u0142y laki naszych bab\u0107 i prabab\u0107? Czym bawiono si\u0119 kiedy\u015b?<\/em><\/strong><\/p>\n<p><strong><em>Zapraszam do odkrywania odpowiedzi na te pytania podczas zwiedzania wystawy.<\/em><\/strong><\/p>\n<p><strong><em>\u017bycz\u0119 niezapomnianych wra\u017ce\u0144!<\/em><\/strong><\/p>\n<p><strong><em>\u00a0 \u00a0 \u00a0 \u00a0 \u00a0 \u00a0 \u00a0 \u00a0 \u00a0 \u00a0 \u00a0 \u00a0 \u00a0 \u00a0 \u00a0 \u00a0 \u00a0 \u00a0 \u00a0 \u00a0 \u00a0 \u00a0 \u00a0 \u00a0 \u00a0 \u00a0 Edyta Drohomirecka<\/em><\/strong><\/p>\n<p>Wystaw\u0119 mo\u017cna obejrze\u0107 w Sali Muzealnej Gminnego O\u015brodka Kultury w Sadownem, ul. Ko\u015bciuszki 35, od poniedzia\u0142ku do pi\u0105tku (jeszcze przez p\u00f3\u0142 roku), w godzinach pracy GOK &#8211; wst\u0119p wolny. Grupy zorganizowane proszone s\u0105 o wcze\u015bniejszy kontakt telefoniczny (nr tel. GOK: +48 25 644 28 95), by\u0107 mo\u017ce wtedy b\u0119dzie mo\u017cliwo\u015b\u0107 udzia\u0142u w spotkaniu p. Edyty Drohomireckiej, a \u0142\u0105czy si\u0119 to z mo\u017cliwo\u015bci\u0105 us\u0142yszenia fascynuj\u0105cych historii o lalkach i prze\u017cycia niezwyk\u0142ej lekcji historii ukrytej w dzieci\u0119cym \u015bwiecie zabawek.<\/p>\n<p><strong>Serdecznie zapraszamy!<\/strong><\/p>\n<p><span style=\"color: #0000ff;\"><strong><a style=\"color: #0000ff;\" href=\"https:\/\/photos.app.goo.gl\/SivoGAfYMCo6zo6R9\" target=\"_blank\" rel=\"noopener\">Zdj\u0119cia w galerii Google&gt;&gt;&gt;<\/a><\/strong><\/span><\/p>\n<p><strong>Tekst\/foto:<\/strong> S\u0142awek Chyli\u0144ski<\/p>\n","protected":false},"excerpt":{"rendered":"<p>Gminny O\u015brodek Kultury w Sadownem zaprasza na wystaw\u0119\u2026 lalek.<\/p>\n","protected":false},"author":1,"featured_media":0,"comment_status":"closed","ping_status":"closed","sticky":false,"template":"","format":"standard","meta":{"footnotes":""},"categories":[5,91,6],"tags":[4217,169,4216],"class_list":["post-29649","post","type-post","status-publish","format-standard","hentry","category-newsy","category-gminny-osrodek-kultury","category-kultura-rozrywka-edukacja","tag-edyta-drohomirecka","tag-gminny-osrodek-kultury-w-sadownem","tag-wystawa-lalek"],"views":1409,"_links":{"self":[{"href":"http:\/\/info.sadowne.pl\/index.php?rest_route=\/wp\/v2\/posts\/29649","targetHints":{"allow":["GET"]}}],"collection":[{"href":"http:\/\/info.sadowne.pl\/index.php?rest_route=\/wp\/v2\/posts"}],"about":[{"href":"http:\/\/info.sadowne.pl\/index.php?rest_route=\/wp\/v2\/types\/post"}],"author":[{"embeddable":true,"href":"http:\/\/info.sadowne.pl\/index.php?rest_route=\/wp\/v2\/users\/1"}],"replies":[{"embeddable":true,"href":"http:\/\/info.sadowne.pl\/index.php?rest_route=%2Fwp%2Fv2%2Fcomments&post=29649"}],"version-history":[{"count":1,"href":"http:\/\/info.sadowne.pl\/index.php?rest_route=\/wp\/v2\/posts\/29649\/revisions"}],"predecessor-version":[{"id":29651,"href":"http:\/\/info.sadowne.pl\/index.php?rest_route=\/wp\/v2\/posts\/29649\/revisions\/29651"}],"wp:attachment":[{"href":"http:\/\/info.sadowne.pl\/index.php?rest_route=%2Fwp%2Fv2%2Fmedia&parent=29649"}],"wp:term":[{"taxonomy":"category","embeddable":true,"href":"http:\/\/info.sadowne.pl\/index.php?rest_route=%2Fwp%2Fv2%2Fcategories&post=29649"},{"taxonomy":"post_tag","embeddable":true,"href":"http:\/\/info.sadowne.pl\/index.php?rest_route=%2Fwp%2Fv2%2Ftags&post=29649"}],"curies":[{"name":"wp","href":"https:\/\/api.w.org\/{rel}","templated":true}]}}