{"id":29687,"date":"2024-12-16T17:56:47","date_gmt":"2024-12-16T16:56:47","guid":{"rendered":"http:\/\/info.sadowne.pl\/?p=29687"},"modified":"2024-12-16T17:56:47","modified_gmt":"2024-12-16T16:56:47","slug":"zdarzenia-drogowe-10-15-12-2024","status":"publish","type":"post","link":"http:\/\/info.sadowne.pl\/?p=29687","title":{"rendered":"Zdarzenia drogowe 10 \u2013 15.12.2024"},"content":{"rendered":"<p><strong><a href=\"http:\/\/info.sadowne.pl\/wp-content\/uploads\/2024\/11\/policjadrogowa.jpg\"><img loading=\"lazy\" decoding=\"async\" class=\"alignleft size-thumbnail wp-image-29544\" src=\"http:\/\/info.sadowne.pl\/wp-content\/uploads\/2024\/11\/policjadrogowa-180x130.jpg\" alt=\"\" width=\"180\" height=\"130\" \/><\/a>W ostatnich dniach na terenie pow. w\u0119growskiego dosz\u0142o do kilku zdarze\u0144 drogowych. Policjanci apeluj\u0105 o rozwag\u0119 i ostro\u017cno\u015b\u0107.<\/strong><!--more--><\/p>\n<p>10 grudnia w m. W\u0119gr\u00f3w mieszkanka pow. w\u0119growskiego, kieruj\u0105c pojazdem marki Audi nie zachowa\u0142a bezpiecznej odleg\u0142o\u015bci od poprzedzaj\u0105cego j\u0105 pojazdu\u00a0 marki Opel. Nikt nie dozna\u0142 obra\u017ce\u0144.<\/p>\n<p>12 grudnia w m. Kopcie mieszkanka pow. siedleckiego, kieruj\u0105c pojazdem marki Peugeot podczas wykonywania manewru wymijania straci\u0142a panowanie nad pojazdem i zjecha\u0142a do przydro\u017cnego rowu wywracaj\u0105c sw\u00f3j pojazd. Nikt nie dozna\u0142 obra\u017ce\u0144.<\/p>\n<p>W tym samym dniu w m. \u0141och\u00f3w dosz\u0142o do zdarzenia drogowego samochodu ci\u0119\u017carowego z osobowym. Mieszkaniec pow. szyd\u0142owieckiego, kieruj\u0105c pojazdem ci\u0119\u017carowym marki scania wraz z naczep\u0105 uderzy\u0142 w ty\u0142 pojazdu marki Renault. Nikt nie dozna\u0142 obra\u017ce\u0144.<\/p>\n<p>15 grudnia w m. Liw mieszkanka pow. w\u0119growskiego, kieruj\u0105c pojazdem marki Fiat na \u0142uku drogi nie dostosowa\u0142a pr\u0119dko\u015bci do warunk\u00f3w panuj\u0105cych na drodze , w\u00a0 wyniku czego doprowadzi\u0142 do zderzenia z jad\u0105cym z naprzeciwka pojazdem marki Toyota.<\/p>\n<p>Tego samego dnia w m. Wieliczna mieszkaniec pow. w\u0119growskiego, kieruj\u0105c pojazdem marki Mercedes uderzy\u0142 w sarn\u0119 , kt\u00f3ra wbieg\u0142a przed pojazd. Nikt nie dozna\u0142 obra\u017ce\u0144.<\/p>\n<p><strong>asp. Monika Ksi\u0119\u017copolska<\/strong><\/p>\n","protected":false},"excerpt":{"rendered":"<p>W ostatnich dniach na terenie pow. w\u0119growskiego dosz\u0142o do kilku zdarze\u0144 drogowych. Policjanci apeluj\u0105 o rozwag\u0119 i ostro\u017cno\u015b\u0107.<\/p>\n","protected":false},"author":1,"featured_media":0,"comment_status":"closed","ping_status":"closed","sticky":false,"template":"","format":"standard","meta":{"footnotes":""},"categories":[5,266,4],"tags":[261,2514],"class_list":["post-29687","post","type-post","status-publish","format-standard","hentry","category-newsy","category-policja-policja-straz-pozarna-pogotowie-ratunkowe","category-policja-straz-pozarna-pogotowie-ratunkowe","tag-komenda-powiatowa-policji-w-wegrowie","tag-zdarzenia-drogowe-w-powiecie-wegrowskim"],"views":1284,"_links":{"self":[{"href":"http:\/\/info.sadowne.pl\/index.php?rest_route=\/wp\/v2\/posts\/29687","targetHints":{"allow":["GET"]}}],"collection":[{"href":"http:\/\/info.sadowne.pl\/index.php?rest_route=\/wp\/v2\/posts"}],"about":[{"href":"http:\/\/info.sadowne.pl\/index.php?rest_route=\/wp\/v2\/types\/post"}],"author":[{"embeddable":true,"href":"http:\/\/info.sadowne.pl\/index.php?rest_route=\/wp\/v2\/users\/1"}],"replies":[{"embeddable":true,"href":"http:\/\/info.sadowne.pl\/index.php?rest_route=%2Fwp%2Fv2%2Fcomments&post=29687"}],"version-history":[{"count":1,"href":"http:\/\/info.sadowne.pl\/index.php?rest_route=\/wp\/v2\/posts\/29687\/revisions"}],"predecessor-version":[{"id":29688,"href":"http:\/\/info.sadowne.pl\/index.php?rest_route=\/wp\/v2\/posts\/29687\/revisions\/29688"}],"wp:attachment":[{"href":"http:\/\/info.sadowne.pl\/index.php?rest_route=%2Fwp%2Fv2%2Fmedia&parent=29687"}],"wp:term":[{"taxonomy":"category","embeddable":true,"href":"http:\/\/info.sadowne.pl\/index.php?rest_route=%2Fwp%2Fv2%2Fcategories&post=29687"},{"taxonomy":"post_tag","embeddable":true,"href":"http:\/\/info.sadowne.pl\/index.php?rest_route=%2Fwp%2Fv2%2Ftags&post=29687"}],"curies":[{"name":"wp","href":"https:\/\/api.w.org\/{rel}","templated":true}]}}