{"id":29689,"date":"2024-12-16T18:08:08","date_gmt":"2024-12-16T17:08:08","guid":{"rendered":"http:\/\/info.sadowne.pl\/?p=29689"},"modified":"2024-12-16T18:08:08","modified_gmt":"2024-12-16T17:08:08","slug":"dofinansowanie-dla-osp-w-zielencu","status":"publish","type":"post","link":"http:\/\/info.sadowne.pl\/?p=29689","title":{"rendered":"Dofinansowanie dla OSP w Ziele\u0144cu"},"content":{"rendered":"<p><strong><a href=\"http:\/\/info.sadowne.pl\/wp-content\/uploads\/2024\/12\/2024.12.16.7.jpg\"><img loading=\"lazy\" decoding=\"async\" class=\"alignleft size-thumbnail wp-image-29695\" src=\"http:\/\/info.sadowne.pl\/wp-content\/uploads\/2024\/12\/2024.12.16.7-180x130.jpg\" alt=\"\" width=\"180\" height=\"130\" \/><\/a>W dniu 25 listopada 2024 r. Ochotnicza Stra\u017c Po\u017carna w Ziele\u0144cu, reprezentowana przez Jaros\u0142awa Pop\u0142awskiego &#8211; Prezesa i Paw\u0142a Feli\u0144skiego &#8211; Skarbnika, podpisa\u0142a umow\u0119 z Narodowym Instytutem Wolno\u015bci <\/strong><!--more--><\/p>\n<p><strong>\u2013 Centrum Rozwoju Spo\u0142ecze\u0144stwa Obywatelskiego z siedzib\u0105 w Warszawie na realizacj\u0119 zadania pod tytu\u0142em: \u201eWsparcie po kradzie\u017cy\u201d.<\/strong><\/p>\n<p>Umowa zosta\u0142a podpisana w zwi\u0105zku z pozytywn\u0105 ocen\u0105 z\u0142o\u017conego wniosku w ramach Rz\u0105dowego Programu Rozwoju Organizacji Obywatelskich na lata 2018\u20132030 PROO \u2013 Priorytet 5 Wsparcie dora\u017ane, Edycja 2024.<\/p>\n<p>Na realizacj\u0119 zadania OSP w Ziele\u0144cu otrzyma\u0142a dofinansowanie w \u0142\u0105cznej wysoko\u015bci <strong>9 987,00 z\u0142,<\/strong> za kt\u00f3re zosta\u0142y zakupione:<\/p>\n<p>&#8211; Przecinarka spalinowa STIHL TS 420 o warto\u015bci 4 590,00 z\u0142<\/p>\n<p>&#8211; Pilarka STIHL MS 261 325 PRO o warto\u015bci 3 399,00 z\u0142<\/p>\n<p>&#8211; Radiotelefon Motorola GP 360 -2 szt. o warto\u015bci 1 998,00 z\u0142<\/p>\n<p>Pozyskane wsparcie jest kluczowe dla zapewnienia dalszego funkcjonowania OSP i bezpiecze\u0144stwa lokalnej spo\u0142eczno\u015bci.<\/p>\n\n\t\t<style type=\"text\/css\">\n\t\t\t#gallery-1 {\n\t\t\t\tmargin: auto;\n\t\t\t}\n\t\t\t#gallery-1 .gallery-item {\n\t\t\t\tfloat: left;\n\t\t\t\tmargin-top: 10px;\n\t\t\t\ttext-align: center;\n\t\t\t\twidth: 33%;\n\t\t\t}\n\t\t\t#gallery-1 img {\n\t\t\t\tborder: 2px solid #cfcfcf;\n\t\t\t}\n\t\t\t#gallery-1 .gallery-caption {\n\t\t\t\tmargin-left: 0;\n\t\t\t}\n\t\t\t\/* see gallery_shortcode() in wp-includes\/media.php *\/\n\t\t<\/style>\n\t\t<div id='gallery-1' class='gallery galleryid-29689 gallery-columns-3 gallery-size-thumbnail'><dl class='gallery-item'>\n\t\t\t<dt class='gallery-icon portrait'>\n\t\t\t\t<a href='http:\/\/info.sadowne.pl\/?attachment_id=29690'><img loading=\"lazy\" decoding=\"async\" width=\"180\" height=\"130\" src=\"http:\/\/info.sadowne.pl\/wp-content\/uploads\/2024\/12\/2024.12.16.2-180x130.jpg\" class=\"attachment-thumbnail size-thumbnail\" alt=\"\" \/><\/a>\n\t\t\t<\/dt><\/dl><dl class='gallery-item'>\n\t\t\t<dt class='gallery-icon portrait'>\n\t\t\t\t<a href='http:\/\/info.sadowne.pl\/?attachment_id=29691'><img loading=\"lazy\" decoding=\"async\" width=\"180\" height=\"130\" src=\"http:\/\/info.sadowne.pl\/wp-content\/uploads\/2024\/12\/2024.12.16.3-180x130.jpg\" class=\"attachment-thumbnail size-thumbnail\" alt=\"\" \/><\/a>\n\t\t\t<\/dt><\/dl><dl class='gallery-item'>\n\t\t\t<dt class='gallery-icon portrait'>\n\t\t\t\t<a href='http:\/\/info.sadowne.pl\/?attachment_id=29692'><img loading=\"lazy\" decoding=\"async\" width=\"180\" height=\"130\" src=\"http:\/\/info.sadowne.pl\/wp-content\/uploads\/2024\/12\/2024.12.16.4-180x130.jpg\" class=\"attachment-thumbnail size-thumbnail\" alt=\"\" \/><\/a>\n\t\t\t<\/dt><\/dl><br style=\"clear: both\" \/><dl class='gallery-item'>\n\t\t\t<dt class='gallery-icon portrait'>\n\t\t\t\t<a href='http:\/\/info.sadowne.pl\/?attachment_id=29693'><img loading=\"lazy\" decoding=\"async\" width=\"180\" height=\"130\" src=\"http:\/\/info.sadowne.pl\/wp-content\/uploads\/2024\/12\/2024.12.16.5-180x130.jpg\" class=\"attachment-thumbnail size-thumbnail\" alt=\"\" \/><\/a>\n\t\t\t<\/dt><\/dl><dl class='gallery-item'>\n\t\t\t<dt class='gallery-icon portrait'>\n\t\t\t\t<a href='http:\/\/info.sadowne.pl\/?attachment_id=29694'><img loading=\"lazy\" decoding=\"async\" width=\"180\" height=\"130\" src=\"http:\/\/info.sadowne.pl\/wp-content\/uploads\/2024\/12\/2024.12.16.6-180x130.jpg\" class=\"attachment-thumbnail size-thumbnail\" alt=\"\" \/><\/a>\n\t\t\t<\/dt><\/dl><dl class='gallery-item'>\n\t\t\t<dt class='gallery-icon portrait'>\n\t\t\t\t<a href='http:\/\/info.sadowne.pl\/?attachment_id=29695'><img loading=\"lazy\" decoding=\"async\" width=\"180\" height=\"130\" src=\"http:\/\/info.sadowne.pl\/wp-content\/uploads\/2024\/12\/2024.12.16.7-180x130.jpg\" class=\"attachment-thumbnail size-thumbnail\" alt=\"\" \/><\/a>\n\t\t\t<\/dt><\/dl><br style=\"clear: both\" \/>\n\t\t<\/div>\n\n<p><a href=\"http:\/\/info.sadowne.pl\/wp-content\/uploads\/2024\/12\/2024.12.16.1.jpg\"><img loading=\"lazy\" decoding=\"async\" class=\"aligncenter wp-image-29696 size-full\" src=\"http:\/\/info.sadowne.pl\/wp-content\/uploads\/2024\/12\/2024.12.16.1.jpg\" alt=\"\" width=\"605\" height=\"214\" srcset=\"http:\/\/info.sadowne.pl\/wp-content\/uploads\/2024\/12\/2024.12.16.1.jpg 605w, http:\/\/info.sadowne.pl\/wp-content\/uploads\/2024\/12\/2024.12.16.1-300x106.jpg 300w\" sizes=\"auto, (max-width: 605px) 100vw, 605px\" \/><\/a><\/p>\n<p><strong>Tekst\/foto: <\/strong>Jaros\u0142aw Pop\u0142awski<\/p>\n","protected":false},"excerpt":{"rendered":"<p>W dniu 25 listopada 2024 r. Ochotnicza Stra\u017c Po\u017carna w Ziele\u0144cu, reprezentowana przez Jaros\u0142awa Pop\u0142awskiego &#8211; Prezesa i Paw\u0142a Feli\u0144skiego &#8211; Skarbnika, podpisa\u0142a umow\u0119 z Narodowym Instytutem Wolno\u015bci<\/p>\n","protected":false},"author":1,"featured_media":0,"comment_status":"closed","ping_status":"closed","sticky":false,"template":"","format":"standard","meta":{"footnotes":""},"categories":[2389,4],"tags":[4223,2852],"class_list":["post-29689","post","type-post","status-publish","format-standard","hentry","category-osp-zieleniec","category-policja-straz-pozarna-pogotowie-ratunkowe","tag-dofinansowanie-dla-osp-w-zielencu","tag-osp-zieleniec"],"views":1241,"_links":{"self":[{"href":"http:\/\/info.sadowne.pl\/index.php?rest_route=\/wp\/v2\/posts\/29689","targetHints":{"allow":["GET"]}}],"collection":[{"href":"http:\/\/info.sadowne.pl\/index.php?rest_route=\/wp\/v2\/posts"}],"about":[{"href":"http:\/\/info.sadowne.pl\/index.php?rest_route=\/wp\/v2\/types\/post"}],"author":[{"embeddable":true,"href":"http:\/\/info.sadowne.pl\/index.php?rest_route=\/wp\/v2\/users\/1"}],"replies":[{"embeddable":true,"href":"http:\/\/info.sadowne.pl\/index.php?rest_route=%2Fwp%2Fv2%2Fcomments&post=29689"}],"version-history":[{"count":1,"href":"http:\/\/info.sadowne.pl\/index.php?rest_route=\/wp\/v2\/posts\/29689\/revisions"}],"predecessor-version":[{"id":29697,"href":"http:\/\/info.sadowne.pl\/index.php?rest_route=\/wp\/v2\/posts\/29689\/revisions\/29697"}],"wp:attachment":[{"href":"http:\/\/info.sadowne.pl\/index.php?rest_route=%2Fwp%2Fv2%2Fmedia&parent=29689"}],"wp:term":[{"taxonomy":"category","embeddable":true,"href":"http:\/\/info.sadowne.pl\/index.php?rest_route=%2Fwp%2Fv2%2Fcategories&post=29689"},{"taxonomy":"post_tag","embeddable":true,"href":"http:\/\/info.sadowne.pl\/index.php?rest_route=%2Fwp%2Fv2%2Ftags&post=29689"}],"curies":[{"name":"wp","href":"https:\/\/api.w.org\/{rel}","templated":true}]}}