{"id":29761,"date":"2025-01-21T13:21:35","date_gmt":"2025-01-21T12:21:35","guid":{"rendered":"http:\/\/info.sadowne.pl\/?p=29761"},"modified":"2025-01-21T13:21:35","modified_gmt":"2025-01-21T12:21:35","slug":"kronika-policyjna-13-18-01-2025","status":"publish","type":"post","link":"http:\/\/info.sadowne.pl\/?p=29761","title":{"rendered":"Kronika policyjna 13 \u2013 18.01.2025"},"content":{"rendered":"<p><strong><a href=\"http:\/\/info.sadowne.pl\/wp-content\/uploads\/2024\/11\/policjadrogowa.jpg\"><img loading=\"lazy\" decoding=\"async\" class=\"alignleft size-thumbnail wp-image-29544\" src=\"http:\/\/info.sadowne.pl\/wp-content\/uploads\/2024\/11\/policjadrogowa-180x130.jpg\" alt=\"\" width=\"180\" height=\"130\" \/><\/a>W ostatnich dniach na terenie pow. w\u0119growskiego dosz\u0142o do kilku zdarze\u0144 drogowych. Policjanci apeluj\u0105 o rozwag\u0119 i ostro\u017cno\u015b\u0107.<\/strong><!--more--><\/p>\n<p>13 stycznia w m. \u0141och\u00f3w mieszkanka pow. w\u0119growskiego, kieruj\u0105c pojazdem marki Nissan uderzy\u0142a w sarn\u0119, kt\u00f3ra wtargn\u0119\u0142a na jezdnie. Nikt nie dozna\u0142 obra\u017ce\u0144.<\/p>\n<p>15 stycznia w m. Sok\u00f3\u0142ka mieszkaniec pow. w\u0119growskiego, kieruj\u0105c pojazdem marki Audi na bardzo \u015bliskiej nawierzchni jezdni na \u0142uku drogi zjecha\u0142 na prawe pobocze i uderzy\u0142 w s\u0142up o\u015bwietlenia ulicznego. Nikt nie dozna\u0142 obra\u017ce\u0144.<\/p>\n<p>17 stycznia w m. Krypy mieszkanka pow. w\u0119growskiego, kieruj\u0105c pojazdem marki Seat uderzy\u0142a w sarn\u0119, kt\u00f3ra wbieg\u0142am na jezdni\u0119. Kieruj\u0105ca nie dozna\u0142a obra\u017ce\u0144.<\/p>\n<p>18 stycze\u0144 w m. Majdan mieszkaniec pow. w\u0119growskiego kieruj\u0105c pojazdem marki Mercedes najecha\u0142 na dziur\u0119 znajduj\u0105c\u0105 si\u0119 w jezdni i uszkodzi\u0142 opon\u0119. Nikt nie dozna\u0142 obra\u017ce\u0144.<\/p>\n<p><strong>asp. Monika Ksi\u0119\u017copolska<\/strong><\/p>\n","protected":false},"excerpt":{"rendered":"<p>W ostatnich dniach na terenie pow. w\u0119growskiego dosz\u0142o do kilku zdarze\u0144 drogowych. Policjanci apeluj\u0105 o rozwag\u0119 i ostro\u017cno\u015b\u0107.<\/p>\n","protected":false},"author":1,"featured_media":0,"comment_status":"closed","ping_status":"closed","sticky":false,"template":"","format":"standard","meta":{"footnotes":""},"categories":[5,266,4],"tags":[261,2514],"class_list":["post-29761","post","type-post","status-publish","format-standard","hentry","category-newsy","category-policja-policja-straz-pozarna-pogotowie-ratunkowe","category-policja-straz-pozarna-pogotowie-ratunkowe","tag-komenda-powiatowa-policji-w-wegrowie","tag-zdarzenia-drogowe-w-powiecie-wegrowskim"],"views":1304,"_links":{"self":[{"href":"http:\/\/info.sadowne.pl\/index.php?rest_route=\/wp\/v2\/posts\/29761","targetHints":{"allow":["GET"]}}],"collection":[{"href":"http:\/\/info.sadowne.pl\/index.php?rest_route=\/wp\/v2\/posts"}],"about":[{"href":"http:\/\/info.sadowne.pl\/index.php?rest_route=\/wp\/v2\/types\/post"}],"author":[{"embeddable":true,"href":"http:\/\/info.sadowne.pl\/index.php?rest_route=\/wp\/v2\/users\/1"}],"replies":[{"embeddable":true,"href":"http:\/\/info.sadowne.pl\/index.php?rest_route=%2Fwp%2Fv2%2Fcomments&post=29761"}],"version-history":[{"count":1,"href":"http:\/\/info.sadowne.pl\/index.php?rest_route=\/wp\/v2\/posts\/29761\/revisions"}],"predecessor-version":[{"id":29762,"href":"http:\/\/info.sadowne.pl\/index.php?rest_route=\/wp\/v2\/posts\/29761\/revisions\/29762"}],"wp:attachment":[{"href":"http:\/\/info.sadowne.pl\/index.php?rest_route=%2Fwp%2Fv2%2Fmedia&parent=29761"}],"wp:term":[{"taxonomy":"category","embeddable":true,"href":"http:\/\/info.sadowne.pl\/index.php?rest_route=%2Fwp%2Fv2%2Fcategories&post=29761"},{"taxonomy":"post_tag","embeddable":true,"href":"http:\/\/info.sadowne.pl\/index.php?rest_route=%2Fwp%2Fv2%2Ftags&post=29761"}],"curies":[{"name":"wp","href":"https:\/\/api.w.org\/{rel}","templated":true}]}}