{"id":29776,"date":"2025-01-29T15:20:17","date_gmt":"2025-01-29T14:20:17","guid":{"rendered":"http:\/\/info.sadowne.pl\/?p=29776"},"modified":"2025-01-29T15:20:17","modified_gmt":"2025-01-29T14:20:17","slug":"kronika-policyjna-20-26-01-2025","status":"publish","type":"post","link":"http:\/\/info.sadowne.pl\/?p=29776","title":{"rendered":"Kronika policyjna 20 \u2013 26.01.2025"},"content":{"rendered":"<p><strong><a href=\"http:\/\/info.sadowne.pl\/wp-content\/uploads\/2024\/11\/policjadrogowa.jpg\"><img loading=\"lazy\" decoding=\"async\" class=\"alignleft size-thumbnail wp-image-29544\" src=\"http:\/\/info.sadowne.pl\/wp-content\/uploads\/2024\/11\/policjadrogowa-180x130.jpg\" alt=\"\" width=\"180\" height=\"130\" \/><\/a>W ostatnich dniach na terenie pow. w\u0119growskiego dosz\u0142o do kilku zdarze\u0144 drogowych. Policjanci apeluj\u0105 o rozwag\u0119 i ostro\u017cno\u015b\u0107.<\/strong><!--more--><\/p>\n<p>20 stycznia w m. \u015anice mieszkanka pow. soko\u0142owskiego, kieruj\u0105c pojazdem marki Peugeot w wyniku z\u0142ych warunk\u00f3w atmosferycznych ( mg\u0142a) uderzy\u0142a w przydro\u017cn\u0105 skarp\u0119 w wyniku czego pojazd wywr\u00f3ci\u0142 si\u0119 na dach. W wyniku doznanych obra\u017ce\u0144 zosta\u0142a przewieziona do szpitala.<\/p>\n<p>W tym samym dniu w m. \u017belaz\u00f3w mieszkaniec pow. w\u0119growskiego, kieruj\u0105c pojazdem marki Ford uderzy\u0142 w psa, kt\u00f3ry wbieg\u0142 na jezdni\u0119. Ranne zwierz\u0119 trafi\u0142o pod opiek\u0119 weterynarza.<\/p>\n<p>20 stycznia w m. \u0141och\u00f3w mieszkaniec, pow. w\u0119growskiego, kieruj\u0105c pojazdem marki Fiat na \u0142uku drogi nie dostosowa\u0142 pr\u0119dko\u015bci do warunk\u00f3w panuj\u0105cych na drodze w sutek czego zjecha\u0142 do przydro\u017cnego rowu. Nikt nie dozna\u0142 obra\u017ce\u0144.<\/p>\n<p>22 stycznia w m. W\u0119gr\u00f3w dosz\u0142o do zdarzenia drogowego, gdzie \u015bmier\u0107 poni\u00f3s\u0142 pieszy mieszkaniec pow. w\u0119growskiego.\u00a0 W chwili obecnej nie znane s\u0105 okoliczno\u015bci w jakich dosz\u0142o do potr\u0105cenia m\u0119\u017cczyzny.<\/p>\n<p>23 stycznia w m. \u0141och\u00f3w mieszkanka Warszawy, kieruj\u0105c pojazdem marki Peugeot podczas wykonywania manewru cofania nie zachowa\u0142a nale\u017cytej ostro\u017cno\u015bci i uderzy\u0142a w pojazd marki Skoda. Nikt nie dozna\u0142 obra\u017ce\u0144.<\/p>\n<p>24 stycznia w m. Liw mieszkaniec pow. soko\u0142owskiego, kieruj\u0105c pojazdem marki Renault nie ust\u0105pi\u0142 pierwsze\u0144stwa przejazdu kieruj\u0105cej pojazdem marki Skoda doprowadzaj\u0105c do zderzenia. Nikt nie dozna\u0142 obra\u017ce\u0144.<\/p>\n<p>25 stycznia w m. Krypy mieszkaniec pow. w\u0119growskiego, kieruj\u0105c pojazdem marki Ford uderzy\u0142 w sarn\u0119, kt\u00f3ra wtargn\u0119\u0142a na jezdni\u0119. Nikt nie dozna\u0142 obra\u017ce\u0144.<\/p>\n<p>W tym samym dniu w m. Grygr\u00f3w mieszkaniec pow. soko\u0142owskiego, kieruj\u0105c pojazdem marki Skoda r\u00f3wnie\u017c uderzy\u0142 w sarn\u0119 kt\u00f3ra wtargn\u0119\u0142a na jezdni\u0119. Zwierz\u0119 pad\u0142o na miejscu.<\/p>\n<p>26 stycznia w m. Seweryn\u00f3w mieszkaniec pow. w\u0119growskiego, kieruj\u0105c pojazdem marki Fiat nie ust\u0105pi\u0142 pierwsze\u0144stwa przejazdu kieruj\u0105cemu pojazdem marki Ford doprowadzaj\u0105c do zderzenia. Nikt nie dozna\u0142 obra\u017ce\u0144.<\/p>\n<p><strong>asp. Monika Ksi\u0119\u017copolska<\/strong><\/p>\n","protected":false},"excerpt":{"rendered":"<p>W ostatnich dniach na terenie pow. w\u0119growskiego dosz\u0142o do kilku zdarze\u0144 drogowych. Policjanci apeluj\u0105 o rozwag\u0119 i ostro\u017cno\u015b\u0107.<\/p>\n","protected":false},"author":1,"featured_media":0,"comment_status":"closed","ping_status":"closed","sticky":false,"template":"","format":"standard","meta":{"footnotes":""},"categories":[5,266,4],"tags":[261,2514],"class_list":["post-29776","post","type-post","status-publish","format-standard","hentry","category-newsy","category-policja-policja-straz-pozarna-pogotowie-ratunkowe","category-policja-straz-pozarna-pogotowie-ratunkowe","tag-komenda-powiatowa-policji-w-wegrowie","tag-zdarzenia-drogowe-w-powiecie-wegrowskim"],"views":1224,"_links":{"self":[{"href":"http:\/\/info.sadowne.pl\/index.php?rest_route=\/wp\/v2\/posts\/29776","targetHints":{"allow":["GET"]}}],"collection":[{"href":"http:\/\/info.sadowne.pl\/index.php?rest_route=\/wp\/v2\/posts"}],"about":[{"href":"http:\/\/info.sadowne.pl\/index.php?rest_route=\/wp\/v2\/types\/post"}],"author":[{"embeddable":true,"href":"http:\/\/info.sadowne.pl\/index.php?rest_route=\/wp\/v2\/users\/1"}],"replies":[{"embeddable":true,"href":"http:\/\/info.sadowne.pl\/index.php?rest_route=%2Fwp%2Fv2%2Fcomments&post=29776"}],"version-history":[{"count":1,"href":"http:\/\/info.sadowne.pl\/index.php?rest_route=\/wp\/v2\/posts\/29776\/revisions"}],"predecessor-version":[{"id":29777,"href":"http:\/\/info.sadowne.pl\/index.php?rest_route=\/wp\/v2\/posts\/29776\/revisions\/29777"}],"wp:attachment":[{"href":"http:\/\/info.sadowne.pl\/index.php?rest_route=%2Fwp%2Fv2%2Fmedia&parent=29776"}],"wp:term":[{"taxonomy":"category","embeddable":true,"href":"http:\/\/info.sadowne.pl\/index.php?rest_route=%2Fwp%2Fv2%2Fcategories&post=29776"},{"taxonomy":"post_tag","embeddable":true,"href":"http:\/\/info.sadowne.pl\/index.php?rest_route=%2Fwp%2Fv2%2Ftags&post=29776"}],"curies":[{"name":"wp","href":"https:\/\/api.w.org\/{rel}","templated":true}]}}