{"id":29796,"date":"2025-02-03T17:11:20","date_gmt":"2025-02-03T16:11:20","guid":{"rendered":"http:\/\/info.sadowne.pl\/?p=29796"},"modified":"2025-02-03T17:11:49","modified_gmt":"2025-02-03T16:11:49","slug":"kronika-policyjna-2","status":"publish","type":"post","link":"http:\/\/info.sadowne.pl\/?p=29796","title":{"rendered":"Kronika policyjna 27.01 &#8211; 01.02.2025"},"content":{"rendered":"<div class=\"head\">\n<p class=\"intro\"><strong><a href=\"http:\/\/info.sadowne.pl\/wp-content\/uploads\/2024\/11\/policjadrogowa.jpg\"><img loading=\"lazy\" decoding=\"async\" class=\"alignleft wp-image-29544 size-thumbnail\" src=\"http:\/\/info.sadowne.pl\/wp-content\/uploads\/2024\/11\/policjadrogowa-180x130.jpg\" alt=\"\" width=\"180\" height=\"130\" \/><\/a>W ostatnich dniach na terenie pow. w\u0119growskiego dosz\u0142o do kilku zdarze\u0144 drogowych. Policjanci apeluj\u0105 o rozwag\u0119 i ostro\u017cno\u015b\u0107.<\/strong><\/p>\n<\/div>\n<p><!--more--><\/p>\n<div class=\"head\">\n<p class=\"intro\">W dniu 27 stycznia w m. Sadowne mieszkaniec pow. mi\u0144skiego, kieruj\u0105c pojazdem ci\u0119\u017carowym marki Man uderzy\u0142 w jelenia, kt\u00f3ry wszed\u0142 na jezdni\u0119. Nikt nie dozna\u0142 obra\u017ce\u0144. Zwierz\u0119 uciek\u0142o.<\/p>\n<\/div>\n<p>28 stycznia w m. P\u0142atkownica kieruj\u0105cy pojazdem ci\u0119\u017carowym marki Daf zasn\u0105\u0142 podczas jazdy i zjecha\u0142 do rowu wywracaj\u0105c pojazd na bok. Nikt nie dozna\u0142 obra\u017ce\u0144.<\/p>\n<p>W tym samym dniu w m. W\u0119gr\u00f3w mieszkaniec pow. soko\u0142owskiego, kieruj\u0105c pojazdem marki Renault nie dostosowa\u0142 pr\u0119dko\u015bci do warunk\u00f3w panuj\u0105cych na drodze w wyniku czego na \u0142uku drogi straci\u0142 panowanie nad pojazdem a nast\u0119pnie zjecha\u0142 do pobliskiego rowu wywracaj\u0105c pojazd. Nikt nie dozna\u0142 obra\u017ce\u0144.<\/p>\n<p>30 stycznia w m. W\u0119gr\u00f3w mieszkanka pow. w\u0119growskiego nie posiadaj\u0105c wymaganych uprawnie\u0144, kierowa\u0142a pojazdem marki BMW oraz bra\u0142a udzia\u0142 w zdarzeniu drogowym w kt\u00f3rym nikt nie dozna\u0142 obra\u017ce\u0144. Post\u0119powanie prowadzi KPP w W\u0119growie.<\/p>\n<p>Tego samego dnia w m. Top\u00f3r obywatel Ukrainy kieruj\u0105c pojazdem marki Mercedes nie zachowa\u0142 bezpiecznej odleg\u0142o\u015bci od poprzedzaj\u0105c go pojazdu marki VW w wyniku czego doprowadzi\u0142 do zderzenia si\u0119 pojazd\u00f3w. Nikt nie dozna\u0142 obra\u017ce\u0144.<\/p>\n<p>31 stycznia w m. W\u0119gr\u00f3w mieszkanka pow. w\u0119growskiego, kieruj\u0105c pojazdem marki BMW nie dostosowa\u0142a pr\u0119dko\u015bci do warunk\u00f3w panuj\u0105cych na drodze w wyniku czego najecha\u0142 na latarni\u0119 uliczn\u0105. Nikt nie dozna\u0142 obra\u017ce\u0144.<\/p>\n<p>W tym samym dniu w m. Zieleniec prawdopodobnie\u00a0 mieszkaniec pow. hajnowskiego, kieruj\u0105c pojazdem marki BMW bra\u0142 udzia\u0142 w zdarzeniu drogowym z pojazdem marki Toyota, z kt\u00f3rego to miejsca si\u0119 oddali\u0142. Post\u0119powanie prowadzi KP w \u0141ochowie.<\/p>\n<p>01 lutego w m. W\u0119gr\u00f3w dosz\u0142o do zdarzenia drogowego pojazdu Mercedes oraz Ford. Kieruj\u0105cy Mercedesem oddali\u0142 si\u0119 z miejsca zdarzenia po czym powr\u00f3ci\u0142. Nikt nie dozna\u0142 obra\u017ce\u0144. Post\u0119powanie prowadzi KPP w W\u0119growie.<\/p>\n<p><strong>asp. Monika Ksi\u0119\u017copolska<\/strong><\/p>\n","protected":false},"excerpt":{"rendered":"<p>W ostatnich dniach na terenie pow. w\u0119growskiego dosz\u0142o do kilku zdarze\u0144 drogowych. Policjanci apeluj\u0105 o rozwag\u0119 i ostro\u017cno\u015b\u0107.<\/p>\n","protected":false},"author":1,"featured_media":0,"comment_status":"closed","ping_status":"closed","sticky":false,"template":"","format":"standard","meta":{"footnotes":""},"categories":[5,266,4],"tags":[261,3174,2514],"class_list":["post-29796","post","type-post","status-publish","format-standard","hentry","category-newsy","category-policja-policja-straz-pozarna-pogotowie-ratunkowe","category-policja-straz-pozarna-pogotowie-ratunkowe","tag-komenda-powiatowa-policji-w-wegrowie","tag-kronika-policyjna","tag-zdarzenia-drogowe-w-powiecie-wegrowskim"],"views":1207,"_links":{"self":[{"href":"http:\/\/info.sadowne.pl\/index.php?rest_route=\/wp\/v2\/posts\/29796","targetHints":{"allow":["GET"]}}],"collection":[{"href":"http:\/\/info.sadowne.pl\/index.php?rest_route=\/wp\/v2\/posts"}],"about":[{"href":"http:\/\/info.sadowne.pl\/index.php?rest_route=\/wp\/v2\/types\/post"}],"author":[{"embeddable":true,"href":"http:\/\/info.sadowne.pl\/index.php?rest_route=\/wp\/v2\/users\/1"}],"replies":[{"embeddable":true,"href":"http:\/\/info.sadowne.pl\/index.php?rest_route=%2Fwp%2Fv2%2Fcomments&post=29796"}],"version-history":[{"count":2,"href":"http:\/\/info.sadowne.pl\/index.php?rest_route=\/wp\/v2\/posts\/29796\/revisions"}],"predecessor-version":[{"id":29798,"href":"http:\/\/info.sadowne.pl\/index.php?rest_route=\/wp\/v2\/posts\/29796\/revisions\/29798"}],"wp:attachment":[{"href":"http:\/\/info.sadowne.pl\/index.php?rest_route=%2Fwp%2Fv2%2Fmedia&parent=29796"}],"wp:term":[{"taxonomy":"category","embeddable":true,"href":"http:\/\/info.sadowne.pl\/index.php?rest_route=%2Fwp%2Fv2%2Fcategories&post=29796"},{"taxonomy":"post_tag","embeddable":true,"href":"http:\/\/info.sadowne.pl\/index.php?rest_route=%2Fwp%2Fv2%2Ftags&post=29796"}],"curies":[{"name":"wp","href":"https:\/\/api.w.org\/{rel}","templated":true}]}}