{"id":29826,"date":"2025-02-10T17:11:22","date_gmt":"2025-02-10T16:11:22","guid":{"rendered":"http:\/\/info.sadowne.pl\/?p=29826"},"modified":"2025-02-10T17:11:22","modified_gmt":"2025-02-10T16:11:22","slug":"kronika-policyjna-06-09-02-2025","status":"publish","type":"post","link":"http:\/\/info.sadowne.pl\/?p=29826","title":{"rendered":"Kronika policyjna 06 \u2013 09.02.2025"},"content":{"rendered":"<p><strong><a href=\"http:\/\/info.sadowne.pl\/wp-content\/uploads\/2024\/11\/policjadrogowa.jpg\"><img loading=\"lazy\" decoding=\"async\" class=\"alignleft size-thumbnail wp-image-29544\" src=\"http:\/\/info.sadowne.pl\/wp-content\/uploads\/2024\/11\/policjadrogowa-180x130.jpg\" alt=\"\" width=\"180\" height=\"130\" \/><\/a>W ostatnich dniach na terenie pow. w\u0119growskiego dosz\u0142o do kilku zdarze\u0144 drogowych. Policjanci apeluj\u0105 o rozwag\u0119 i ostro\u017cno\u015b\u0107.<\/strong><strong>\u00a0<\/strong><!--more--><\/p>\n<p>06 luty w m. Szaruty mieszkaniec pow. w\u0119growskiego, kieruj\u0105c pojazdem marki Skoda w warunkach ograniczonej widoczno\u015bci z powodu mg\u0142y najecha\u0142 na ty\u0142 poruszaj\u0105cego si\u0119 w tym samym kierunku motoroweru marki Ferro. W wyniku zderzenia kieruj\u0105cy motorowerem dozna\u0142 obra\u017ce\u0144 cia\u0142a. Post\u0119powanie prowadzi KPP w W\u0119growie.<\/p>\n<p>09 lutego w m. Sulki mieszkaniec pow. siedleckiego, kieruj\u0105c pojazdem marki KIA prawdopodobnie nie dostosowa\u0142 pr\u0119dko\u015bci do warunk\u00f3w i wypad\u0142 z \u0142uku drogi. W wyniku zdarzenia kieruj\u0105cy jak i pasa\u017cerka doznali obra\u017ce\u0144 cia\u0142a. Post\u0119powanie prowadzi KPP w W\u0119growie.<\/p>\n<p>W tym samym dniu w m. W\u0119gr\u00f3w mieszkaniec pow. w w\u0119growskiego, kieruj\u0105c pojazdem marki Ford nie ust\u0105pi\u0142 pierwsze\u0144stwa przejazdu kieruj\u0105cemu pojazdem marki Honda doprowadzaj\u0105c do zderzenia. Nikt nie dozna\u0142 obra\u017ce\u0144.<\/p>\n<p><strong>asp. Monika Ksi\u0119\u017copolska<\/strong><\/p>\n","protected":false},"excerpt":{"rendered":"<p>W ostatnich dniach na terenie pow. w\u0119growskiego dosz\u0142o do kilku zdarze\u0144 drogowych. Policjanci apeluj\u0105 o rozwag\u0119 i ostro\u017cno\u015b\u0107.\u00a0<\/p>\n","protected":false},"author":1,"featured_media":0,"comment_status":"closed","ping_status":"closed","sticky":false,"template":"","format":"standard","meta":{"footnotes":""},"categories":[5,266,4],"tags":[261,2514],"class_list":["post-29826","post","type-post","status-publish","format-standard","hentry","category-newsy","category-policja-policja-straz-pozarna-pogotowie-ratunkowe","category-policja-straz-pozarna-pogotowie-ratunkowe","tag-komenda-powiatowa-policji-w-wegrowie","tag-zdarzenia-drogowe-w-powiecie-wegrowskim"],"views":1216,"_links":{"self":[{"href":"http:\/\/info.sadowne.pl\/index.php?rest_route=\/wp\/v2\/posts\/29826","targetHints":{"allow":["GET"]}}],"collection":[{"href":"http:\/\/info.sadowne.pl\/index.php?rest_route=\/wp\/v2\/posts"}],"about":[{"href":"http:\/\/info.sadowne.pl\/index.php?rest_route=\/wp\/v2\/types\/post"}],"author":[{"embeddable":true,"href":"http:\/\/info.sadowne.pl\/index.php?rest_route=\/wp\/v2\/users\/1"}],"replies":[{"embeddable":true,"href":"http:\/\/info.sadowne.pl\/index.php?rest_route=%2Fwp%2Fv2%2Fcomments&post=29826"}],"version-history":[{"count":1,"href":"http:\/\/info.sadowne.pl\/index.php?rest_route=\/wp\/v2\/posts\/29826\/revisions"}],"predecessor-version":[{"id":29827,"href":"http:\/\/info.sadowne.pl\/index.php?rest_route=\/wp\/v2\/posts\/29826\/revisions\/29827"}],"wp:attachment":[{"href":"http:\/\/info.sadowne.pl\/index.php?rest_route=%2Fwp%2Fv2%2Fmedia&parent=29826"}],"wp:term":[{"taxonomy":"category","embeddable":true,"href":"http:\/\/info.sadowne.pl\/index.php?rest_route=%2Fwp%2Fv2%2Fcategories&post=29826"},{"taxonomy":"post_tag","embeddable":true,"href":"http:\/\/info.sadowne.pl\/index.php?rest_route=%2Fwp%2Fv2%2Ftags&post=29826"}],"curies":[{"name":"wp","href":"https:\/\/api.w.org\/{rel}","templated":true}]}}