{"id":29889,"date":"2025-03-31T18:15:22","date_gmt":"2025-03-31T16:15:22","guid":{"rendered":"http:\/\/info.sadowne.pl\/?p=29889"},"modified":"2025-03-31T18:15:22","modified_gmt":"2025-03-31T16:15:22","slug":"jubileuszowy-xxv-plener-malarski-im-e-hermana","status":"publish","type":"post","link":"http:\/\/info.sadowne.pl\/?p=29889","title":{"rendered":"Jubileuszowy XXV Plener Malarski im. E. Hermana"},"content":{"rendered":"<p><strong><a href=\"http:\/\/info.sadowne.pl\/wp-content\/uploads\/2025\/03\/2025.03.31.1.jpg\"><img loading=\"lazy\" decoding=\"async\" class=\"alignleft size-thumbnail wp-image-29890\" src=\"http:\/\/info.sadowne.pl\/wp-content\/uploads\/2025\/03\/2025.03.31.1-180x130.jpg\" alt=\"\" width=\"180\" height=\"130\" \/><\/a>W dniach 9 \u2013 19 czerwca 2025 roku w Sadownem odb\u0119dzie si\u0119 Plener Malarski im. Edwarda Hermana.<\/strong><strong>\u00a0<\/strong><!--more--><\/p>\n<p><strong>To ju\u017c 25. edycja naszego spotkania ze sztuk\u0105! Zapraszamy artyst\u00f3w, mi\u0142o\u015bnik\u00f3w malarstwa i wszystkich, kt\u00f3rzy kochaj\u0105 kolory i tw\u00f3rcz\u0105 atmosfer\u0119.<\/strong><strong>\u00a0<\/strong><\/p>\n<p><strong>Szczeg\u00f3\u0142y dotycz\u0105ce wernisa\u017cu podamy wkr\u00f3tce!<\/strong><\/p>\n<p><strong>Kontakt w sprawie pleneru: 502-086-989.<\/strong><\/p>\n<p><strong>Zapraszamy!<\/strong><\/p>\n<p><a href=\"http:\/\/info.sadowne.pl\/wp-content\/uploads\/2025\/03\/2025.03.31.1.jpg\"><img loading=\"lazy\" decoding=\"async\" class=\"aligncenter size-full wp-image-29890\" src=\"http:\/\/info.sadowne.pl\/wp-content\/uploads\/2025\/03\/2025.03.31.1.jpg\" alt=\"\" width=\"601\" height=\"850\" srcset=\"http:\/\/info.sadowne.pl\/wp-content\/uploads\/2025\/03\/2025.03.31.1.jpg 601w, http:\/\/info.sadowne.pl\/wp-content\/uploads\/2025\/03\/2025.03.31.1-212x300.jpg 212w\" sizes=\"auto, (max-width: 601px) 100vw, 601px\" \/><\/a><\/p>\n","protected":false},"excerpt":{"rendered":"<p>W dniach 9 \u2013 19 czerwca 2025 roku w Sadownem odb\u0119dzie si\u0119 Plener Malarski im. Edwarda Hermana.\u00a0<\/p>\n","protected":false},"author":1,"featured_media":0,"comment_status":"closed","ping_status":"closed","sticky":false,"template":"","format":"standard","meta":{"footnotes":""},"categories":[5,91,6],"tags":[169,4244],"class_list":["post-29889","post","type-post","status-publish","format-standard","hentry","category-newsy","category-gminny-osrodek-kultury","category-kultura-rozrywka-edukacja","tag-gminny-osrodek-kultury-w-sadownem","tag-xxv-plener-malarski-im-e-hermana-w-sadownem"],"views":1155,"_links":{"self":[{"href":"http:\/\/info.sadowne.pl\/index.php?rest_route=\/wp\/v2\/posts\/29889","targetHints":{"allow":["GET"]}}],"collection":[{"href":"http:\/\/info.sadowne.pl\/index.php?rest_route=\/wp\/v2\/posts"}],"about":[{"href":"http:\/\/info.sadowne.pl\/index.php?rest_route=\/wp\/v2\/types\/post"}],"author":[{"embeddable":true,"href":"http:\/\/info.sadowne.pl\/index.php?rest_route=\/wp\/v2\/users\/1"}],"replies":[{"embeddable":true,"href":"http:\/\/info.sadowne.pl\/index.php?rest_route=%2Fwp%2Fv2%2Fcomments&post=29889"}],"version-history":[{"count":1,"href":"http:\/\/info.sadowne.pl\/index.php?rest_route=\/wp\/v2\/posts\/29889\/revisions"}],"predecessor-version":[{"id":29891,"href":"http:\/\/info.sadowne.pl\/index.php?rest_route=\/wp\/v2\/posts\/29889\/revisions\/29891"}],"wp:attachment":[{"href":"http:\/\/info.sadowne.pl\/index.php?rest_route=%2Fwp%2Fv2%2Fmedia&parent=29889"}],"wp:term":[{"taxonomy":"category","embeddable":true,"href":"http:\/\/info.sadowne.pl\/index.php?rest_route=%2Fwp%2Fv2%2Fcategories&post=29889"},{"taxonomy":"post_tag","embeddable":true,"href":"http:\/\/info.sadowne.pl\/index.php?rest_route=%2Fwp%2Fv2%2Ftags&post=29889"}],"curies":[{"name":"wp","href":"https:\/\/api.w.org\/{rel}","templated":true}]}}