{"id":30110,"date":"2025-06-17T14:07:20","date_gmt":"2025-06-17T12:07:20","guid":{"rendered":"http:\/\/info.sadowne.pl\/?p=30110"},"modified":"2025-06-17T16:02:48","modified_gmt":"2025-06-17T14:02:48","slug":"wernisaz-poplenerowy-xxv-pleneru-malarskiego","status":"publish","type":"post","link":"http:\/\/info.sadowne.pl\/?p=30110","title":{"rendered":"Wernisa\u017c Poplenerowy XXV Pleneru Malarskiego"},"content":{"rendered":"<p><a href=\"http:\/\/info.sadowne.pl\/wp-content\/uploads\/2025\/06\/2025.06.17.1.jpg\" target=\"_blank\" rel=\"noopener\"><img loading=\"lazy\" decoding=\"async\" class=\"alignleft wp-image-30111 size-thumbnail\" src=\"http:\/\/info.sadowne.pl\/wp-content\/uploads\/2025\/06\/2025.06.17.1-180x130.jpg\" alt=\"\" width=\"180\" height=\"130\" \/><\/a><\/p>\n<p><strong>9 \u2013 19 czerwca 2025 roku to dni, podczas kt\u00f3rych na terenie naszej gminy go\u015bcili arty\u015bci \u2013 uczestnicy XXV Pleneru Malarskiego im. Edwarda Hermana w Sadownem.<\/strong><!--more--><\/p>\n<p><strong>W tym roku ju\u017c po raz 25-ty Sadowne go\u015bci\u0142o u siebie artyst\u00f3w<\/strong>, kt\u00f3rzy podczas kilkudniowego pleneru tworzyli swoje prace. Organizatorem Pleneru by\u0142 Gminny O\u015brodek Kultury w Sadownem, a jego tematem przewodnim sta\u0142o si\u0119 utrwalenie wizerunku istniej\u0105cych na terenie gminy oraz parafii Sadowne kapliczek i krzy\u017cy przydro\u017cnych. Celem Organizator\u00f3w by\u0142o te\u017c przybli\u017cenie naszym mieszka\u0144com r\u00f3\u017cnych dziedzin tw\u00f3rczo\u015bci artystycznej, udzia\u0142 miejscowych artyst\u00f3w w Plenerze, a mieszka\u0144c\u00f3w w warsztatach prowadzonych przez artyst\u00f3w.<\/p>\n<p><strong>Jeszcze w trakcie trwania Pleneru, 16 czerwca br. odby\u0142 si\u0119 wernisa\u017c poplenerowy.<\/strong> W Sali Ochotniczej Stra\u017cy Po\u017carnej w Sadownem uczestnicy Pleneru zaprezentowali swoje prace, a spotkanie poprowadzi\u0142a p. Ewa Pi\u00f3rkowska \u2013 Dyrektor Gminnego O\u015brodka Kultury w Sadownem, witaj\u0105c przyby\u0142ych, a tak\u017ce prezentuj\u0105c histori\u0119 sadowie\u0144skich Plener\u00f3w oraz ich uczestnik\u00f3w we wspomnieniach by\u0142ej Pani Komisarz Pleneru \u2013 Wandy Falencik-Masznicz.<\/p>\n<p>W imieniu Organizator\u00f3w Pleneru g\u0142os zabra\u0142 p. Waldemar Cyran \u2013 W\u00f3jt Gminy Sadowne, a w imieniu uczestnik\u00f3w Pleneru p. Teresa Urbanowska \u2013 Komisarz Pleneru. Nast\u0119pnie wszyscy arty\u015bci zostali uroczy\u015bcie uhonorowani okoliczno\u015bciowymi statuetkami. A byli to pp.: Teresa Urbanowska, Gabriela Czarnecka, Danuta Rasi\u0144ska, W\u0142odzimierz Cera\u0144ski, Zbigniew Dziwosz, Katarzyna J\u00f3\u017awik, Miros\u0142aw Wolszczak, Iwona Jusi\u0144ska, Marta Saks, Anna Boszko, Halina Sobczy\u0144ska, Danuta Ko\u015bciukiewicz, Ma\u0142gorzata D\u0119bkowska, Ma\u0142gorzata Marsza\u0142, Anna Gierej i Zuzanna Gierej.<\/p>\n<p><strong>Z uwagi na tak wa\u017cny Jubileusz, zadbano te\u017c o jubileuszow\u0105 cz\u0119\u015b\u0107 artystyczn\u0105, <\/strong>podczas kt\u00f3rej sw\u00f3j repertuar wykonywany na instrumentach d\u0119tych zaprezentowa\u0142 zesp\u00f3l muzyczny, jeszcze bez nazwy, w sk\u0142adzie: Piotr Boszko, Iwona Rejmuza, Ala Rejmuza i Tomasz Gronowski. Oczywi\u015bci nie mog\u0142o tu zabrakn\u0105\u0107 naszego Zespo\u0142u \u015apiewaczego \u201eSadowianki\u201d, kt\u00f3ry zaprosi\u0142 wszystkich do wsp\u00f3lnego \u015bpiewania i &#8211; tu si\u0119 nie dziwi\u0119 &#8211; uda\u0142o Mu si\u0119 to \u015bwietnie.<\/p>\n<p><strong>A na koniec<\/strong>, zwiedzanie wystawy, stoisko z losowanymi \u201eniespodziankami\u201d, rozmowy przy prezentowanych przez artyst\u00f3w pracach i \u2013 jak obiecano \u2013 wy\u015bmienity tort.<\/p>\n<p><strong>W imieniu Organizator\u00f3w Pleneru dzi\u0119kuj\u0119 jego uczestnikom za udzia\u0142 w nim i utrwalanie w swoich pracach ciekawych miejsc i zak\u0105tk\u00f3w gminy Sadowne, Organizatorom natomiast za kontynuowanie dzia\u0142a\u0144 rozpocz\u0119tych przez pomys\u0142odawc\u00f3w spotka\u0144 artystycznych, a mieszka\u0144com za udzia\u0142 w tak ciekawym spotkaniu, jakim jest wernisa\u017c poplenerowy.<\/strong><\/p>\n<p>Informacje o historii sadowie\u0144skiego Pleneru i tegorocznych uczestnikach prezentujemy poni\u017cej w folderze, kt\u00f3ry na t\u0119 okoliczno\u015b\u0107 przygotowa\u0142 Gminny O\u015brodek Kultury w Sadownem.<\/p>\n<p><a href=\"http:\/\/info.sadowne.pl\/wp-content\/uploads\/2025\/06\/2025.06.17.2.jpg\"><img loading=\"lazy\" decoding=\"async\" class=\"aligncenter size-full wp-image-30112\" src=\"http:\/\/info.sadowne.pl\/wp-content\/uploads\/2025\/06\/2025.06.17.2.jpg\" alt=\"\" width=\"446\" height=\"643\" srcset=\"http:\/\/info.sadowne.pl\/wp-content\/uploads\/2025\/06\/2025.06.17.2.jpg 446w, http:\/\/info.sadowne.pl\/wp-content\/uploads\/2025\/06\/2025.06.17.2-208x300.jpg 208w\" sizes=\"auto, (max-width: 446px) 100vw, 446px\" \/><\/a><\/p>\n<p><a href=\"http:\/\/info.sadowne.pl\/wp-content\/uploads\/2025\/06\/2025.06.17.3.jpg\"><img loading=\"lazy\" decoding=\"async\" class=\"aligncenter size-full wp-image-30113\" src=\"http:\/\/info.sadowne.pl\/wp-content\/uploads\/2025\/06\/2025.06.17.3.jpg\" alt=\"\" width=\"444\" height=\"641\" srcset=\"http:\/\/info.sadowne.pl\/wp-content\/uploads\/2025\/06\/2025.06.17.3.jpg 444w, http:\/\/info.sadowne.pl\/wp-content\/uploads\/2025\/06\/2025.06.17.3-208x300.jpg 208w\" sizes=\"auto, (max-width: 444px) 100vw, 444px\" \/><\/a><\/p>\n<p><a href=\"http:\/\/info.sadowne.pl\/wp-content\/uploads\/2025\/06\/2025.06.17.4.jpg\"><img loading=\"lazy\" decoding=\"async\" class=\"aligncenter size-full wp-image-30114\" src=\"http:\/\/info.sadowne.pl\/wp-content\/uploads\/2025\/06\/2025.06.17.4.jpg\" alt=\"\" width=\"445\" height=\"643\" srcset=\"http:\/\/info.sadowne.pl\/wp-content\/uploads\/2025\/06\/2025.06.17.4.jpg 445w, http:\/\/info.sadowne.pl\/wp-content\/uploads\/2025\/06\/2025.06.17.4-208x300.jpg 208w\" sizes=\"auto, (max-width: 445px) 100vw, 445px\" \/><\/a><\/p>\n<p><a href=\"http:\/\/info.sadowne.pl\/wp-content\/uploads\/2025\/06\/2025.06.17.5.jpg\"><img loading=\"lazy\" decoding=\"async\" class=\"aligncenter size-full wp-image-30115\" src=\"http:\/\/info.sadowne.pl\/wp-content\/uploads\/2025\/06\/2025.06.17.5.jpg\" alt=\"\" width=\"446\" height=\"642\" srcset=\"http:\/\/info.sadowne.pl\/wp-content\/uploads\/2025\/06\/2025.06.17.5.jpg 446w, http:\/\/info.sadowne.pl\/wp-content\/uploads\/2025\/06\/2025.06.17.5-208x300.jpg 208w\" sizes=\"auto, (max-width: 446px) 100vw, 446px\" \/><\/a><\/p>\n<p><a href=\"http:\/\/info.sadowne.pl\/wp-content\/uploads\/2025\/06\/2025.06.17.6.jpg\"><img loading=\"lazy\" decoding=\"async\" class=\"aligncenter size-full wp-image-30116\" src=\"http:\/\/info.sadowne.pl\/wp-content\/uploads\/2025\/06\/2025.06.17.6.jpg\" alt=\"\" width=\"442\" height=\"641\" srcset=\"http:\/\/info.sadowne.pl\/wp-content\/uploads\/2025\/06\/2025.06.17.6.jpg 442w, http:\/\/info.sadowne.pl\/wp-content\/uploads\/2025\/06\/2025.06.17.6-207x300.jpg 207w\" sizes=\"auto, (max-width: 442px) 100vw, 442px\" \/><\/a><\/p>\n<p><a href=\"http:\/\/info.sadowne.pl\/wp-content\/uploads\/2025\/06\/2025.06.17.7.jpg\"><img loading=\"lazy\" decoding=\"async\" class=\"aligncenter size-full wp-image-30117\" src=\"http:\/\/info.sadowne.pl\/wp-content\/uploads\/2025\/06\/2025.06.17.7.jpg\" alt=\"\" width=\"447\" height=\"641\" srcset=\"http:\/\/info.sadowne.pl\/wp-content\/uploads\/2025\/06\/2025.06.17.7.jpg 447w, http:\/\/info.sadowne.pl\/wp-content\/uploads\/2025\/06\/2025.06.17.7-209x300.jpg 209w\" sizes=\"auto, (max-width: 447px) 100vw, 447px\" \/><\/a><\/p>\n<p><a href=\"http:\/\/info.sadowne.pl\/wp-content\/uploads\/2025\/06\/2025.06.17.8.jpg\"><img loading=\"lazy\" decoding=\"async\" class=\"aligncenter size-full wp-image-30118\" src=\"http:\/\/info.sadowne.pl\/wp-content\/uploads\/2025\/06\/2025.06.17.8.jpg\" alt=\"\" width=\"446\" height=\"645\" srcset=\"http:\/\/info.sadowne.pl\/wp-content\/uploads\/2025\/06\/2025.06.17.8.jpg 446w, http:\/\/info.sadowne.pl\/wp-content\/uploads\/2025\/06\/2025.06.17.8-207x300.jpg 207w\" sizes=\"auto, (max-width: 446px) 100vw, 446px\" \/><\/a><\/p>\n<p><a href=\"http:\/\/info.sadowne.pl\/wp-content\/uploads\/2025\/06\/2025.06.17.9.jpg\"><img loading=\"lazy\" decoding=\"async\" class=\"aligncenter size-full wp-image-30119\" src=\"http:\/\/info.sadowne.pl\/wp-content\/uploads\/2025\/06\/2025.06.17.9.jpg\" alt=\"\" width=\"445\" height=\"640\" srcset=\"http:\/\/info.sadowne.pl\/wp-content\/uploads\/2025\/06\/2025.06.17.9.jpg 445w, http:\/\/info.sadowne.pl\/wp-content\/uploads\/2025\/06\/2025.06.17.9-209x300.jpg 209w\" sizes=\"auto, (max-width: 445px) 100vw, 445px\" \/><\/a><\/p>\n<p><span style=\"color: #0000ff;\"><a style=\"color: #0000ff;\" href=\"https:\/\/photos.app.goo.gl\/hdccpH97aFeyG7vb8\" target=\"_blank\" rel=\"noopener\"><strong>Zdj\u0119cia w galerii Google&gt;&gt;&gt;<\/strong><\/a><\/span><\/p>\n<p><span style=\"color: #0000ff;\"><a style=\"color: #0000ff;\" href=\"https:\/\/youtu.be\/LCz1b4hwbIo\" target=\"_blank\" rel=\"noopener\"><strong>Zobacz te\u017c film&gt;&gt;&gt;<\/strong><\/a><\/span><\/p>\n<p><strong>Tekst\/foto:<\/strong> S\u0142awek Chyli\u0144ski<\/p>\n","protected":false},"excerpt":{"rendered":"<p>9 \u2013 19 czerwca 2025 roku to dni, podczas kt\u00f3rych na terenie naszej gminy go\u015bcili arty\u015bci \u2013 uczestnicy XXV Pleneru Malarskiego im. Edwarda Hermana w Sadownem.<\/p>\n","protected":false},"author":1,"featured_media":0,"comment_status":"closed","ping_status":"closed","sticky":false,"template":"","format":"standard","meta":{"footnotes":""},"categories":[5,91,6],"tags":[169,4270,4265,4244],"class_list":["post-30110","post","type-post","status-publish","format-standard","hentry","category-newsy","category-gminny-osrodek-kultury","category-kultura-rozrywka-edukacja","tag-gminny-osrodek-kultury-w-sadownem","tag-plener","tag-wernisaz-xxv-pleneru-malarskiego-w-sadownem","tag-xxv-plener-malarski-im-e-hermana-w-sadownem"],"views":1334,"_links":{"self":[{"href":"http:\/\/info.sadowne.pl\/index.php?rest_route=\/wp\/v2\/posts\/30110","targetHints":{"allow":["GET"]}}],"collection":[{"href":"http:\/\/info.sadowne.pl\/index.php?rest_route=\/wp\/v2\/posts"}],"about":[{"href":"http:\/\/info.sadowne.pl\/index.php?rest_route=\/wp\/v2\/types\/post"}],"author":[{"embeddable":true,"href":"http:\/\/info.sadowne.pl\/index.php?rest_route=\/wp\/v2\/users\/1"}],"replies":[{"embeddable":true,"href":"http:\/\/info.sadowne.pl\/index.php?rest_route=%2Fwp%2Fv2%2Fcomments&post=30110"}],"version-history":[{"count":2,"href":"http:\/\/info.sadowne.pl\/index.php?rest_route=\/wp\/v2\/posts\/30110\/revisions"}],"predecessor-version":[{"id":30121,"href":"http:\/\/info.sadowne.pl\/index.php?rest_route=\/wp\/v2\/posts\/30110\/revisions\/30121"}],"wp:attachment":[{"href":"http:\/\/info.sadowne.pl\/index.php?rest_route=%2Fwp%2Fv2%2Fmedia&parent=30110"}],"wp:term":[{"taxonomy":"category","embeddable":true,"href":"http:\/\/info.sadowne.pl\/index.php?rest_route=%2Fwp%2Fv2%2Fcategories&post=30110"},{"taxonomy":"post_tag","embeddable":true,"href":"http:\/\/info.sadowne.pl\/index.php?rest_route=%2Fwp%2Fv2%2Ftags&post=30110"}],"curies":[{"name":"wp","href":"https:\/\/api.w.org\/{rel}","templated":true}]}}