{"id":30168,"date":"2025-06-29T19:21:27","date_gmt":"2025-06-29T17:21:27","guid":{"rendered":"http:\/\/info.sadowne.pl\/?p=30168"},"modified":"2025-06-29T19:21:27","modified_gmt":"2025-06-29T17:21:27","slug":"zakonczyl-sie-bieg-ku-czci-bl-e-grzymaly","status":"publish","type":"post","link":"http:\/\/info.sadowne.pl\/?p=30168","title":{"rendered":"Zako\u0144czy\u0142 si\u0119 Bieg ku czci b\u0142. E. Grzyma\u0142y"},"content":{"rendered":"<p><a href=\"http:\/\/info.sadowne.pl\/wp-content\/uploads\/2025\/06\/2025.06.29.1.jpg\" target=\"_blank\" rel=\"noopener\"><img loading=\"lazy\" decoding=\"async\" class=\"alignleft wp-image-30169 size-thumbnail\" src=\"http:\/\/info.sadowne.pl\/wp-content\/uploads\/2025\/06\/2025.06.29.1-180x130.jpg\" alt=\"\" width=\"180\" height=\"130\" \/><\/a><\/p>\n<p><strong>29 czerwca 2025 roku w Sadownem odby\u0142 si\u0119 XII Bieg i VIII Marsz Nordic Walking ku czci b\u0142. ks. Edwarda Grzyma\u0142y. Na mecie pierwszy pojawi\u0142 si\u0119 p. Kamil Skorupa.<\/strong><!--more--><\/p>\n<p><strong>Na starcie do dziewi\u0119ciokilometrowego marszu Nordic Walking stan\u0119\u0142o 14. zawodnik\u00f3w, a na d\u0142u\u017csz\u0105 o kilometr tras\u0119 biegu wyruszy\u0142o 76. mi\u0142o\u015bnik\u00f3w biegania.<\/strong> Rejestracj\u0105 i systemem elektronicznego pomiaru czasu podczas zawod\u00f3w zajmowa\u0142a si\u0119 firma Chiptiming.pl, kt\u00f3ra na swojej stronie internetowej prezentuje list\u0119 zawodnik\u00f3w i ostateczn\u0105 klasyfikacj\u0119 zawod\u00f3w.<\/p>\n<p><strong>G\u0142\u00f3wnym celem tej imprezy by\u0142o przybli\u017cenie uczestnikom postaci zamordowanego przez hitlerowc\u00f3w b\u0142ogos\u0142awionego ksi\u0119dza doktora Edwarda Grzyma\u0142y<\/strong>, ale te\u017c propagowanie zdrowego trybu \u017cycia w\u015br\u00f3d lokalnej spo\u0142eczno\u015bci, popularyzacja biegania i marszu Nordic Walking, jako najprostszych form rekreacji fizycznej oraz promocja Sadownego i Gminy Sadowne &#8211; miejsc atrakcyjnych dla zdrowego wypoczynku.<\/p>\n<p><strong>Organizatorami tegorocznej imprezy sportowej byli: <\/strong>Gmina Sadowne, Klub Sportowy \u201eWicher\u201d Sadowne, Gminny O\u015brodek Kultury w Sadownem i Lasy Pa\u0144stwowe &#8211; Nadle\u015bnictwo w \u0141ochowie. Wydarzenie zosta\u0142o dofinansowane przez Nadle\u015bnictwo w \u0141ochowie oraz Fundacj\u0119 ORLEN.<\/p>\n<p><strong>Zawody odby\u0142y si\u0119 29 czerwca 2025 roku w Sadownem.<\/strong> Start: marsz o godz. 10.45, bieg o godz. 11.00. Start i meta zosta\u0142y usytuowane na polanie le\u015bnej przy wiacie Ko\u0142a \u0141owieckiego \u015bw. Huberta.<\/p>\n<p><strong>Przed rozpocz\u0119ciem zawod\u00f3w przedstawiciele Organizator\u00f3w upami\u0119tnili <\/strong>pomordowanych przez hitlerowc\u00f3w w czasie II wojny \u015bwiatowej mieszka\u0144c\u00f3w Gminy Sadowne narodowo\u015bci \u017cydowskiej i polskiej, pogrzebanych na tzw. Majdanie (zlokalizowany jest nieopodal startu i mety Biegu) oraz Patrona Biegu b\u0142. ks. Edwarda Grzyma\u0142\u0119 &#8211; w miejscu jego urodzin.<\/p>\n<p><strong>Zawody otworzy\u0142 oraz kilka s\u0142\u00f3w o nich i obowi\u0105zuj\u0105cym regulaminie powiedzia\u0142 p. Tadeusz Danaj &#8211; przedstawiciel KS WICHER Sadowne, jednocze\u015bnie prowadz\u0105cy imprez\u0119.<\/strong><\/p>\n<p><strong>O 10.45 ruszyli zawodnicy marszu Nordic Walking, a po pi\u0119tnastu minutach biegacze.<\/strong> Na miejscu pozostali tylko kibice, kt\u00f3rzy mieli okazj\u0119 zapozna\u0107 si\u0119 z wystaw\u0105 planszow\u0105 o historii sadowie\u0144skich bieg\u00f3w, wzi\u0105\u0107 udzia\u0142 w te\u015bcie wiedzy pod namiotem Nadle\u015bnictwa \u0141och\u00f3w, a tak\u017ce skorzysta\u0107 z posi\u0142ku przygotowanego przez pracownik\u00f3w Gminnego O\u015brodka Kultury w Sadownem: grillowanych kie\u0142basek, kanapek ze smalcem i kiszonym og\u00f3rkiem, wegetaria\u0144skich szasz\u0142yk\u00f3w, kawy czy herbaty, a tak\u017ce pysznych ciast, \u201etradycyjnych\u201d jagodzianek. W tym czasie biegacze i chodziarze prowadzili walk\u0119 na le\u015bnych duktach lasu Jegiel. Lini\u0119 mety jako pierwszy przekroczy\u0142 p. Kamil Skorupa z Kornelina z czasem 00:34:23:52. Wszyscy zawodnicy na mecie otrzymali pami\u0105tkowe medale.<\/p>\n<p><strong>W oczekiwaniu na og\u0142oszenie wynik\u00f3w<\/strong>, obecni w miejscu zawod\u00f3w mogli wys\u0142ucha\u0107 informacj\u0119 lokalnego historyka p. S\u0142awomira Akonoma o dziejach Sadownego i okolic oraz \u017cyciu i \u015bmierci b\u0142ogos\u0142awionego ks. Edwarda Grzyma\u0142y.<\/p>\n<p><strong>Podsumowaniem tegorocznego Biegu i Marszu Nordic Walking by\u0142o uhonorowanie specjalnymi statuetkami najlepszych zawodnik\u00f3w<\/strong> <strong>w klasyfikacjach open i wiekowych<\/strong>. Wr\u0119czyli je przedstawiciele Organizator\u00f3w pp.: Ewa Pi\u00f3rkowska, Katarzyna Tyszka, Miros\u0142aw Rychta, Sebastian Kowalczyk i Adam Szymanik.<\/p>\n<p><strong>A oto klasyfikacja najlepszych zawodnik\u00f3w tej imprezy sportowej:<\/strong><\/p>\n<p><strong><span style=\"color: #ff0000;\">BIEG \u2013 10 km\u00a0\u00a0\u00a0\u00a0\u00a0<\/span>\u00a0\u00a0\u00a0\u00a0\u00a0\u00a0\u00a0\u00a0\u00a0\u00a0\u00a0\u00a0\u00a0\u00a0\u00a0\u00a0\u00a0\u00a0\u00a0\u00a0\u00a0\u00a0\u00a0\u00a0\u00a0\u00a0\u00a0\u00a0\u00a0\u00a0\u00a0\u00a0\u00a0\u00a0\u00a0\u00a0\u00a0\u00a0\u00a0\u00a0\u00a0\u00a0\u00a0\u00a0\u00a0\u00a0\u00a0\u00a0\u00a0\u00a0\u00a0\u00a0\u00a0\u00a0\u00a0\u00a0\u00a0\u00a0\u00a0\u00a0\u00a0\u00a0\u00a0\u00a0\u00a0\u00a0\u00a0\u00a0 <\/strong><\/p>\n<p><span style=\"color: #3366ff;\"><strong>KOBIETY<\/strong><\/span><\/p>\n<p><strong>Klasyfikacja open:<\/strong><\/p>\n<p>I miejsce \u2013 Justyna Sienkiewicz, Siedlce<\/p>\n<p>II miejsce \u2013 Emilia Gorgol, Pietrusy<\/p>\n<p>III miejsce \u2013 Magdalena Leszczy\u0144ska, Ostr\u00f3w Mazowiecka<\/p>\n<p><strong>Klasyfikacja wiekowa 30 \u2013 49 lat<\/strong><\/p>\n<p>I miejsce \u2013 Justyna Sienkiewicz, Siedlce<\/p>\n<p>II miejsce \u2013 Emilia Gorgol, Pietrusy<\/p>\n<p>III miejsce \u2013 Magdalena Leszczy\u0144ska, Ostr\u00f3w Mazowiecka<\/p>\n<p><strong>Klasyfikacja wiekowa 50+<\/strong><\/p>\n<p>I miejsce \u2013 Renata Grzechnik, Mi\u0144sk Mazowiecki<\/p>\n<p>II miejsce \u2013 Aneta M\u0142odzianowska, Warszawa<\/p>\n<p>III miejsce \u2013 Agnieszka Str\u0105k, \u0141och\u00f3w<\/p>\n<p><span style=\"color: #3366ff;\"><strong>M\u0118\u017bCZY\u0179NI<\/strong><\/span><\/p>\n<p><strong>Klasyfikacja open:<\/strong><\/p>\n<p>I miejsce \u2013 Kamil Skorupa, Kornelin<\/p>\n<p>II miejsce \u2013 Przemys\u0142aw Marczak, \u0141och\u00f3w<\/p>\n<p>III miejsce \u2013 Maciej Mistewicz, Piaseczno<\/p>\n<p><strong>Klasyfikacja wiekowa 16 \u2013 29 lat<\/strong><\/p>\n<p>I miejsce \u2013 Kamil Skorupa, Kornelin<\/p>\n<p>II miejsce \u2013 Bartosz Wierzman, Nowa D\u0105br\u00f3wka<\/p>\n<p>III miejsce \u2013 Adrian Traczyk, Ostr\u00f3w Mazowiecka<\/p>\n<p><strong>Klasyfikacja wiekowa 30 \u2013 49 lat<\/strong><\/p>\n<p>I miejsce \u2013 Przemys\u0142aw Marczak, \u0141och\u00f3w<\/p>\n<p>II miejsce \u2013 Maciej Mistewicz, Piaseczno<\/p>\n<p>III miejsce \u2013 \u0141ukasz Sarnacki, Wyszk\u00f3w<\/p>\n<p><strong>Klasyfikacja wiekowa 50+<\/strong><\/p>\n<p>I miejsce \u2013 Henryk Sk\u0142odowski, D\u0105browa<\/p>\n<p>II miejsce \u2013 Daniel Czaja, Warszawa<\/p>\n<p>III miejsce \u2013 Krzysztof Dzikowski, Ostr\u00f3w Mazowiecka<\/p>\n<p><span style=\"color: #ff0000;\"><strong>MARSZ NORDIC WALKING \u2013 ok. 9 km<\/strong><\/span><\/p>\n<p><span style=\"color: #3366ff;\"><strong>KOBIETY<\/strong><\/span><\/p>\n<p><strong>Klasyfikacja open:<\/strong><\/p>\n<p>I miejsce \u2013 Agata S\u0119dek, Sadowne<\/p>\n<p>II miejsce \u2013 Dorota Zacheja, Ma\u0142kinia G\u00f3rna<\/p>\n<p>III miejsce \u2013 Katarzyna Bula, Ma\u0142kinia G\u00f3rna<\/p>\n<p><strong>Klasyfikacja wiekowa do 45 lat<\/strong><\/p>\n<p>I miejsce \u2013 Dorota Zacheja, Ma\u0142kinia G\u00f3rna<\/p>\n<p>II miejsce \u2013 Katarzyna Bula, Ma\u0142kinia G\u00f3rna<\/p>\n<p>III miejsce \u2013 Anna Nowakowska, Wo\u0142omin<\/p>\n<p><strong>Klasyfikacja wiekowa 46+<\/strong><\/p>\n<p>I miejsce \u2013 Agata S\u0119dek, Sadowne<\/p>\n<p>II miejsce \u2013 Katarzyna Matusik, Ostr\u00f3wek<\/p>\n<p>III miejsce \u2013 Dorota Mianowicz, Sadowne<\/p>\n<p><span style=\"color: #3366ff;\"><strong>M\u0118ZCZY\u0179NI<\/strong><\/span><\/p>\n<p><strong>Klasyfikacja open:<\/strong><\/p>\n<p>I miejsce \u2013 Pawe\u0142 Kowalik, Z\u0105bki<\/p>\n<p>II miejsce \u2013 Marek Krupi\u0144ski, Ostro\u0142\u0119ka<\/p>\n<p>III miejsce \u2013 Adam Bugajski, Rado\u015b\u0107<\/p>\n<p><strong>Klasyfikacja wiekowa do 45 lat<\/strong><\/p>\n<p>I miejsce \u2013 Pawe\u0142 Kowalik, Z\u0105bki<\/p>\n<p>II miejsce \u2013 Marek Krupi\u0144ski, Ostro\u0142\u0119ka<\/p>\n<p>III miejsce \u2013 Piotr Murzyn, Ostr\u00f3w Mazowiecka<\/p>\n<p><strong>Klasyfikacja wiekowa 46+<\/strong><\/p>\n<p>I miejsce \u2013 Adam Bugajski, Rado\u015b\u0107<\/p>\n<p>II miejsce \u2013 Adam Zacheja, Ma\u0142kinia G\u00f3rna<\/p>\n<p>III miejsce \u2013 Andrzej \u017bach, Ma\u0142kinia G\u00f3rna<\/p>\n<p><strong>Pe\u0142ne wyniki zawod\u00f3w na stronie Firmy Chiptiming.pl \u2013<\/strong><span style=\"color: #0000ff;\"><strong> <a style=\"color: #0000ff;\" href=\"http:\/\/www.chiptiming.pl\/pl\/zawody_szczegoly\/XII-Bieg-Lesny-i-VIII-Marsz-Ku-Czci-Blogoslawionego-Ks-EGrzymaly\" target=\"_blank\" rel=\"noopener\">http:\/\/www.chiptiming.pl\/pl\/zawody_szczegoly\/XII-Bieg-Lesny-i-VIII-Marsz-Ku-Czci-Blogoslawionego-Ks-EGrzymaly<\/a><\/strong><\/span><\/p>\n<p><strong>Najlepszym zawodnikom w kategoriach open, pp.: Justynie Sienkiewicz, Kamilowi Skorupie, Agacie S\u0119dek i Paw\u0142owi Kowalikowi, puchary Nadle\u015bniczego Nadle\u015bnictwa \u0141och\u00f3w wr\u0119czy\u0142 Le\u015bniczy Le\u015bnictwa Sadowne p. Miros\u0142aw Rychta.<\/strong><\/p>\n<p><strong>Po zawodach ich uczestnicy mogli skorzysta\u0107 z ciep\u0142ego posi\u0142ku i s\u0142odkiego deseru<\/strong>, a nast\u0119pnie &#8211; zgodnie z tradycj\u0105 &#8211; wzi\u0119li udzia\u0142 w losowaniu drobnych upomink\u00f3w ufundowanych przez Organizator\u00f3w. Na zako\u0144czenie podsumowano tegoroczne zawody i podzi\u0119kowano ich uczestnikom.<\/p>\n<p><strong>Za przygotowanie i nienaganny przebieg imprezy podzi\u0119kowania nale\u017c\u0105 si\u0119 Organizatorom i Sponsorom, ale r\u00f3wnie\u017c wspieraj\u0105cym ich i bior\u0105cym udzia\u0142 w zabezpieczeniu imprezy pracownikom Gminnego O\u015brodka Kultury w Sadownem oraz druhom z Ochotniczej Stra\u017cy Po\u017carnej w Sadownem, kt\u00f3rzy ch\u0119tnie wzi\u0119li czynny udzia\u0142 w przygotowaniu i zabezpieczeniu zawod\u00f3w oraz sprz\u0105taniu po ich zako\u0144czeniu.<\/strong><\/p>\n<p><strong>W imieniu Organizator\u00f3w ju\u017c teraz zapraszamy wszystkich mi\u0142o\u015bnik\u00f3w bieg\u00f3w na kolejne zawody na naszym terenie \u2013 Bieg i Marsz pn. \u201eNadbu\u017ca\u0144ska Sz\u00f3stka\u201d &#8211; odb\u0119d\u0105 si\u0119 w m. Ra\u017cny w pierwsz\u0105 niedziel\u0119 wrze\u015bnia br. \u2013 07.09.2025 r. <\/strong>(prosz\u0119 \u015bledzi\u0107 na naszej stronie internetowej zapowiedzi o zawodach).<\/p>\n<p><span style=\"color: #0000ff;\"><a style=\"color: #0000ff;\" href=\"https:\/\/photos.app.goo.gl\/a7TDyboTiaoaj1ys5\" target=\"_blank\" rel=\"noopener\"><strong>Zdj\u0119cia w galerii Google&gt;&gt;&gt;<\/strong><\/a><\/span><\/p>\n<p><strong>Tekst\/Foto: <\/strong>S\u0142awek Chyli\u0144ski<\/p>\n","protected":false},"excerpt":{"rendered":"<p>29 czerwca 2025 roku w Sadownem odby\u0142 si\u0119 XII Bieg i VIII Marsz Nordic Walking ku czci b\u0142. ks. Edwarda Grzyma\u0142y. Na mecie pierwszy pojawi\u0142 si\u0119 p. Kamil Skorupa.<\/p>\n","protected":false},"author":1,"featured_media":0,"comment_status":"closed","ping_status":"closed","sticky":false,"template":"","format":"standard","meta":{"footnotes":""},"categories":[5,2135,6,3627,7],"tags":[1827,169,1161,1101,2045,4262],"class_list":["post-30168","post","type-post","status-publish","format-standard","hentry","category-newsy","category-bieganie","category-kultura-rozrywka-edukacja","category-nordic-walking","category-sport","tag-gmina-sadowne","tag-gminny-osrodek-kultury-w-sadownem","tag-klub-sportowy-wicher-sadowne","tag-nadlesnictwo-lochow","tag-osp-sadowne","tag-xii-bieg-ku-czci-bl-ks-edwarda-grzymaly-w-sadownem"],"views":1561,"_links":{"self":[{"href":"http:\/\/info.sadowne.pl\/index.php?rest_route=\/wp\/v2\/posts\/30168","targetHints":{"allow":["GET"]}}],"collection":[{"href":"http:\/\/info.sadowne.pl\/index.php?rest_route=\/wp\/v2\/posts"}],"about":[{"href":"http:\/\/info.sadowne.pl\/index.php?rest_route=\/wp\/v2\/types\/post"}],"author":[{"embeddable":true,"href":"http:\/\/info.sadowne.pl\/index.php?rest_route=\/wp\/v2\/users\/1"}],"replies":[{"embeddable":true,"href":"http:\/\/info.sadowne.pl\/index.php?rest_route=%2Fwp%2Fv2%2Fcomments&post=30168"}],"version-history":[{"count":1,"href":"http:\/\/info.sadowne.pl\/index.php?rest_route=\/wp\/v2\/posts\/30168\/revisions"}],"predecessor-version":[{"id":30170,"href":"http:\/\/info.sadowne.pl\/index.php?rest_route=\/wp\/v2\/posts\/30168\/revisions\/30170"}],"wp:attachment":[{"href":"http:\/\/info.sadowne.pl\/index.php?rest_route=%2Fwp%2Fv2%2Fmedia&parent=30168"}],"wp:term":[{"taxonomy":"category","embeddable":true,"href":"http:\/\/info.sadowne.pl\/index.php?rest_route=%2Fwp%2Fv2%2Fcategories&post=30168"},{"taxonomy":"post_tag","embeddable":true,"href":"http:\/\/info.sadowne.pl\/index.php?rest_route=%2Fwp%2Fv2%2Ftags&post=30168"}],"curies":[{"name":"wp","href":"https:\/\/api.w.org\/{rel}","templated":true}]}}