{"id":30308,"date":"2025-07-28T16:10:54","date_gmt":"2025-07-28T14:10:54","guid":{"rendered":"http:\/\/info.sadowne.pl\/?p=30308"},"modified":"2025-07-28T16:10:54","modified_gmt":"2025-07-28T14:10:54","slug":"kronika-policyjna-26-28-07-2025","status":"publish","type":"post","link":"http:\/\/info.sadowne.pl\/?p=30308","title":{"rendered":"Kronika policyjna 26 \u2013 28.07.2025"},"content":{"rendered":"<p><strong><a href=\"http:\/\/info.sadowne.pl\/wp-content\/uploads\/2024\/11\/policjadrogowa.jpg\"><img loading=\"lazy\" decoding=\"async\" class=\"alignleft size-thumbnail wp-image-29544\" src=\"http:\/\/info.sadowne.pl\/wp-content\/uploads\/2024\/11\/policjadrogowa-180x130.jpg\" alt=\"\" width=\"180\" height=\"130\" \/><\/a>W minionym tygodniu dosz\u0142o do trzech zdarze\u0144 drogowych na terenie powiatu w\u0119growskiego. Apelujemy o zachowanie ostro\u017cno\u015bci.<\/strong><!--more--><\/p>\n<p>28 lipca na trasie Top\u00f3r &#8211; Sadowne 35-letni obywatel Ukrainy kieruj\u0105c pojazdem ci\u0119\u017carowym marki Man z naczep\u0105 zderzy\u0142 si\u0119 sarn\u0105, kt\u00f3ra wyskoczy\u0142a na pas drogowy z lewego pobocza przed nadje\u017cd\u017caj\u0105cy pojazd. Kieruj\u0105cy nie obni\u00f3s\u0142 obra\u017ce\u0144.<\/p>\n<p>26 lipca na terenie parkingu plac\u00f3wki handlowej w W\u0119growie, kieruj\u0105ca pojazdem marki Toyota uderzy\u0142a w unieruchomiony pojazd marki BMW, po czym oddali\u0142a si\u0119 z miejsca zdarzenia. Post\u0119powanie prowadzi KPP w W\u0119growie.<\/p>\n<p>26 lipca na terenie parkingu sklepu w W\u0119growie, kieruj\u0105cy pojazdem marki Peugeot podczas wykonywania manewru cofania, uderzy\u0142 w unieruchomiony zaparkowany pojazd marki Toyota, po czym oddali\u0142 si\u0119 z miejsca zdarzenia. Post\u0119powanie prowadzi KPP w W\u0119growie.<\/p>\n<p><strong>m\u0142. asp. Rafa\u0142 Ba\u0142dyga<\/strong><\/p>\n<p><strong>\u00a0<\/strong><\/p>\n","protected":false},"excerpt":{"rendered":"<p>W minionym tygodniu dosz\u0142o do trzech zdarze\u0144 drogowych na terenie powiatu w\u0119growskiego. Apelujemy o zachowanie ostro\u017cno\u015bci.<\/p>\n","protected":false},"author":1,"featured_media":0,"comment_status":"closed","ping_status":"closed","sticky":false,"template":"","format":"standard","meta":{"footnotes":""},"categories":[5,266,4],"tags":[261,3174,2514],"class_list":["post-30308","post","type-post","status-publish","format-standard","hentry","category-newsy","category-policja-policja-straz-pozarna-pogotowie-ratunkowe","category-policja-straz-pozarna-pogotowie-ratunkowe","tag-komenda-powiatowa-policji-w-wegrowie","tag-kronika-policyjna","tag-zdarzenia-drogowe-w-powiecie-wegrowskim"],"views":945,"_links":{"self":[{"href":"http:\/\/info.sadowne.pl\/index.php?rest_route=\/wp\/v2\/posts\/30308","targetHints":{"allow":["GET"]}}],"collection":[{"href":"http:\/\/info.sadowne.pl\/index.php?rest_route=\/wp\/v2\/posts"}],"about":[{"href":"http:\/\/info.sadowne.pl\/index.php?rest_route=\/wp\/v2\/types\/post"}],"author":[{"embeddable":true,"href":"http:\/\/info.sadowne.pl\/index.php?rest_route=\/wp\/v2\/users\/1"}],"replies":[{"embeddable":true,"href":"http:\/\/info.sadowne.pl\/index.php?rest_route=%2Fwp%2Fv2%2Fcomments&post=30308"}],"version-history":[{"count":1,"href":"http:\/\/info.sadowne.pl\/index.php?rest_route=\/wp\/v2\/posts\/30308\/revisions"}],"predecessor-version":[{"id":30309,"href":"http:\/\/info.sadowne.pl\/index.php?rest_route=\/wp\/v2\/posts\/30308\/revisions\/30309"}],"wp:attachment":[{"href":"http:\/\/info.sadowne.pl\/index.php?rest_route=%2Fwp%2Fv2%2Fmedia&parent=30308"}],"wp:term":[{"taxonomy":"category","embeddable":true,"href":"http:\/\/info.sadowne.pl\/index.php?rest_route=%2Fwp%2Fv2%2Fcategories&post=30308"},{"taxonomy":"post_tag","embeddable":true,"href":"http:\/\/info.sadowne.pl\/index.php?rest_route=%2Fwp%2Fv2%2Ftags&post=30308"}],"curies":[{"name":"wp","href":"https:\/\/api.w.org\/{rel}","templated":true}]}}