{"id":30384,"date":"2025-08-18T16:00:55","date_gmt":"2025-08-18T14:00:55","guid":{"rendered":"http:\/\/info.sadowne.pl\/?p=30384"},"modified":"2025-08-18T16:00:55","modified_gmt":"2025-08-18T14:00:55","slug":"kronika-policyjna-11-16-08-2025","status":"publish","type":"post","link":"http:\/\/info.sadowne.pl\/?p=30384","title":{"rendered":"Kronika policyjna 11 &#8211; 16.08.2025"},"content":{"rendered":"<div class=\"head\">\n<p class=\"intro\"><strong><a href=\"http:\/\/info.sadowne.pl\/wp-content\/uploads\/2024\/11\/policjadrogowa.jpg\"><img loading=\"lazy\" decoding=\"async\" class=\"alignleft size-thumbnail wp-image-29544\" src=\"http:\/\/info.sadowne.pl\/wp-content\/uploads\/2024\/11\/policjadrogowa-180x130.jpg\" alt=\"\" width=\"180\" height=\"130\" \/><\/a>W minionym tygodniu na terenie powiatu w\u0119growskiego dosz\u0142o do kilku zdarze\u0144 drogowych. Apelujemy o rozwag\u0119 i rozs\u0105dek na drodze.<\/strong><\/p>\n<\/div>\n<p><!--more--><\/p>\n<p>11 sierpnia w m. W\u0119gr\u00f3w mieszkaniec pow. w\u0119growskiego, kieruj\u0105c pojazdem marki Fiat wykonuj\u0105c manewr cofania uderzy\u0142 w piesz\u0105, kt\u00f3ra w wyniku doznanych obra\u017ce\u0144 zosta\u0142a przewieziona do szpitala. Post\u0119powanie prowadzi KPP w W\u0119growie.<\/p>\n<p>W tym samym dniu w m. \u0141och\u00f3w mieszkaniec pow. mi\u0144skiego, kieruj\u0105c pojazdem marki Volvo nie zachowa\u0142 nale\u017cytej odleg\u0142o\u015bci i uderzy\u0142 w ty\u0142 poprzedzaj\u0105cego go pojazdu marki KIA. Nikt nie dozna\u0142 obra\u017ce\u0144.<\/p>\n<p>11 sierpnia w m. Sojk\u00f3wek mieszkanka pow. ostrowskiego, kieruj\u0105c pojazdem marki Opel nie ust\u0105pi\u0142a pierwsze\u0144stwa przejazdu kieruj\u0105cej Toyot\u0105 doprowadzaj\u0105c do zderzenia. Kieruj\u0105ca Toyoty w wyniku doznanych obra\u017ce\u0144 zosta\u0142a przewieziona do szpitala. Post\u0119powanie prowadzi KP w \u0141ochowie.<\/p>\n<p>14 sierpnia w m. \u0141och\u00f3w mieszkaniec pow. w\u0119growskiego, kieruj\u0105c pojazdem Honda nie ust\u0105pi\u0142 pierwsze\u0144stwa przejazdu, kieruj\u0105cemu pojazdem ci\u0119\u017carowym marki Volvo. Nikt nie dozna\u0142 obra\u017ce\u0144.<\/p>\n<p>15 sierpnia w m. Sadowne mieszkaniec pow. wyszkowskiego, kieruj\u0105c pojazdem marki Ford uderzy\u0142 w \u0142osia kt\u00f3ry wszed\u0142 na jezdni\u0119. Pasa\u017cerowie nie doznali obra\u017ce\u0144. Zwierz\u0119 pad\u0142o na miejscu.<\/p>\n<p>W tym samym dniu w m. Lipniki 16-letni mieszkaniec pow. w\u0119growskiego, kieruj\u0105c motocyklem straci\u0142 panowanie nad pojazdem i uderzy\u0142 w przydro\u017cne drzewo. W wyniku doznanych obra\u017ce\u0144 poni\u00f3s\u0142 \u015bmier\u0107 na miejscu.<\/p>\n<p>16 sierpnia w m. Grabiny mieszkaniec pow. w\u0119growskiego, kieruj\u0105c pojazdem marki Audi na \u0142uku drogi straci\u0142 panowanie nad pojazdem i uderzy\u0142 w przydro\u017cne drzewo. Na skutek doznanych obra\u017ce\u0144 zosta\u0142 przewieziony do szpitala.<\/p>\n<p><strong>asp. Monika Ksi\u0119\u017copolska<\/strong><\/p>\n","protected":false},"excerpt":{"rendered":"<p>W minionym tygodniu na terenie powiatu w\u0119growskiego dosz\u0142o do kilku zdarze\u0144 drogowych. Apelujemy o rozwag\u0119 i rozs\u0105dek na drodze.<\/p>\n","protected":false},"author":1,"featured_media":0,"comment_status":"closed","ping_status":"closed","sticky":false,"template":"","format":"standard","meta":{"footnotes":""},"categories":[5,266,4],"tags":[261,3174],"class_list":["post-30384","post","type-post","status-publish","format-standard","hentry","category-newsy","category-policja-policja-straz-pozarna-pogotowie-ratunkowe","category-policja-straz-pozarna-pogotowie-ratunkowe","tag-komenda-powiatowa-policji-w-wegrowie","tag-kronika-policyjna"],"views":1190,"_links":{"self":[{"href":"http:\/\/info.sadowne.pl\/index.php?rest_route=\/wp\/v2\/posts\/30384","targetHints":{"allow":["GET"]}}],"collection":[{"href":"http:\/\/info.sadowne.pl\/index.php?rest_route=\/wp\/v2\/posts"}],"about":[{"href":"http:\/\/info.sadowne.pl\/index.php?rest_route=\/wp\/v2\/types\/post"}],"author":[{"embeddable":true,"href":"http:\/\/info.sadowne.pl\/index.php?rest_route=\/wp\/v2\/users\/1"}],"replies":[{"embeddable":true,"href":"http:\/\/info.sadowne.pl\/index.php?rest_route=%2Fwp%2Fv2%2Fcomments&post=30384"}],"version-history":[{"count":1,"href":"http:\/\/info.sadowne.pl\/index.php?rest_route=\/wp\/v2\/posts\/30384\/revisions"}],"predecessor-version":[{"id":30385,"href":"http:\/\/info.sadowne.pl\/index.php?rest_route=\/wp\/v2\/posts\/30384\/revisions\/30385"}],"wp:attachment":[{"href":"http:\/\/info.sadowne.pl\/index.php?rest_route=%2Fwp%2Fv2%2Fmedia&parent=30384"}],"wp:term":[{"taxonomy":"category","embeddable":true,"href":"http:\/\/info.sadowne.pl\/index.php?rest_route=%2Fwp%2Fv2%2Fcategories&post=30384"},{"taxonomy":"post_tag","embeddable":true,"href":"http:\/\/info.sadowne.pl\/index.php?rest_route=%2Fwp%2Fv2%2Ftags&post=30384"}],"curies":[{"name":"wp","href":"https:\/\/api.w.org\/{rel}","templated":true}]}}