{"id":30446,"date":"2025-08-31T13:02:20","date_gmt":"2025-08-31T11:02:20","guid":{"rendered":"http:\/\/info.sadowne.pl\/?p=30446"},"modified":"2025-08-31T13:02:20","modified_gmt":"2025-08-31T11:02:20","slug":"ze-sztuka-na-ty","status":"publish","type":"post","link":"http:\/\/info.sadowne.pl\/?p=30446","title":{"rendered":"Ze sztuk\u0105 na TY"},"content":{"rendered":"<p><a href=\"http:\/\/info.sadowne.pl\/wp-content\/uploads\/2025\/08\/2025.08.30.1.jpg\" target=\"_blank\" rel=\"noopener\"><img loading=\"lazy\" decoding=\"async\" class=\"alignleft wp-image-30447 size-thumbnail\" src=\"http:\/\/info.sadowne.pl\/wp-content\/uploads\/2025\/08\/2025.08.30.1-180x130.jpg\" alt=\"\" width=\"180\" height=\"130\" \/><\/a><\/p>\n<p><strong>30 sierpnia 2025 roku w Ostoi Dworskiej w Oci\u0119tem odby\u0142 si\u0119 wernisa\u017c poplenerowy Pleneru Malarskiego.<\/strong><!--more--><\/p>\n<p><strong>Ostoja Dworska p. Alfreda Robaka w Oci\u0119tem nie po raz pierwszy ma tak bezpo\u015bredni kontakt z kultur\u0105 i artystami reprezentuj\u0105cymi r\u00f3\u017cne jej dziedziny.<\/strong> Warto tu przypomnie\u0107 kilkuletni\u0105 wsp\u00f3\u0142prac\u0119 z Gminnym O\u015brodkiem Kultury w Sadownem i udzia\u0142 p. Alfreda w organizacji corocznego Pleneru Malarskiego im. Edwarda Hermana (w tym roku odby\u0142a si\u0119 ju\u017c XXV jego edycja), a tak\u017ce w organizacji tegorocznego Pleneru Rze\u017abiarskiego Miejskiego i Gminnego O\u015brodka Kultury w \u0141ochowie.<\/p>\n<p><strong>Tym razem w Oci\u0119tem zago\u015bcili arty\u015bci uczestnicz\u0105cy w zaj\u0119ciach z rysunku i malarstwa w Wolskim Centrum Kultury w Warszawie prowadzonych przez Rajmunda Ga\u0142eckiego. <\/strong>Na udzia\u0142 w Plenerze pn. \u201eOci\u0119te 2025\u201d, odbywaj\u0105cym si\u0119 w dniach 25 \u2013 31 sierpnia 2025 roku, zdecydowa\u0142o si\u0119 16 os\u00f3b, pp.: Mariola Falkowska, Monika Godlewska, Bo\u017cena Pi\u0105tkowska, Jaros\u0142aw Milewski, Barbara Dobrowolska, Monika S\u0142api\u0144ska, Maria Rokicka, Krystyna Linder-Kopiecka, Ryszard J\u0119cze\u0144, Ewa Elsner, Eliza Ma\u0144kowska, Marzena Czarkowska, Ma\u0142gorzata \u017bmuda, Agnieszka Zi\u0105tek, El\u017cbieta Kwapi\u0144ska i Rajmund Ga\u0142ecki \u2013 Komisarz Pleneru.<\/p>\n<p><strong>W Ostoi Dworskiej i jej pi\u0119knym otoczeniu podczas Pleneru powsta\u0142o wiele wspania\u0142ych\u00a0 prac.<\/strong> Arty\u015bci zademonstrowali je na wystawie podczas wernisa\u017cu poplenerowego, kt\u00f3ry odby\u0142 si\u0119 popo\u0142udniem 30 sierpnia br. Przy \u015bwietnej pogodzie mo\u017cna by\u0142o je zaprezentowa\u0107 u wej\u015bcia do kompleksu budynk\u00f3w Ostoi. Tam te\u017c Komisarz Pleneru p. Rajmund Ga\u0142ecki powita\u0142 uczestnik\u00f3w spotkania, przedstawi\u0142 artyst\u00f3w i w kilku s\u0142owach opowiedzia\u0142 o ich tw\u00f3rczo\u015bci, po czym mo\u017cna by\u0142o obejrze\u0107 wyniki ich pracy z ostatnich dni.<\/p>\n<p><strong>\u201eOstoja Dworska \u2013 Oci\u0119te 28B\u201d to \u015bwietne miejsce na organizowanie tego rodzaju wydarze\u0144 kulturalnych<\/strong> i, jak ustali\u0142em, s\u0105 plany w tym zakresie na przysz\u0142o\u015b\u0107. Nie podam teraz konkret\u00f3w, ale prosz\u0119 \u015bledzi\u0107 ich zapowiedzi. Zapewniam te\u017c, \u017ce warto w nich uczestniczy\u0107 i na bie\u017c\u0105c\u0105, jak to si\u0119 m\u00f3wi, by\u0107 \u201eze sztuk\u0105 na TY\u201d. A teraz \u2013 obejrzyjmy fotorelacj\u0119 z wernisa\u017cu poplenerowego.<\/p>\n<p><span style=\"color: #0000ff;\"><a style=\"color: #0000ff;\" href=\"https:\/\/photos.app.goo.gl\/6METvdgtXnWAgpkh9\" target=\"_blank\" rel=\"noopener\"><strong>Zdj\u0119cia w galerii Google&gt;&gt;&gt;<\/strong><\/a><\/span><\/p>\n<p><strong>Tekst\/foto:<\/strong> S\u0142awek Chyli\u0144ski<\/p>\n","protected":false},"excerpt":{"rendered":"<p>30 sierpnia 2025 roku w Ostoi Dworskiej w Oci\u0119tem odby\u0142 si\u0119 wernisa\u017c poplenerowy Pleneru Malarskiego.<\/p>\n","protected":false},"author":1,"featured_media":0,"comment_status":"closed","ping_status":"closed","sticky":false,"template":"","format":"standard","meta":{"footnotes":""},"categories":[5,91,6],"tags":[4293,169,4291,4292,4294],"class_list":["post-30446","post","type-post","status-publish","format-standard","hentry","category-newsy","category-gminny-osrodek-kultury","category-kultura-rozrywka-edukacja","tag-alfred-robak","tag-gminny-osrodek-kultury-w-sadownem","tag-ostoja-dworska-w-ocietem","tag-plener-malarski-w-ocietem","tag-wolskie-centrum-kultury-w-warszawie"],"views":1859,"_links":{"self":[{"href":"http:\/\/info.sadowne.pl\/index.php?rest_route=\/wp\/v2\/posts\/30446","targetHints":{"allow":["GET"]}}],"collection":[{"href":"http:\/\/info.sadowne.pl\/index.php?rest_route=\/wp\/v2\/posts"}],"about":[{"href":"http:\/\/info.sadowne.pl\/index.php?rest_route=\/wp\/v2\/types\/post"}],"author":[{"embeddable":true,"href":"http:\/\/info.sadowne.pl\/index.php?rest_route=\/wp\/v2\/users\/1"}],"replies":[{"embeddable":true,"href":"http:\/\/info.sadowne.pl\/index.php?rest_route=%2Fwp%2Fv2%2Fcomments&post=30446"}],"version-history":[{"count":1,"href":"http:\/\/info.sadowne.pl\/index.php?rest_route=\/wp\/v2\/posts\/30446\/revisions"}],"predecessor-version":[{"id":30448,"href":"http:\/\/info.sadowne.pl\/index.php?rest_route=\/wp\/v2\/posts\/30446\/revisions\/30448"}],"wp:attachment":[{"href":"http:\/\/info.sadowne.pl\/index.php?rest_route=%2Fwp%2Fv2%2Fmedia&parent=30446"}],"wp:term":[{"taxonomy":"category","embeddable":true,"href":"http:\/\/info.sadowne.pl\/index.php?rest_route=%2Fwp%2Fv2%2Fcategories&post=30446"},{"taxonomy":"post_tag","embeddable":true,"href":"http:\/\/info.sadowne.pl\/index.php?rest_route=%2Fwp%2Fv2%2Ftags&post=30446"}],"curies":[{"name":"wp","href":"https:\/\/api.w.org\/{rel}","templated":true}]}}