{"id":30452,"date":"2025-09-01T17:02:26","date_gmt":"2025-09-01T15:02:26","guid":{"rendered":"http:\/\/info.sadowne.pl\/?p=30452"},"modified":"2025-09-01T17:02:26","modified_gmt":"2025-09-01T15:02:26","slug":"kronika-policyjna-25-31-08-2025","status":"publish","type":"post","link":"http:\/\/info.sadowne.pl\/?p=30452","title":{"rendered":"Kronika policyjna 25 \u2013 31.08.2025"},"content":{"rendered":"<p><strong><a href=\"http:\/\/info.sadowne.pl\/wp-content\/uploads\/2024\/11\/policjadrogowa.jpg\"><img loading=\"lazy\" decoding=\"async\" class=\"alignleft size-thumbnail wp-image-29544\" src=\"http:\/\/info.sadowne.pl\/wp-content\/uploads\/2024\/11\/policjadrogowa-180x130.jpg\" alt=\"\" width=\"180\" height=\"130\" \/><\/a>W minionym tygodniu na terenie powiatu w\u0119growskiego dosz\u0142o do kilku zdarze\u0144 drogowych. Apelujemy o zwi\u0119kszenie uwagi na drodze.<\/strong><!--more--><\/p>\n<p>25 sierpnia w m. Sadowne mieszkaniec pow. w\u0119growskiego, kieruj\u0105c pojazdem marki Peugeot w\u0142\u0105czaj\u0105c si\u0119 do ruchu nie ust\u0105pi\u0142 pierwsze\u0144stwa przejazdu kieruj\u0105cej pojazdem marki Opel. W wyniku doznanych obra\u017ce\u0144 kieruj\u0105ca Oplem zosta\u0142a przewieziona do szpitala.<\/p>\n<p>W tym samym dniu w m. \u0141azy 14 letnia rowerzystka skr\u0119caj\u0105c w lewo uderzy\u0142a w pojazd marki Nissan kt\u00f3rego kieruj\u0105ca rozpocz\u0119\u0142a manewr wyprzedzania dziewczynki kt\u00f3ra porusza\u0142a si\u0119 w tym samym kierunku. Nikt nie dozna\u0142 obra\u017ce\u0144.<\/p>\n<p>26 sierpnia w m. W\u0105sosze mieszkaniec pow. w\u0119growskiego, kieruj\u0105c pojazdem marki Iveco podczas cofania uderzy\u0142 w pojazd marki Toyota. Nikt nie dozna\u0142 obra\u017ce\u0144.<\/p>\n<p>27 sierpnia w m. Zagrodniki mieszkaniec pow. radzymi\u0144skiego, kieruj\u0105c pojazdem ci\u0119\u017carowym marki Mercedes nie zachowa\u0142 bezpiecznej odleg\u0142o\u015bci od poprzedzaj\u0105cego go pojazdu i uderzy\u0142 w ty\u0142 Audi. Nikt nie dozna\u0142 obra\u017ce\u0144.<\/p>\n<p>29 sierpnia w m. \u0141och\u00f3w mieszkanka pow. w\u0119growskiego, kieruj\u0105c pojazdem marki Fiat nie ust\u0105pi\u0142a pierwsze\u0144stwa przejazdu kieruj\u0105cemu pojazdem Scania doprowadzaj\u0105c do zderzenia, a nast\u0119pnie kieruj\u0105ca Fiatem uderzy\u0142a w pojazd VW, kt\u00f3rego kieruj\u0105ca oczekiwa\u0142a na wjazd na skrzy\u017cowanie. Nikt nie dozna\u0142 obra\u017ce\u0144.<\/p>\n<p>Tego samego dnia w m. W\u00f3lka Papli\u0144ska mieszkaniec pow. w\u0119growskiego kieruj\u0105c pojazdem Bizon w wyniku awarii pojazdu doprowadzi\u0142 do zdarzenia drogowego z pojazdem ci\u0119\u017carowym marki Scania. Nikt nie dozna\u0142 obra\u017ce\u0144.<\/p>\n<p>29 sierpnia w m. K\u0105ty mieszkanka pow. wo\u0142omi\u0144skiego, kieruj\u0105c pojazdem marki Honda uderzy\u0142a w dzika, kt\u00f3ry wszed\u0142 na jezdni\u0119. Kieruj\u0105ca nie dozna\u0142a obra\u017ce\u0144.<\/p>\n<p>31 sierpnia w m. Sadole\u015b mieszkaniec Warszawy, kieruj\u0105c pojazdem marki Citroen uderzy\u0142 w sarn\u0119, kt\u00f3ra wbieg\u0142a na jezdni\u0119. Kieruj\u0105cy nie dozna\u0142 obra\u017ce\u0144.<\/p>\n<p><strong>asp. Monika Ksi\u0119\u017copolska<\/strong><\/p>\n<p><strong>\u00a0\u00a0\u00a0\u00a0\u00a0\u00a0\u00a0\u00a0\u00a0\u00a0\u00a0 <\/strong><\/p>\n","protected":false},"excerpt":{"rendered":"<p>W minionym tygodniu na terenie powiatu w\u0119growskiego dosz\u0142o do kilku zdarze\u0144 drogowych. Apelujemy o zwi\u0119kszenie uwagi na drodze.<\/p>\n","protected":false},"author":1,"featured_media":0,"comment_status":"closed","ping_status":"closed","sticky":false,"template":"","format":"standard","meta":{"footnotes":""},"categories":[5,266,4],"tags":[261,3174],"class_list":["post-30452","post","type-post","status-publish","format-standard","hentry","category-newsy","category-policja-policja-straz-pozarna-pogotowie-ratunkowe","category-policja-straz-pozarna-pogotowie-ratunkowe","tag-komenda-powiatowa-policji-w-wegrowie","tag-kronika-policyjna"],"views":1491,"_links":{"self":[{"href":"http:\/\/info.sadowne.pl\/index.php?rest_route=\/wp\/v2\/posts\/30452","targetHints":{"allow":["GET"]}}],"collection":[{"href":"http:\/\/info.sadowne.pl\/index.php?rest_route=\/wp\/v2\/posts"}],"about":[{"href":"http:\/\/info.sadowne.pl\/index.php?rest_route=\/wp\/v2\/types\/post"}],"author":[{"embeddable":true,"href":"http:\/\/info.sadowne.pl\/index.php?rest_route=\/wp\/v2\/users\/1"}],"replies":[{"embeddable":true,"href":"http:\/\/info.sadowne.pl\/index.php?rest_route=%2Fwp%2Fv2%2Fcomments&post=30452"}],"version-history":[{"count":1,"href":"http:\/\/info.sadowne.pl\/index.php?rest_route=\/wp\/v2\/posts\/30452\/revisions"}],"predecessor-version":[{"id":30453,"href":"http:\/\/info.sadowne.pl\/index.php?rest_route=\/wp\/v2\/posts\/30452\/revisions\/30453"}],"wp:attachment":[{"href":"http:\/\/info.sadowne.pl\/index.php?rest_route=%2Fwp%2Fv2%2Fmedia&parent=30452"}],"wp:term":[{"taxonomy":"category","embeddable":true,"href":"http:\/\/info.sadowne.pl\/index.php?rest_route=%2Fwp%2Fv2%2Fcategories&post=30452"},{"taxonomy":"post_tag","embeddable":true,"href":"http:\/\/info.sadowne.pl\/index.php?rest_route=%2Fwp%2Fv2%2Ftags&post=30452"}],"curies":[{"name":"wp","href":"https:\/\/api.w.org\/{rel}","templated":true}]}}