{"id":30476,"date":"2025-09-08T12:27:15","date_gmt":"2025-09-08T10:27:15","guid":{"rendered":"http:\/\/info.sadowne.pl\/?p=30476"},"modified":"2025-09-08T12:27:15","modified_gmt":"2025-09-08T10:27:15","slug":"kronika-policyjna-03-07-09-2025","status":"publish","type":"post","link":"http:\/\/info.sadowne.pl\/?p=30476","title":{"rendered":"Kronika policyjna 03 &#8211; 07.09.2025"},"content":{"rendered":"<p><strong><a href=\"http:\/\/info.sadowne.pl\/wp-content\/uploads\/2024\/11\/policjadrogowa.jpg\"><img loading=\"lazy\" decoding=\"async\" class=\"alignleft size-thumbnail wp-image-29544\" src=\"http:\/\/info.sadowne.pl\/wp-content\/uploads\/2024\/11\/policjadrogowa-180x130.jpg\" alt=\"\" width=\"180\" height=\"130\" \/><\/a>W minionym tygodniu na terenie powiatu w\u0119growskiego dosz\u0142o do zdarze\u0144 drogowych r\u00f3wnie\u017c z udzia\u0142em nietrze\u017awych kieruj\u0105cych i dzikich zwierz\u0105t. Apelujemy o rozs\u0105dek oraz zwi\u0119kszon\u0105 uwag\u0119.<\/strong><!--more--><\/p>\n<p>03 wrze\u015bnia w m. \u015anice mieszkanka pow. siedleckiego, kieruj\u0105c pojazdem marki BMW, uderzy\u0142a w dzika, kt\u00f3ry wszed\u0142 przed pojazd. Zwierz\u0119 pad\u0142o na miejscu. Kieruj\u0105ca nie dozna\u0142a obra\u017ce\u0144.<\/p>\n<p>04 wrze\u015bnia w m. Tch\u00f3rzowa kieruj\u0105cy pojazdem marki Dacia na \u0142uku drogi w trudnych warunkach pogodowych w postaci mg\u0142y, z niewyja\u015bnionych dotychczas przyczyn straci\u0142 panowanie nad pojazdem uderzaj\u0105c w drzewo. W wyniku zderzenia siedem os\u00f3b narodowo\u015bci gruzi\u0144skiej\u00a0 znajduj\u0105cych si\u0119\u00a0 w poje\u017adzie dozna\u0142o obra\u017ce\u0144 cia\u0142a. Wszyscy zostali przewiezieniu do szpitali. Post\u0119powanie prowadzi KPP w W\u0119growie.<\/p>\n<p>W tym samym dniu w m. \u015awidno mieszkaniec pow. w\u0119growskiego, kieruj\u0105c pojazdem marki Renault znajdowa\u0142 si\u0119 w stanie nietrze\u017awo\u015bci (ponad 3 promile alkoholu). Post\u0119powanie prowadzi PP w Korytnicy.<\/p>\n<p>05 wrze\u015bnia w m. \u0141och\u00f3w mieszkaniec pow. w\u0119growskiego, kieruj\u0105c pojazdem marki Toyota nie ust\u0105pi\u0142 pierwsze\u0144stwa przejazdu kieruj\u0105cej rowerem doprowadzaj\u0105c do zderzenia. Kieruj\u0105ca dozna\u0142a lekkich obra\u017ce\u0144 cia\u0142a.<\/p>\n<p>06 wrze\u015bnia w m. Baczki mieszkanka pow. w\u0119growskiego, kieruj\u0105c pojazdem marki Dacia znajdowa\u0142a si\u0119 w stanie nietrze\u017awo\u015bci (blisko 2 promile) oraz uszkodzi\u0142a ogrodzenie posesji, s\u0142up telekomunikacyjny oraz skrzynk\u0119 elektryczn\u0105. Ponadto zniewa\u017cy\u0142a funkcjonariuszy policji. Post\u0119powanie prowadzi KP w \u0141ochowie.<\/p>\n<p>Tego samego dnia w m. Kaliska mieszkaniec pow. w\u0119growskiego, kieruj\u0105c pojazdem marki Mazda nie ust\u0105pi\u0142 pierwsze\u0144stwa przejazdu kieruj\u0105cemu pojazdem marki Peugeot doprowadzaj\u0105c do zderzenia czo\u0142owego pojazd\u00f3w. Nikt nie dozna\u0142 obra\u017ce\u0144.<\/p>\n<p>07 wrze\u015bnia w m. W\u0119gr\u00f3w mieszkaniec pow. soko\u0142owskiego, kieruj\u0105c pojazdem marki Suzuki uderzy\u0142 w sarn\u0119, kt\u00f3ra wbieg\u0142a na jezdni\u0119. Zwierz\u0119 pad\u0142o na miejscu, kieruj\u0105cy nie dozna\u0142 obra\u017ce\u0144.<\/p>\n<p>W tym samym dniu w m. \u0141ojew mieszkaniec pow. w\u0119growskiego, kieruj\u0105c pojazdem marki Ford, kt\u00f3ry r\u00f3wnie\u017c uderzy\u0142 w sarn\u0119, kt\u00f3ra pad\u0142a na miejscu. Kieruj\u0105cy nie dozna\u0142 obra\u017ce\u0144.<\/p>\n<p><strong>asp. Monika Ksi\u0119\u017copolska<\/strong><\/p>\n","protected":false},"excerpt":{"rendered":"<p>W minionym tygodniu na terenie powiatu w\u0119growskiego dosz\u0142o do zdarze\u0144 drogowych r\u00f3wnie\u017c z udzia\u0142em nietrze\u017awych kieruj\u0105cych i dzikich zwierz\u0105t. Apelujemy o rozs\u0105dek oraz zwi\u0119kszon\u0105 uwag\u0119.<\/p>\n","protected":false},"author":1,"featured_media":0,"comment_status":"closed","ping_status":"closed","sticky":false,"template":"","format":"standard","meta":{"footnotes":""},"categories":[5,266,4],"tags":[261,3174],"class_list":["post-30476","post","type-post","status-publish","format-standard","hentry","category-newsy","category-policja-policja-straz-pozarna-pogotowie-ratunkowe","category-policja-straz-pozarna-pogotowie-ratunkowe","tag-komenda-powiatowa-policji-w-wegrowie","tag-kronika-policyjna"],"views":1645,"_links":{"self":[{"href":"http:\/\/info.sadowne.pl\/index.php?rest_route=\/wp\/v2\/posts\/30476","targetHints":{"allow":["GET"]}}],"collection":[{"href":"http:\/\/info.sadowne.pl\/index.php?rest_route=\/wp\/v2\/posts"}],"about":[{"href":"http:\/\/info.sadowne.pl\/index.php?rest_route=\/wp\/v2\/types\/post"}],"author":[{"embeddable":true,"href":"http:\/\/info.sadowne.pl\/index.php?rest_route=\/wp\/v2\/users\/1"}],"replies":[{"embeddable":true,"href":"http:\/\/info.sadowne.pl\/index.php?rest_route=%2Fwp%2Fv2%2Fcomments&post=30476"}],"version-history":[{"count":1,"href":"http:\/\/info.sadowne.pl\/index.php?rest_route=\/wp\/v2\/posts\/30476\/revisions"}],"predecessor-version":[{"id":30477,"href":"http:\/\/info.sadowne.pl\/index.php?rest_route=\/wp\/v2\/posts\/30476\/revisions\/30477"}],"wp:attachment":[{"href":"http:\/\/info.sadowne.pl\/index.php?rest_route=%2Fwp%2Fv2%2Fmedia&parent=30476"}],"wp:term":[{"taxonomy":"category","embeddable":true,"href":"http:\/\/info.sadowne.pl\/index.php?rest_route=%2Fwp%2Fv2%2Fcategories&post=30476"},{"taxonomy":"post_tag","embeddable":true,"href":"http:\/\/info.sadowne.pl\/index.php?rest_route=%2Fwp%2Fv2%2Ftags&post=30476"}],"curies":[{"name":"wp","href":"https:\/\/api.w.org\/{rel}","templated":true}]}}