{"id":30545,"date":"2025-09-22T15:55:07","date_gmt":"2025-09-22T13:55:07","guid":{"rendered":"http:\/\/info.sadowne.pl\/?p=30545"},"modified":"2025-09-22T15:55:07","modified_gmt":"2025-09-22T13:55:07","slug":"kronika-policyjna-15-21-09-2025","status":"publish","type":"post","link":"http:\/\/info.sadowne.pl\/?p=30545","title":{"rendered":"Kronika policyjna 15 \u2013 21.09.2025"},"content":{"rendered":"<p><strong><a href=\"http:\/\/info.sadowne.pl\/wp-content\/uploads\/2024\/11\/policjadrogowa.jpg\"><img loading=\"lazy\" decoding=\"async\" class=\"alignleft size-thumbnail wp-image-29544\" src=\"http:\/\/info.sadowne.pl\/wp-content\/uploads\/2024\/11\/policjadrogowa-180x130.jpg\" alt=\"\" width=\"180\" height=\"130\" \/><\/a>W minionym tygodniu na terenie powiatu w\u0119growskiego dosz\u0142o do kilku zdarze\u0144 drogowych. Apelujemy o rozwag\u0119 i zwi\u0119kszon\u0105 uwag\u0119 na drodze.<\/strong><strong>\u00a0<\/strong><!--more--><\/p>\n<p>15 wrze\u015bnia w m. Chojeczno &#8211; Cesarze mieszkaniec pow. w\u0119growskiego, kieruj\u0105c pojazdem marki Audi uderzy\u0142 w sarn\u0119, kt\u00f3ra wbieg\u0142a na jezdni\u0119. Zwierz\u0119 pad\u0142o na miejscu, kieruj\u0105cy nie dozna\u0142 obra\u017ce\u0144.<\/p>\n<p>W tym samym dniu w m. Sadowne m. pow. \u0142osickiego, kieruj\u0105c pojazdem marki Renault uderzy\u0142\u00a0 w \u0142osia, kt\u00f3ry wszed\u0142 na jezdni\u0119. Zwierz\u0119 pad\u0142o na miejscu. Kieruj\u0105cy nie dozna\u0142 obra\u017ce\u0144.<\/p>\n<p>16 wrze\u015bnia w m. W\u0119gr\u00f3w mieszkanka pow. w\u0119growskiego, kieruj\u0105c pojazdem marki Ford podczas cofania uderzy\u0142a w pojazd marki Toyota. Nikt nie dozna\u0142 obra\u017ce\u0144.<\/p>\n<p>17 wrze\u015bnia w m. \u0141och\u00f3w mieszkaniec pow. w\u0119growskiego, kieruj\u0105c pojazdem marki Mercedes w\u0142\u0105czaj\u0105c si\u0119 do ruchu uderzy\u0142 w pojazd marki Ford. Nikt nie dozna\u0142 obra\u017ce\u0144.<\/p>\n<p>19 wrze\u015bnia w m. Polk\u00f3w Da\u0107bogi mieszkaniec pow. w\u0119growskiego, kieruj\u0105c pojazdem marki VW uderzy\u0142 w psa, kt\u00f3ry wybieg\u0142 z jednej z posesji. W wyniku zderzenia pojazd uleg\u0142 uszkodzeniu, a zwierz\u0119 dozna\u0142o obra\u017ce\u0144.<\/p>\n<p>20 wrze\u015bnia w m. Budziska mieszkaniec Warszawy, kieruj\u0105c pojazdem marki Fiat uderzy\u0142 w \u0142osia, kt\u00f3ry wszed\u0142 na jezdni\u0119, powoduj\u0105c uszkodzenie pojazdu. Nikt nie dozna\u0142 obra\u017ce\u0144.<\/p>\n<p>21 wrze\u015bnia w m. Oss\u00f3wno mieszkaniec pow. mi\u0144skiego, kieruj\u0105c motocyklem marki Cagiva na wyboistej drodze straci\u0142 panowanie nad pojazdem i uderzy\u0142 w drzewo. W wyniku doznanych obra\u017ce\u0144 zosta\u0142 przewieziony do szpitala. Post\u0119powanie prowadzi PP w Korytnicy.<\/p>\n<p><strong>asp. Monika Ksi\u0119\u017copolska<\/strong><\/p>\n","protected":false},"excerpt":{"rendered":"<p>W minionym tygodniu na terenie powiatu w\u0119growskiego dosz\u0142o do kilku zdarze\u0144 drogowych. Apelujemy o rozwag\u0119 i zwi\u0119kszon\u0105 uwag\u0119 na drodze.\u00a0<\/p>\n","protected":false},"author":1,"featured_media":0,"comment_status":"closed","ping_status":"closed","sticky":false,"template":"","format":"standard","meta":{"footnotes":""},"categories":[5,266,4],"tags":[261,3174],"class_list":["post-30545","post","type-post","status-publish","format-standard","hentry","category-newsy","category-policja-policja-straz-pozarna-pogotowie-ratunkowe","category-policja-straz-pozarna-pogotowie-ratunkowe","tag-komenda-powiatowa-policji-w-wegrowie","tag-kronika-policyjna"],"views":1098,"_links":{"self":[{"href":"http:\/\/info.sadowne.pl\/index.php?rest_route=\/wp\/v2\/posts\/30545","targetHints":{"allow":["GET"]}}],"collection":[{"href":"http:\/\/info.sadowne.pl\/index.php?rest_route=\/wp\/v2\/posts"}],"about":[{"href":"http:\/\/info.sadowne.pl\/index.php?rest_route=\/wp\/v2\/types\/post"}],"author":[{"embeddable":true,"href":"http:\/\/info.sadowne.pl\/index.php?rest_route=\/wp\/v2\/users\/1"}],"replies":[{"embeddable":true,"href":"http:\/\/info.sadowne.pl\/index.php?rest_route=%2Fwp%2Fv2%2Fcomments&post=30545"}],"version-history":[{"count":1,"href":"http:\/\/info.sadowne.pl\/index.php?rest_route=\/wp\/v2\/posts\/30545\/revisions"}],"predecessor-version":[{"id":30546,"href":"http:\/\/info.sadowne.pl\/index.php?rest_route=\/wp\/v2\/posts\/30545\/revisions\/30546"}],"wp:attachment":[{"href":"http:\/\/info.sadowne.pl\/index.php?rest_route=%2Fwp%2Fv2%2Fmedia&parent=30545"}],"wp:term":[{"taxonomy":"category","embeddable":true,"href":"http:\/\/info.sadowne.pl\/index.php?rest_route=%2Fwp%2Fv2%2Fcategories&post=30545"},{"taxonomy":"post_tag","embeddable":true,"href":"http:\/\/info.sadowne.pl\/index.php?rest_route=%2Fwp%2Fv2%2Ftags&post=30545"}],"curies":[{"name":"wp","href":"https:\/\/api.w.org\/{rel}","templated":true}]}}