{"id":30563,"date":"2025-09-29T12:04:37","date_gmt":"2025-09-29T10:04:37","guid":{"rendered":"http:\/\/info.sadowne.pl\/?p=30563"},"modified":"2025-09-29T12:04:37","modified_gmt":"2025-09-29T10:04:37","slug":"zaproszenie-na-koncert","status":"publish","type":"post","link":"http:\/\/info.sadowne.pl\/?p=30563","title":{"rendered":"Zaproszenie na koncert"},"content":{"rendered":"<p><strong><a href=\"http:\/\/info.sadowne.pl\/wp-content\/uploads\/2025\/09\/2025.09.29.1.jpg\"><img loading=\"lazy\" decoding=\"async\" class=\"alignleft size-thumbnail wp-image-30564\" src=\"http:\/\/info.sadowne.pl\/wp-content\/uploads\/2025\/09\/2025.09.29.1-180x130.jpg\" alt=\"\" width=\"180\" height=\"130\" \/><\/a>Ju\u017c za 10 dni w Warszawie \u015bwiatowa prapremiera utworu \u201eMisterium \u015bw. Jana\u201d, kt\u00f3ry skomponowa\u0142 Krzysztof Niegowski.\u00a0<\/strong><!--more--><\/p>\n<p>9 pa\u017adziernika 2025 r. (czwartek) o godz. 20.00 w Archikatedrze \u015bw. Jana Chrzciciela na warszawskiej Star\u00f3wce rozpocznie si\u0119 po\u015bwi\u0119cony Bart\u0142omiejowi Nowodworskiemu koncert \u201ePami\u0119\u0107 i Chwa\u0142a\u201d, w czasie kt\u00f3rego po raz pierwszy zostanie zaprezentowane \u201eMisterium \u015bw. Jana\u201d. Jego kompozytorem jest zwi\u0105zany z Sadownem Krzysztof Niegowski. On te\u017c b\u0119dzie jednym z wykonawc\u00f3w graj\u0105c na organach.<\/p>\n<p>Mieszkaj\u0105cy od lat w Kaliszu dr Krzysztof Niegowski s. Tadeusza jest wnukiem Kazimiery i Antoniego Niegowskich mieszkaj\u0105cych przy ul Wiejskiej w Sadownem. Antoni Niegowski przez niemal \u0107wier\u0107wiecze pe\u0142ni\u0142 funkcj\u0119 so\u0142tysa Sadownego.<\/p>\n<p>Serdecznie zapraszamy, wst\u0119p na koncert jest wolny, a bli\u017cej o samym wydarzeniu ju\u017c wkr\u00f3tce.<\/p>\n<p><a href=\"http:\/\/info.sadowne.pl\/wp-content\/uploads\/2025\/09\/2025.09.29.1.jpg\"><img loading=\"lazy\" decoding=\"async\" class=\"aligncenter size-full wp-image-30564\" src=\"http:\/\/info.sadowne.pl\/wp-content\/uploads\/2025\/09\/2025.09.29.1.jpg\" alt=\"\" width=\"602\" height=\"752\" srcset=\"http:\/\/info.sadowne.pl\/wp-content\/uploads\/2025\/09\/2025.09.29.1.jpg 602w, http:\/\/info.sadowne.pl\/wp-content\/uploads\/2025\/09\/2025.09.29.1-240x300.jpg 240w\" sizes=\"auto, (max-width: 602px) 100vw, 602px\" \/><\/a><\/p>\n","protected":false},"excerpt":{"rendered":"<p>Ju\u017c za 10 dni w Warszawie \u015bwiatowa prapremiera utworu \u201eMisterium \u015bw. Jana\u201d, kt\u00f3ry skomponowa\u0142 Krzysztof Niegowski.\u00a0<\/p>\n","protected":false},"author":1,"featured_media":0,"comment_status":"closed","ping_status":"closed","sticky":false,"template":"","format":"standard","meta":{"footnotes":""},"categories":[5,1],"tags":[4301,4303,4300,4302],"class_list":["post-30563","post","type-post","status-publish","format-standard","hentry","category-newsy","category-inne","tag-misterium-sw-jana","tag-archikatedra-sw-jana-chrzciciela-w-warszawie","tag-koncert-pamiec-i-chwala","tag-krzysztof-niegowski"],"views":671,"_links":{"self":[{"href":"http:\/\/info.sadowne.pl\/index.php?rest_route=\/wp\/v2\/posts\/30563","targetHints":{"allow":["GET"]}}],"collection":[{"href":"http:\/\/info.sadowne.pl\/index.php?rest_route=\/wp\/v2\/posts"}],"about":[{"href":"http:\/\/info.sadowne.pl\/index.php?rest_route=\/wp\/v2\/types\/post"}],"author":[{"embeddable":true,"href":"http:\/\/info.sadowne.pl\/index.php?rest_route=\/wp\/v2\/users\/1"}],"replies":[{"embeddable":true,"href":"http:\/\/info.sadowne.pl\/index.php?rest_route=%2Fwp%2Fv2%2Fcomments&post=30563"}],"version-history":[{"count":1,"href":"http:\/\/info.sadowne.pl\/index.php?rest_route=\/wp\/v2\/posts\/30563\/revisions"}],"predecessor-version":[{"id":30565,"href":"http:\/\/info.sadowne.pl\/index.php?rest_route=\/wp\/v2\/posts\/30563\/revisions\/30565"}],"wp:attachment":[{"href":"http:\/\/info.sadowne.pl\/index.php?rest_route=%2Fwp%2Fv2%2Fmedia&parent=30563"}],"wp:term":[{"taxonomy":"category","embeddable":true,"href":"http:\/\/info.sadowne.pl\/index.php?rest_route=%2Fwp%2Fv2%2Fcategories&post=30563"},{"taxonomy":"post_tag","embeddable":true,"href":"http:\/\/info.sadowne.pl\/index.php?rest_route=%2Fwp%2Fv2%2Ftags&post=30563"}],"curies":[{"name":"wp","href":"https:\/\/api.w.org\/{rel}","templated":true}]}}