{"id":30580,"date":"2025-10-05T18:29:00","date_gmt":"2025-10-05T16:29:00","guid":{"rendered":"http:\/\/info.sadowne.pl\/?p=30580"},"modified":"2025-10-05T18:51:10","modified_gmt":"2025-10-05T16:51:10","slug":"z-historii-sadowianki-zlote-gody-zespolu","status":"publish","type":"post","link":"http:\/\/info.sadowne.pl\/?p=30580","title":{"rendered":"Z historii &#8211; Sadowianki &#8211; Z\u0142ote Gody Zespo\u0142u"},"content":{"rendered":"<p><strong><a href=\"http:\/\/info.sadowne.pl\/wp-content\/uploads\/2025\/10\/sad1317.jpg\"><img loading=\"lazy\" decoding=\"async\" class=\"alignleft size-thumbnail wp-image-30593\" src=\"http:\/\/info.sadowne.pl\/wp-content\/uploads\/2025\/10\/sad1317-180x130.jpg\" alt=\"\" width=\"180\" height=\"130\" \/><\/a>SADOWNE &#8211; <\/strong><strong>20 lipca 2023 roku &#8211; <\/strong><strong>JUBILEUSZ ZESPO\u0141U \u015aPIEWACZEGO SADOWIANKI.<\/strong><!--more--><\/p>\n<p><strong> <a href=\"http:\/\/info.sadowne.pl\/wp-content\/uploads\/2025\/10\/sad1305.jpg\"><img loading=\"lazy\" decoding=\"async\" class=\"aligncenter size-full wp-image-30581\" src=\"http:\/\/info.sadowne.pl\/wp-content\/uploads\/2025\/10\/sad1305.jpg\" alt=\"\" width=\"333\" height=\"106\" srcset=\"http:\/\/info.sadowne.pl\/wp-content\/uploads\/2025\/10\/sad1305.jpg 333w, http:\/\/info.sadowne.pl\/wp-content\/uploads\/2025\/10\/sad1305-300x95.jpg 300w\" sizes=\"auto, (max-width: 333px) 100vw, 333px\" \/><\/a><\/strong><\/p>\n<p style=\"text-align: left;\">Msz\u0105 \u015bwi\u0119t\u0105 w ko\u015bciele parafialnym w Sadownem odprawion\u0105 w intencji Zespo\u0142u &#8222;Sadowianki&#8221; i zaproszonych go\u015bci, rozpocz\u0119\u0142a si\u0119 biesiada jubileuszowa.<\/p>\n<p style=\"text-align: left;\"><a href=\"http:\/\/info.sadowne.pl\/wp-content\/uploads\/2025\/10\/sad1306.jpg\"><img loading=\"lazy\" decoding=\"async\" class=\"aligncenter size-full wp-image-30582\" src=\"http:\/\/info.sadowne.pl\/wp-content\/uploads\/2025\/10\/sad1306.jpg\" alt=\"\" width=\"606\" height=\"539\" srcset=\"http:\/\/info.sadowne.pl\/wp-content\/uploads\/2025\/10\/sad1306.jpg 606w, http:\/\/info.sadowne.pl\/wp-content\/uploads\/2025\/10\/sad1306-300x267.jpg 300w\" sizes=\"auto, (max-width: 606px) 100vw, 606px\" \/><\/a><\/p>\n<p style=\"text-align: center;\">Ks. proboszcz Antoni Kunicki<\/p>\n<p>Pomys\u0142odawc\u0105 i organizatorem jubileuszu by\u0142 kol. z zespo\u0142u Piotr Olkowski i cz\u0142onkowie Ko\u0142a Gospody\u0144 Wiejskich z Oci\u0119tego.<\/p>\n<p><a href=\"http:\/\/info.sadowne.pl\/wp-content\/uploads\/2025\/10\/sad1307.jpg\"><img loading=\"lazy\" decoding=\"async\" class=\"aligncenter size-full wp-image-30583\" src=\"http:\/\/info.sadowne.pl\/wp-content\/uploads\/2025\/10\/sad1307.jpg\" alt=\"\" width=\"433\" height=\"444\" srcset=\"http:\/\/info.sadowne.pl\/wp-content\/uploads\/2025\/10\/sad1307.jpg 433w, http:\/\/info.sadowne.pl\/wp-content\/uploads\/2025\/10\/sad1307-293x300.jpg 293w\" sizes=\"auto, (max-width: 433px) 100vw, 433px\" \/><\/a><\/p>\n<p style=\"text-align: center;\">Piotr Olkowski<\/p>\n<p><strong><a href=\"http:\/\/info.sadowne.pl\/wp-content\/uploads\/2025\/10\/sad1308.jpg\"><img loading=\"lazy\" decoding=\"async\" class=\"aligncenter size-full wp-image-30584\" src=\"http:\/\/info.sadowne.pl\/wp-content\/uploads\/2025\/10\/sad1308.jpg\" alt=\"\" width=\"603\" height=\"462\" srcset=\"http:\/\/info.sadowne.pl\/wp-content\/uploads\/2025\/10\/sad1308.jpg 603w, http:\/\/info.sadowne.pl\/wp-content\/uploads\/2025\/10\/sad1308-300x230.jpg 300w\" sizes=\"auto, (max-width: 603px) 100vw, 603px\" \/><\/a>\u00a0<\/strong><\/p>\n<p style=\"text-align: center;\">Sadowie\u0144ski ch\u00f3r ko\u015bcielny<\/p>\n<p style=\"text-align: center;\">Organista Marcin Bocian, Basia Wr\u00f3bel, Ania Chojecka, Ania Gierej, Marta Osman, Ola Piotrowska<\/p>\n<p style=\"text-align: center;\"><strong> <a href=\"http:\/\/info.sadowne.pl\/wp-content\/uploads\/2025\/10\/sad1309.jpg\"><img loading=\"lazy\" decoding=\"async\" class=\"aligncenter size-full wp-image-30585\" src=\"http:\/\/info.sadowne.pl\/wp-content\/uploads\/2025\/10\/sad1309.jpg\" alt=\"\" width=\"568\" height=\"929\" srcset=\"http:\/\/info.sadowne.pl\/wp-content\/uploads\/2025\/10\/sad1309.jpg 568w, http:\/\/info.sadowne.pl\/wp-content\/uploads\/2025\/10\/sad1309-183x300.jpg 183w\" sizes=\"auto, (max-width: 568px) 100vw, 568px\" \/><\/a><\/strong><\/p>\n<p style=\"text-align: center;\">Ania Chojecka<\/p>\n<p style=\"text-align: center;\">Jest cz\u0142onkiem Zespo\u0142u \u015apiewaczego &#8222;Sadowianki&#8221;, \u015bpiewa te\u017c w ko\u015bcielnym ch\u00f3rze. Jej g\u0142os to sopran.<\/p>\n<p>&nbsp;<\/p>\n<p>S\u0142uchaj\u0105c oprawy mszy \u015bwi\u0119tej, cz\u0119sto nie widzimy twarzy naszych ch\u00f3rzyst\u00f3w, dlatego w tym miejscu nadarza si\u0119 okazja, by nieco ods\u0142oni\u0107 te tajemnicze kulisy. Wy\u017cej pokaza\u0142am naszych ch\u00f3rzyst\u00f3w, ale jeszcze dopisz\u0119 osoby, kt\u00f3rych nie by\u0142o na tej mszy, s\u0105 to <strong>Zuzia Gierej, Marta Siwek i Emilia Krupa<\/strong>.<\/p>\n<p>Przyszed\u0142 czas na m\u00f3j wizerunek. Jestem altem, do\u015b\u0107 cz\u0119sto samotnie \u015bpiewaj\u0105cym swoj\u0105 parti\u0119 g\u0142osow\u0105, zar\u00f3wno w ,,Sadowiankach\u201d, jak i na ch\u00f3rze, wi\u0119c bardzo cieszy mnie fakt, \u017ce do\u0142\u0105cza do mnie Ola Piotrowska, chocia\u017c nie zawsze mo\u017ce by\u0107 na mszy w Sadownem, poniewa\u017c jest studentk\u0105 i uczy si\u0119 w Siedlcach.<\/p>\n<p><a href=\"http:\/\/info.sadowne.pl\/wp-content\/uploads\/2025\/10\/sad1310.jpg\"><img loading=\"lazy\" decoding=\"async\" class=\"aligncenter size-full wp-image-30586\" src=\"http:\/\/info.sadowne.pl\/wp-content\/uploads\/2025\/10\/sad1310.jpg\" alt=\"\" width=\"608\" height=\"806\" srcset=\"http:\/\/info.sadowne.pl\/wp-content\/uploads\/2025\/10\/sad1310.jpg 608w, http:\/\/info.sadowne.pl\/wp-content\/uploads\/2025\/10\/sad1310-226x300.jpg 226w\" sizes=\"auto, (max-width: 608px) 100vw, 608px\" \/><\/a><\/p>\n<p style=\"text-align: center;\">Basia Wr\u00f3bel<\/p>\n<p><strong> <a href=\"http:\/\/info.sadowne.pl\/wp-content\/uploads\/2025\/10\/sad1311.jpg\"><img loading=\"lazy\" decoding=\"async\" class=\"aligncenter size-full wp-image-30587\" src=\"http:\/\/info.sadowne.pl\/wp-content\/uploads\/2025\/10\/sad1311.jpg\" alt=\"\" width=\"441\" height=\"649\" srcset=\"http:\/\/info.sadowne.pl\/wp-content\/uploads\/2025\/10\/sad1311.jpg 441w, http:\/\/info.sadowne.pl\/wp-content\/uploads\/2025\/10\/sad1311-204x300.jpg 204w\" sizes=\"auto, (max-width: 441px) 100vw, 441px\" \/><\/a><\/strong><\/p>\n<p style=\"text-align: center;\">I jeszcze jedna ch\u00f3rzystka Ania Gierej, mama Zuzi Gierej i nasz Piotrek Olkowski<\/p>\n<p><strong> <a href=\"http:\/\/info.sadowne.pl\/wp-content\/uploads\/2025\/10\/sad1312.jpg\"><img loading=\"lazy\" decoding=\"async\" class=\"aligncenter size-full wp-image-30588\" src=\"http:\/\/info.sadowne.pl\/wp-content\/uploads\/2025\/10\/sad1312.jpg\" alt=\"\" width=\"602\" height=\"464\" srcset=\"http:\/\/info.sadowne.pl\/wp-content\/uploads\/2025\/10\/sad1312.jpg 602w, http:\/\/info.sadowne.pl\/wp-content\/uploads\/2025\/10\/sad1312-300x231.jpg 300w\" sizes=\"auto, (max-width: 602px) 100vw, 602px\" \/><\/a><\/strong><\/p>\n<p style=\"text-align: center;\">Basia Wr\u00f3bel, Ania Chojecka, Ania Gierej, Marta Osman<\/p>\n<p><a href=\"http:\/\/info.sadowne.pl\/wp-content\/uploads\/2025\/10\/sad1313.jpg\"><img loading=\"lazy\" decoding=\"async\" class=\"aligncenter size-full wp-image-30589\" src=\"http:\/\/info.sadowne.pl\/wp-content\/uploads\/2025\/10\/sad1313.jpg\" alt=\"\" width=\"293\" height=\"293\" \/><\/a><\/p>\n<p><a href=\"http:\/\/info.sadowne.pl\/wp-content\/uploads\/2025\/10\/sad1314.jpg\"><img loading=\"lazy\" decoding=\"async\" class=\"aligncenter size-full wp-image-30590\" src=\"http:\/\/info.sadowne.pl\/wp-content\/uploads\/2025\/10\/sad1314.jpg\" alt=\"\" width=\"318\" height=\"456\" srcset=\"http:\/\/info.sadowne.pl\/wp-content\/uploads\/2025\/10\/sad1314.jpg 318w, http:\/\/info.sadowne.pl\/wp-content\/uploads\/2025\/10\/sad1314-209x300.jpg 209w\" sizes=\"auto, (max-width: 318px) 100vw, 318px\" \/><\/a><\/p>\n<p style=\"text-align: center;\">Krysia Wetoszka przedstawi\u0142a w skr\u00f3cie histori\u0119 dzia\u0142alno\u015bci Zespo\u0142u oraz wymieni\u0142a nagrody i wyr\u00f3\u017cnienia, kt\u00f3re Zesp\u00f3\u0142 otrzymywa\u0142<\/p>\n<p>W\u015br\u00f3d go\u015bci znale\u017ali si\u0119 mi\u0119dzy innymi:<\/p>\n<p><a href=\"http:\/\/info.sadowne.pl\/wp-content\/uploads\/2025\/10\/sad1315.jpg\"><img loading=\"lazy\" decoding=\"async\" class=\"aligncenter size-full wp-image-30591\" src=\"http:\/\/info.sadowne.pl\/wp-content\/uploads\/2025\/10\/sad1315.jpg\" alt=\"\" width=\"560\" height=\"617\" srcset=\"http:\/\/info.sadowne.pl\/wp-content\/uploads\/2025\/10\/sad1315.jpg 560w, http:\/\/info.sadowne.pl\/wp-content\/uploads\/2025\/10\/sad1315-272x300.jpg 272w\" sizes=\"auto, (max-width: 560px) 100vw, 560px\" \/><\/a><\/p>\n<p style=\"text-align: center;\">Pani El\u017cbieta Lanc \u2013 Cz\u0142onek Zarz\u0105du Wojew\u00f3dztwa Mazowieckiego<\/p>\n<p><a href=\"http:\/\/info.sadowne.pl\/wp-content\/uploads\/2025\/10\/sad1316.jpg\"><img loading=\"lazy\" decoding=\"async\" class=\"aligncenter size-full wp-image-30592\" src=\"http:\/\/info.sadowne.pl\/wp-content\/uploads\/2025\/10\/sad1316.jpg\" alt=\"\" width=\"607\" height=\"279\" srcset=\"http:\/\/info.sadowne.pl\/wp-content\/uploads\/2025\/10\/sad1316.jpg 607w, http:\/\/info.sadowne.pl\/wp-content\/uploads\/2025\/10\/sad1316-300x138.jpg 300w\" sizes=\"auto, (max-width: 607px) 100vw, 607px\" \/><\/a><\/p>\n<p style=\"text-align: center;\">P. Waldemar Cyran \u2013 W\u00f3jt Gminy Sadowne<\/p>\n<p style=\"text-align: center;\">P. Marcin Gr\u0119da \u2013 Zast\u0119pca W\u00f3jta Gminy Sadowne<\/p>\n<p style=\"text-align: center;\"><em>Drugi rz\u0105d<\/em>: P. S\u0142awomir Ryszawa \u2013 Dyrektor Zespo\u0142u Szk\u00f3\u0142 Ponadpodstawowych w Sadownem,<\/p>\n<p style=\"text-align: center;\">P. Marek Renik \u2013 Wicestarosta Powiatu W\u0119growskiego z \u017con\u0105 p. Miros\u0142aw\u0105 Renik<\/p>\n<p>Tu\u017c po mszy \u015bwi\u0119tej g\u0142os zabierali nasi go\u015bcie przedstawiciele samorz\u0105du na szczeblu wojew\u00f3dzkim, powiatowym i gminnym dzi\u0119kuj\u0105c &#8222;Sadowiankom&#8221; za wk\u0142ad pracy na rzecz kultury i tradycji ludowych.<\/p>\n<p>P. Piotr Olkowski zaprosi\u0142 wszystkich zebranych do \u015awietlicy Wiejskiej w Oci\u0119tem na biesiad\u0119 przygotowan\u0105 przez cz\u0142onk\u00f3w KGW Oci\u0119te.<\/p>\n<p>Jeszcze kilka wsp\u00f3lnych fotek w \u015bwi\u0105tyni i przed \u015bwi\u0105tyni\u0105.<\/p>\n<p><strong><a href=\"http:\/\/info.sadowne.pl\/wp-content\/uploads\/2025\/10\/sad1317.jpg\"><img loading=\"lazy\" decoding=\"async\" class=\"aligncenter size-full wp-image-30593\" src=\"http:\/\/info.sadowne.pl\/wp-content\/uploads\/2025\/10\/sad1317.jpg\" alt=\"\" width=\"609\" height=\"294\" srcset=\"http:\/\/info.sadowne.pl\/wp-content\/uploads\/2025\/10\/sad1317.jpg 609w, http:\/\/info.sadowne.pl\/wp-content\/uploads\/2025\/10\/sad1317-300x145.jpg 300w\" sizes=\"auto, (max-width: 609px) 100vw, 609px\" \/><\/a>\u00a0<\/strong><\/p>\n<p style=\"text-align: center;\">SADOWIANKI wraz z zaproszonymi go\u015b\u0107mi<\/p>\n<p><strong> <a href=\"http:\/\/info.sadowne.pl\/wp-content\/uploads\/2025\/10\/sad1318.jpg\"><img loading=\"lazy\" decoding=\"async\" class=\"aligncenter size-full wp-image-30594\" src=\"http:\/\/info.sadowne.pl\/wp-content\/uploads\/2025\/10\/sad1318.jpg\" alt=\"\" width=\"602\" height=\"297\" srcset=\"http:\/\/info.sadowne.pl\/wp-content\/uploads\/2025\/10\/sad1318.jpg 602w, http:\/\/info.sadowne.pl\/wp-content\/uploads\/2025\/10\/sad1318-300x148.jpg 300w\" sizes=\"auto, (max-width: 602px) 100vw, 602px\" \/><\/a><\/strong><\/p>\n<p style=\"text-align: center;\">Zdj\u0119cie wykonane z ambony<\/p>\n<p><strong> <a href=\"http:\/\/info.sadowne.pl\/wp-content\/uploads\/2025\/10\/sad1319.jpg\"><img loading=\"lazy\" decoding=\"async\" class=\"aligncenter size-full wp-image-30595\" src=\"http:\/\/info.sadowne.pl\/wp-content\/uploads\/2025\/10\/sad1319.jpg\" alt=\"\" width=\"607\" height=\"275\" srcset=\"http:\/\/info.sadowne.pl\/wp-content\/uploads\/2025\/10\/sad1319.jpg 607w, http:\/\/info.sadowne.pl\/wp-content\/uploads\/2025\/10\/sad1319-300x136.jpg 300w\" sizes=\"auto, (max-width: 607px) 100vw, 607px\" \/><\/a><\/strong><\/p>\n<p><strong> <a href=\"http:\/\/info.sadowne.pl\/wp-content\/uploads\/2025\/10\/sad1320.jpg\"><img loading=\"lazy\" decoding=\"async\" class=\"aligncenter size-full wp-image-30596\" src=\"http:\/\/info.sadowne.pl\/wp-content\/uploads\/2025\/10\/sad1320.jpg\" alt=\"\" width=\"603\" height=\"368\" srcset=\"http:\/\/info.sadowne.pl\/wp-content\/uploads\/2025\/10\/sad1320.jpg 603w, http:\/\/info.sadowne.pl\/wp-content\/uploads\/2025\/10\/sad1320-300x183.jpg 300w\" sizes=\"auto, (max-width: 603px) 100vw, 603px\" \/><\/a><\/strong><\/p>\n<p style=\"text-align: center;\">Tu ju\u017c przed nasz\u0105 pi\u0119kn\u0105 \u015bwi\u0105tyni\u0105<\/p>\n<p><strong> <a href=\"http:\/\/info.sadowne.pl\/wp-content\/uploads\/2025\/10\/sad1321.jpg\"><img loading=\"lazy\" decoding=\"async\" class=\"aligncenter size-full wp-image-30597\" src=\"http:\/\/info.sadowne.pl\/wp-content\/uploads\/2025\/10\/sad1321.jpg\" alt=\"\" width=\"603\" height=\"296\" srcset=\"http:\/\/info.sadowne.pl\/wp-content\/uploads\/2025\/10\/sad1321.jpg 603w, http:\/\/info.sadowne.pl\/wp-content\/uploads\/2025\/10\/sad1321-300x147.jpg 300w\" sizes=\"auto, (max-width: 603px) 100vw, 603px\" \/><\/a><\/strong><\/p>\n<p style=\"text-align: center;\">Krysia Wetoszka, p. Miros\u0142awa Renik i p. Marta Osman<\/p>\n<p>Pierwsze podzi\u0119kowanie za wieloletni\u0105 wsp\u00f3\u0142prac\u0119 od opiekunek\u00a0 Zespo\u0142u Ta\u0144ca Ludowego &#8222;Orkan&#8221; dzia\u0142aj\u0105cego przy liceum w Sadownem.<\/p>\n<p style=\"text-align: center;\"><span style=\"color: #ff0000;\"><em><strong>No i jak to ju<\/strong><strong>\u017c<\/strong><strong> nie pierwszy raz zacz<\/strong><strong>\u0119\u0142<\/strong><strong>a si<\/strong><strong>\u0119<\/strong><strong> jazda !!!<\/strong><\/em><\/span><\/p>\n<p><strong> <a href=\"http:\/\/info.sadowne.pl\/wp-content\/uploads\/2025\/10\/sad1322.jpg\"><img loading=\"lazy\" decoding=\"async\" class=\"aligncenter size-full wp-image-30598\" src=\"http:\/\/info.sadowne.pl\/wp-content\/uploads\/2025\/10\/sad1322.jpg\" alt=\"\" width=\"588\" height=\"360\" srcset=\"http:\/\/info.sadowne.pl\/wp-content\/uploads\/2025\/10\/sad1322.jpg 588w, http:\/\/info.sadowne.pl\/wp-content\/uploads\/2025\/10\/sad1322-300x184.jpg 300w\" sizes=\"auto, (max-width: 588px) 100vw, 588px\" \/><\/a><\/strong><\/p>\n<p><strong> <a href=\"http:\/\/info.sadowne.pl\/wp-content\/uploads\/2025\/10\/sad1323.jpg\"><img loading=\"lazy\" decoding=\"async\" class=\"aligncenter size-full wp-image-30599\" src=\"http:\/\/info.sadowne.pl\/wp-content\/uploads\/2025\/10\/sad1323.jpg\" alt=\"\" width=\"585\" height=\"381\" srcset=\"http:\/\/info.sadowne.pl\/wp-content\/uploads\/2025\/10\/sad1323.jpg 585w, http:\/\/info.sadowne.pl\/wp-content\/uploads\/2025\/10\/sad1323-300x195.jpg 300w\" sizes=\"auto, (max-width: 585px) 100vw, 585px\" \/><\/a><\/strong><\/p>\n<p>Ruszy\u0142y pi\u0119kne zaprz\u0119gi konne, za nimi ci\u0105gniki z dopi\u0119tymi wozami, a na ko\u0144cu ca\u0142y sznur samochod\u00f3w, kt\u00f3re jecha\u0142y grzecznie w korowodzie (nikt nikogo nie wyprzedza\u0142) tempem, zaprz\u0119g\u00f3w konnych.<\/p>\n<p><strong> <a href=\"http:\/\/info.sadowne.pl\/wp-content\/uploads\/2025\/10\/sad1324.jpg\"><img loading=\"lazy\" decoding=\"async\" class=\"aligncenter size-full wp-image-30600\" src=\"http:\/\/info.sadowne.pl\/wp-content\/uploads\/2025\/10\/sad1324.jpg\" alt=\"\" width=\"602\" height=\"269\" srcset=\"http:\/\/info.sadowne.pl\/wp-content\/uploads\/2025\/10\/sad1324.jpg 602w, http:\/\/info.sadowne.pl\/wp-content\/uploads\/2025\/10\/sad1324-300x134.jpg 300w\" sizes=\"auto, (max-width: 602px) 100vw, 602px\" \/><\/a><\/strong><\/p>\n<p style=\"text-align: left;\">Wo\u017anicami konnymi i ci\u0105gnikowymi byli:<\/p>\n<ol>\n<li><span style=\"color: #339966;\">Dariusz Urbankowski<\/span><\/li>\n<li><span style=\"color: #339966;\">Henryk Rolek<\/span><\/li>\n<li><span style=\"color: #339966;\">Andrzej Olkowski<\/span><\/li>\n<li><span style=\"color: #339966;\">Pawe\u0142 Olkowski<\/span><\/li>\n<\/ol>\n<p>Pozosta\u0142y korow\u00f3d to kierowcy w swoich prywatnych samochodach. Nad bezpiecze\u0144stwem przejazdu na trasie czuwa\u0142a jednostka OSP Sadowne.<\/p>\n<p>Po przyjechaniu na miejsce <strong>&#8222;Sadowianki&#8221;,<\/strong> witaj\u0105c go\u015bci, wykona\u0142y piosenk\u0119 ze s\u0142owami u\u0142o\u017conymi specjalnie na t\u0119 okoliczno\u015b\u0107.<\/p>\n<p><a href=\"http:\/\/info.sadowne.pl\/wp-content\/uploads\/2025\/10\/sad1325.jpg\"><img loading=\"lazy\" decoding=\"async\" class=\"aligncenter size-full wp-image-30601\" src=\"http:\/\/info.sadowne.pl\/wp-content\/uploads\/2025\/10\/sad1325.jpg\" alt=\"\" width=\"602\" height=\"324\" srcset=\"http:\/\/info.sadowne.pl\/wp-content\/uploads\/2025\/10\/sad1325.jpg 602w, http:\/\/info.sadowne.pl\/wp-content\/uploads\/2025\/10\/sad1325-300x161.jpg 300w\" sizes=\"auto, (max-width: 602px) 100vw, 602px\" \/><\/a><\/p>\n<p style=\"text-align: center;\">&#8222;Sadowianki&#8221; przed \u015awietlic\u0105 Wiejsk\u0105 w Oci\u0119tem<\/p>\n<p>Po wej\u015bciu do \u015bwietlicy zaproszono nas na \u015brodek, no i zacz\u0119\u0142o si\u0119 przyjmowanie \u017cycze\u0144 od delegacji poszczeg\u00f3lnych K\u00f3\u0142 Gospody\u0144 Wiejskich, prywatnych os\u00f3b i samorz\u0105dowc\u00f3w.<\/p>\n<p><a href=\"http:\/\/info.sadowne.pl\/wp-content\/uploads\/2025\/10\/sad1326.jpg\"><img loading=\"lazy\" decoding=\"async\" class=\"aligncenter size-full wp-image-30602\" src=\"http:\/\/info.sadowne.pl\/wp-content\/uploads\/2025\/10\/sad1326.jpg\" alt=\"\" width=\"603\" height=\"337\" srcset=\"http:\/\/info.sadowne.pl\/wp-content\/uploads\/2025\/10\/sad1326.jpg 603w, http:\/\/info.sadowne.pl\/wp-content\/uploads\/2025\/10\/sad1326-300x168.jpg 300w\" sizes=\"auto, (max-width: 603px) 100vw, 603px\" \/><\/a><\/p>\n<p style=\"text-align: left;\">Przedstawiciele Samorz\u0105du Gminnego i Wojew\u00f3dzkiego w osobach: P. El\u017cbieta Lanc \u2013 Cz\u0142onek Zarz\u0105du Wojew\u00f3dztwa Mazowieckiego, P. Waldemar Cyran \u2013 W\u00f3jt Gminy Sadowne, P. Marcin Gr\u0119da \u2013 Zast\u0119pca W\u00f3jta Gminy Sadowne.<\/p>\n<p><a href=\"http:\/\/info.sadowne.pl\/wp-content\/uploads\/2025\/10\/sad1327.jpg\"><img loading=\"lazy\" decoding=\"async\" class=\"aligncenter size-full wp-image-30603\" src=\"http:\/\/info.sadowne.pl\/wp-content\/uploads\/2025\/10\/sad1327.jpg\" alt=\"\" width=\"605\" height=\"419\" srcset=\"http:\/\/info.sadowne.pl\/wp-content\/uploads\/2025\/10\/sad1327.jpg 605w, http:\/\/info.sadowne.pl\/wp-content\/uploads\/2025\/10\/sad1327-300x208.jpg 300w\" sizes=\"auto, (max-width: 605px) 100vw, 605px\" \/><\/a><\/p>\n<p><a href=\"http:\/\/info.sadowne.pl\/wp-content\/uploads\/2025\/10\/sad1328.jpg\"><img loading=\"lazy\" decoding=\"async\" class=\"aligncenter size-full wp-image-30604\" src=\"http:\/\/info.sadowne.pl\/wp-content\/uploads\/2025\/10\/sad1328.jpg\" alt=\"\" width=\"605\" height=\"252\" srcset=\"http:\/\/info.sadowne.pl\/wp-content\/uploads\/2025\/10\/sad1328.jpg 605w, http:\/\/info.sadowne.pl\/wp-content\/uploads\/2025\/10\/sad1328-300x125.jpg 300w\" sizes=\"auto, (max-width: 605px) 100vw, 605px\" \/><\/a><\/p>\n<p><a href=\"http:\/\/info.sadowne.pl\/wp-content\/uploads\/2025\/10\/sad1329.jpg\"><img loading=\"lazy\" decoding=\"async\" class=\"aligncenter size-full wp-image-30605\" src=\"http:\/\/info.sadowne.pl\/wp-content\/uploads\/2025\/10\/sad1329.jpg\" alt=\"\" width=\"241\" height=\"297\" \/><\/a><\/p>\n<p style=\"text-align: center;\">Ko\u0142o Gospody\u0144 Wiejskich \u2013 <span style=\"color: #ff0000;\">Morzyczyn W\u0142\u00f3ki<\/span>: Joanna Wyszy\u0144ska, Anna Kalata, Agnieszka D\u0119bkowska, Barbara Rukat<\/p>\n<p><a href=\"http:\/\/info.sadowne.pl\/wp-content\/uploads\/2025\/10\/sad1330.jpg\"><img loading=\"lazy\" decoding=\"async\" class=\"aligncenter size-full wp-image-30606\" src=\"http:\/\/info.sadowne.pl\/wp-content\/uploads\/2025\/10\/sad1330.jpg\" alt=\"\" width=\"439\" height=\"418\" srcset=\"http:\/\/info.sadowne.pl\/wp-content\/uploads\/2025\/10\/sad1330.jpg 439w, http:\/\/info.sadowne.pl\/wp-content\/uploads\/2025\/10\/sad1330-300x286.jpg 300w\" sizes=\"auto, (max-width: 439px) 100vw, 439px\" \/><\/a><\/p>\n<p style=\"text-align: center;\">Pi\u0119kny tort od wy\u017cej wymienionego Ko\u0142a wraz z \u017cyczeniami<\/p>\n<p><a href=\"http:\/\/info.sadowne.pl\/wp-content\/uploads\/2025\/10\/sad1331.jpg\"><img loading=\"lazy\" decoding=\"async\" class=\"aligncenter size-full wp-image-30607\" src=\"http:\/\/info.sadowne.pl\/wp-content\/uploads\/2025\/10\/sad1331.jpg\" alt=\"\" width=\"486\" height=\"435\" srcset=\"http:\/\/info.sadowne.pl\/wp-content\/uploads\/2025\/10\/sad1331.jpg 486w, http:\/\/info.sadowne.pl\/wp-content\/uploads\/2025\/10\/sad1331-300x269.jpg 300w\" sizes=\"auto, (max-width: 486px) 100vw, 486px\" \/><\/a><\/p>\n<p style=\"text-align: center;\">Przedstawiciele Sadowie\u0144skiej O\u015bwiaty \u2013 S\u0142awomir Ryszawa i Ma\u0142gorzata Koro\u015b<\/p>\n<p><a href=\"http:\/\/info.sadowne.pl\/wp-content\/uploads\/2025\/10\/sad1332.jpg\"><img loading=\"lazy\" decoding=\"async\" class=\"aligncenter size-full wp-image-30608\" src=\"http:\/\/info.sadowne.pl\/wp-content\/uploads\/2025\/10\/sad1332.jpg\" alt=\"\" width=\"606\" height=\"353\" srcset=\"http:\/\/info.sadowne.pl\/wp-content\/uploads\/2025\/10\/sad1332.jpg 606w, http:\/\/info.sadowne.pl\/wp-content\/uploads\/2025\/10\/sad1332-300x175.jpg 300w\" sizes=\"auto, (max-width: 606px) 100vw, 606px\" \/><\/a><\/p>\n<p><a href=\"http:\/\/info.sadowne.pl\/wp-content\/uploads\/2025\/10\/sad1333.jpg\"><img loading=\"lazy\" decoding=\"async\" class=\"aligncenter size-full wp-image-30609\" src=\"http:\/\/info.sadowne.pl\/wp-content\/uploads\/2025\/10\/sad1333.jpg\" alt=\"\" width=\"608\" height=\"334\" srcset=\"http:\/\/info.sadowne.pl\/wp-content\/uploads\/2025\/10\/sad1333.jpg 608w, http:\/\/info.sadowne.pl\/wp-content\/uploads\/2025\/10\/sad1333-300x165.jpg 300w\" sizes=\"auto, (max-width: 608px) 100vw, 608px\" \/><\/a><\/p>\n<p><a href=\"http:\/\/info.sadowne.pl\/wp-content\/uploads\/2025\/10\/sad1334.jpg\"><img loading=\"lazy\" decoding=\"async\" class=\"aligncenter size-full wp-image-30610\" src=\"http:\/\/info.sadowne.pl\/wp-content\/uploads\/2025\/10\/sad1334.jpg\" alt=\"\" width=\"606\" height=\"371\" srcset=\"http:\/\/info.sadowne.pl\/wp-content\/uploads\/2025\/10\/sad1334.jpg 606w, http:\/\/info.sadowne.pl\/wp-content\/uploads\/2025\/10\/sad1334-300x184.jpg 300w\" sizes=\"auto, (max-width: 606px) 100vw, 606px\" \/><\/a><\/p>\n<p style=\"text-align: center;\">Od prawej: Ma\u0142gorzata Koro\u015b i S\u0142awomir Ryszawa \u2013 przedstawiciele sadowe\u0144skich szk\u00f3\u0142<\/p>\n<p><a href=\"http:\/\/info.sadowne.pl\/wp-content\/uploads\/2025\/10\/sad1335.jpg\"><img loading=\"lazy\" decoding=\"async\" class=\"aligncenter size-full wp-image-30611\" src=\"http:\/\/info.sadowne.pl\/wp-content\/uploads\/2025\/10\/sad1335.jpg\" alt=\"\" width=\"603\" height=\"324\" srcset=\"http:\/\/info.sadowne.pl\/wp-content\/uploads\/2025\/10\/sad1335.jpg 603w, http:\/\/info.sadowne.pl\/wp-content\/uploads\/2025\/10\/sad1335-300x161.jpg 300w\" sizes=\"auto, (max-width: 603px) 100vw, 603px\" \/><\/a><\/p>\n<p style=\"text-align: center;\">P. Marek Renik \u2013 wicestarosta w\u0119growski<\/p>\n<p>Wicestarosta W\u0119growski p. Marek Renik przeczyta\u0142 list gratulacyjny ze Starostwa Powiatowego w W\u0119growie i z\u0142o\u017cy\u0142 Zespo\u0142owi \u017cyczenia w imieniu w\u0142asnym i Starosty W\u0119growskiego p. Ewy Besztak.<\/p>\n<p>Kolejne \u017cyczenia by\u0142y od Senator RP p. Marii Koc, kt\u00f3ra nie mog\u0142a przyby\u0107 na nasz\u0105 jubileuszow\u0105 uroczysto\u015b\u0107.<\/p>\n<p><a href=\"http:\/\/info.sadowne.pl\/wp-content\/uploads\/2025\/10\/sad1336.jpg\"><img loading=\"lazy\" decoding=\"async\" class=\"aligncenter size-full wp-image-30612\" src=\"http:\/\/info.sadowne.pl\/wp-content\/uploads\/2025\/10\/sad1336.jpg\" alt=\"\" width=\"607\" height=\"818\" srcset=\"http:\/\/info.sadowne.pl\/wp-content\/uploads\/2025\/10\/sad1336.jpg 607w, http:\/\/info.sadowne.pl\/wp-content\/uploads\/2025\/10\/sad1336-223x300.jpg 223w\" sizes=\"auto, (max-width: 607px) 100vw, 607px\" \/><\/a><\/p>\n<p><a href=\"http:\/\/info.sadowne.pl\/wp-content\/uploads\/2025\/10\/sad1337.jpg\"><img loading=\"lazy\" decoding=\"async\" class=\"aligncenter size-full wp-image-30613\" src=\"http:\/\/info.sadowne.pl\/wp-content\/uploads\/2025\/10\/sad1337.jpg\" alt=\"\" width=\"513\" height=\"723\" srcset=\"http:\/\/info.sadowne.pl\/wp-content\/uploads\/2025\/10\/sad1337.jpg 513w, http:\/\/info.sadowne.pl\/wp-content\/uploads\/2025\/10\/sad1337-213x300.jpg 213w\" sizes=\"auto, (max-width: 513px) 100vw, 513px\" \/><\/a><\/p>\n<p><a href=\"http:\/\/info.sadowne.pl\/wp-content\/uploads\/2025\/10\/sad1338.jpg\"><img loading=\"lazy\" decoding=\"async\" class=\"aligncenter size-full wp-image-30614\" src=\"http:\/\/info.sadowne.pl\/wp-content\/uploads\/2025\/10\/sad1338.jpg\" alt=\"\" width=\"601\" height=\"287\" srcset=\"http:\/\/info.sadowne.pl\/wp-content\/uploads\/2025\/10\/sad1338.jpg 601w, http:\/\/info.sadowne.pl\/wp-content\/uploads\/2025\/10\/sad1338-300x143.jpg 300w\" sizes=\"auto, (max-width: 601px) 100vw, 601px\" \/><\/a><\/p>\n<p><a href=\"http:\/\/info.sadowne.pl\/wp-content\/uploads\/2025\/10\/sad1339.jpg\"><img loading=\"lazy\" decoding=\"async\" class=\"aligncenter size-full wp-image-30615\" src=\"http:\/\/info.sadowne.pl\/wp-content\/uploads\/2025\/10\/sad1339.jpg\" alt=\"\" width=\"249\" height=\"292\" \/><\/a><\/p>\n<p style=\"text-align: center;\">Bo\u017cena Gierej \u2013 zaprzyja\u017aniona z Zespo\u0142em<\/p>\n<p style=\"text-align: center;\">(by\u0142y pracownik Urz\u0119du Gminy Sadowne)<\/p>\n<p><a href=\"http:\/\/info.sadowne.pl\/wp-content\/uploads\/2025\/10\/sad1340.jpg\"><img loading=\"lazy\" decoding=\"async\" class=\"aligncenter size-full wp-image-30616\" src=\"http:\/\/info.sadowne.pl\/wp-content\/uploads\/2025\/10\/sad1340.jpg\" alt=\"\" width=\"250\" height=\"292\" \/><\/a><\/p>\n<p style=\"text-align: center;\">oraz m\u0105\u017c Wies\u0142aw<\/p>\n<p style=\"text-align: center;\"><span style=\"color: #ff0000;\"><em><strong>,,Z okazji 50-lecia Zespo\u0142u \u015apiewaczego Sadowianki <\/strong><\/em><\/span><\/p>\n<p style=\"text-align: center;\"><span style=\"color: #ff0000;\"><em><strong>\u017cyczymy <\/strong><\/em><\/span><\/p>\n<p style=\"text-align: center;\"><span style=\"color: #ff0000;\"><em><strong>kolejnych sukces\u00f3w, energii, wytrwa\u0142o\u015bci <\/strong><\/em><\/span><\/p>\n<p style=\"text-align: center;\"><span style=\"color: #ff0000;\"><em><strong>w kultywowaniu tradycji\u201d\u00a0 <\/strong><\/em><\/span><\/p>\n<p style=\"text-align: center;\"><span style=\"color: #ff0000;\"><em><strong>Z pozdrowieniami Bo\u017cena i Wies\u0142aw Gierej<\/strong><\/em><\/span><\/p>\n<p><strong> <a href=\"http:\/\/info.sadowne.pl\/wp-content\/uploads\/2025\/10\/sad1341.jpg\"><img loading=\"lazy\" decoding=\"async\" class=\"aligncenter size-full wp-image-30617\" src=\"http:\/\/info.sadowne.pl\/wp-content\/uploads\/2025\/10\/sad1341.jpg\" alt=\"\" width=\"455\" height=\"413\" srcset=\"http:\/\/info.sadowne.pl\/wp-content\/uploads\/2025\/10\/sad1341.jpg 455w, http:\/\/info.sadowne.pl\/wp-content\/uploads\/2025\/10\/sad1341-300x272.jpg 300w\" sizes=\"auto, (max-width: 455px) 100vw, 455px\" \/><\/a><\/strong><\/p>\n<p style=\"text-align: center;\">Przedstawiciele Rady Gminy \u2013<\/p>\n<p style=\"text-align: center;\">Tomasz Szymanik \u2013 przewodnicz\u0105cy Rady Gminy<\/p>\n<p style=\"text-align: center;\">Janusz Kibart \u2013 radny wielu kadencji<\/p>\n<p><a href=\"http:\/\/info.sadowne.pl\/wp-content\/uploads\/2025\/10\/sad1342.jpg\"><img loading=\"lazy\" decoding=\"async\" class=\"aligncenter size-full wp-image-30618\" src=\"http:\/\/info.sadowne.pl\/wp-content\/uploads\/2025\/10\/sad1342.jpg\" alt=\"\" width=\"302\" height=\"471\" srcset=\"http:\/\/info.sadowne.pl\/wp-content\/uploads\/2025\/10\/sad1342.jpg 302w, http:\/\/info.sadowne.pl\/wp-content\/uploads\/2025\/10\/sad1342-192x300.jpg 192w\" sizes=\"auto, (max-width: 302px) 100vw, 302px\" \/><\/a><\/p>\n<p style=\"text-align: center;\">W imieniu cz\u0142onk\u00f3w Ko\u0142a Gospody\u0144 Wiejskich w <span style=\"color: #339966;\">Sojk\u00f3wku<\/span> \u2013 Przewodnicz\u0105ca Renata D\u0119bkowska z m\u0119\u017cem i \u017cyczeniami:<\/p>\n<p style=\"text-align: center;\"><strong><span style=\"color: #ff0000;\">,<\/span><em><span style=\"color: #ff0000;\">,<\/span><\/em><\/strong><em><span style=\"color: #ff0000;\"><strong>U\u015bmiechu i rado\u015bci oraz ch\u0119ci w dalszym rozwijaniu pasji \u015bpiewania i bawienia ludzi\u201d<\/strong><\/span><\/em><\/p>\n<p><strong> <a href=\"http:\/\/info.sadowne.pl\/wp-content\/uploads\/2025\/10\/sad1343.jpg\"><img loading=\"lazy\" decoding=\"async\" class=\"aligncenter size-full wp-image-30619\" src=\"http:\/\/info.sadowne.pl\/wp-content\/uploads\/2025\/10\/sad1343.jpg\" alt=\"\" width=\"248\" height=\"255\" \/><\/a><\/strong><\/p>\n<p style=\"text-align: center;\">Ko\u0142o Gospody\u0144 Wiejskich <span style=\"color: #339966;\">Zalesie<\/span> \u2013 Ewa D\u0105browska,<\/p>\n<p><a href=\"http:\/\/info.sadowne.pl\/wp-content\/uploads\/2025\/10\/sad1344.jpg\"><img loading=\"lazy\" decoding=\"async\" class=\"aligncenter size-full wp-image-30620\" src=\"http:\/\/info.sadowne.pl\/wp-content\/uploads\/2025\/10\/sad1344.jpg\" alt=\"\" width=\"371\" height=\"243\" srcset=\"http:\/\/info.sadowne.pl\/wp-content\/uploads\/2025\/10\/sad1344.jpg 371w, http:\/\/info.sadowne.pl\/wp-content\/uploads\/2025\/10\/sad1344-300x196.jpg 300w\" sizes=\"auto, (max-width: 371px) 100vw, 371px\" \/><\/a><\/p>\n<p style=\"text-align: center;\">Anna Rybczy\u0144ska, Halina Zawadzka<\/p>\n<p><strong> <a href=\"http:\/\/info.sadowne.pl\/wp-content\/uploads\/2025\/10\/sad1345.jpg\"><img loading=\"lazy\" decoding=\"async\" class=\"aligncenter size-full wp-image-30621\" src=\"http:\/\/info.sadowne.pl\/wp-content\/uploads\/2025\/10\/sad1345.jpg\" alt=\"\" width=\"603\" height=\"614\" srcset=\"http:\/\/info.sadowne.pl\/wp-content\/uploads\/2025\/10\/sad1345.jpg 603w, http:\/\/info.sadowne.pl\/wp-content\/uploads\/2025\/10\/sad1345-295x300.jpg 295w\" sizes=\"auto, (max-width: 603px) 100vw, 603px\" \/><\/a><\/strong><\/p>\n<p style=\"text-align: center;\">Ko\u0142o Gospody\u0144 Wiejskich <span style=\"color: #339966;\">Sadowne <\/span>\u2013<\/p>\n<p style=\"text-align: center;\">Panie Irena D\u0119bkowska i Dorota Mianowicz,<\/p>\n<p style=\"text-align: center;\">z r\u00f3\u017c\u0105, kt\u00f3ra na pami\u0105tk\u0119 tych wydarze\u0144 posadzona zosta\u0142a przed \u015awietlic\u0105 Wiejsk\u0105 w Oci\u0119tem.<\/p>\n<p style=\"text-align: center;\">Obie Panie s\u0105 r\u00f3wnie\u017c radnymi Gminy Sadowne.<\/p>\n<p><a href=\"http:\/\/info.sadowne.pl\/wp-content\/uploads\/2025\/10\/sad1346.jpg\"><img loading=\"lazy\" decoding=\"async\" class=\"aligncenter size-full wp-image-30622\" src=\"http:\/\/info.sadowne.pl\/wp-content\/uploads\/2025\/10\/sad1346.jpg\" alt=\"\" width=\"288\" height=\"358\" srcset=\"http:\/\/info.sadowne.pl\/wp-content\/uploads\/2025\/10\/sad1346.jpg 288w, http:\/\/info.sadowne.pl\/wp-content\/uploads\/2025\/10\/sad1346-241x300.jpg 241w\" sizes=\"auto, (max-width: 288px) 100vw, 288px\" \/><\/a><\/p>\n<p><a href=\"http:\/\/info.sadowne.pl\/wp-content\/uploads\/2025\/10\/sad1347.jpg\"><img loading=\"lazy\" decoding=\"async\" class=\"aligncenter size-full wp-image-30623\" src=\"http:\/\/info.sadowne.pl\/wp-content\/uploads\/2025\/10\/sad1347.jpg\" alt=\"\" width=\"588\" height=\"358\" srcset=\"http:\/\/info.sadowne.pl\/wp-content\/uploads\/2025\/10\/sad1347.jpg 588w, http:\/\/info.sadowne.pl\/wp-content\/uploads\/2025\/10\/sad1347-300x183.jpg 300w\" sizes=\"auto, (max-width: 588px) 100vw, 588px\" \/><\/a><\/p>\n<p style=\"text-align: center;\">Zaprzyja\u017aniony z nami Zesp\u00f3\u0142 Ludowy K\u0104DZIO\u0141ECZKA z Osiecka, jego przedstawiciele<\/p>\n<p><strong> <a href=\"http:\/\/info.sadowne.pl\/wp-content\/uploads\/2025\/10\/sad1348.jpg\"><img loading=\"lazy\" decoding=\"async\" class=\"aligncenter size-full wp-image-30624\" src=\"http:\/\/info.sadowne.pl\/wp-content\/uploads\/2025\/10\/sad1348.jpg\" alt=\"\" width=\"607\" height=\"473\" srcset=\"http:\/\/info.sadowne.pl\/wp-content\/uploads\/2025\/10\/sad1348.jpg 607w, http:\/\/info.sadowne.pl\/wp-content\/uploads\/2025\/10\/sad1348-300x234.jpg 300w\" sizes=\"auto, (max-width: 607px) 100vw, 607px\" \/><\/a><\/strong><\/p>\n<p style=\"text-align: center;\">Reprezentacja <span style=\"color: #ff0000;\">Sadowie\u0144skiego Klubu Seniora<\/span> \u2013 ma\u0142\u017ce\u0144stwo Marianna i Tadeusz Kalbarczykowie<\/p>\n<p><strong> <a href=\"http:\/\/info.sadowne.pl\/wp-content\/uploads\/2025\/10\/sad1349.jpg\"><img loading=\"lazy\" decoding=\"async\" class=\"aligncenter size-full wp-image-30625\" src=\"http:\/\/info.sadowne.pl\/wp-content\/uploads\/2025\/10\/sad1349.jpg\" alt=\"\" width=\"511\" height=\"517\" srcset=\"http:\/\/info.sadowne.pl\/wp-content\/uploads\/2025\/10\/sad1349.jpg 511w, http:\/\/info.sadowne.pl\/wp-content\/uploads\/2025\/10\/sad1349-297x300.jpg 297w\" sizes=\"auto, (max-width: 511px) 100vw, 511px\" \/><\/a><\/strong><\/p>\n<p style=\"text-align: center;\">Przedstawicielki Ko\u0142a Gospody\u0144 Wiejskich <span style=\"color: #ffcc99;\">,,Z\u0141OTA R\u00d3\u017bA\u201d<\/span> <span style=\"color: #ff0000;\">w Krupi\u0144kiem<\/span>, dwie Barbary Laska i Zawadzka, wr\u0119czaj\u0105 SADOWIANKOM r\u0119kodzie\u0142o artystyczne wykonane zdoln\u0105 r\u0119k\u0105 mistrza kowala Edwarda Danaja w jego pracowni Ku\u017ani w Krupi\u0144skiem<\/p>\n<p><a href=\"http:\/\/info.sadowne.pl\/wp-content\/uploads\/2025\/10\/sad1350.jpg\"><img loading=\"lazy\" decoding=\"async\" class=\"aligncenter size-full wp-image-30626\" src=\"http:\/\/info.sadowne.pl\/wp-content\/uploads\/2025\/10\/sad1350.jpg\" alt=\"\" width=\"194\" height=\"324\" srcset=\"http:\/\/info.sadowne.pl\/wp-content\/uploads\/2025\/10\/sad1350.jpg 194w, http:\/\/info.sadowne.pl\/wp-content\/uploads\/2025\/10\/sad1350-180x300.jpg 180w\" sizes=\"auto, (max-width: 194px) 100vw, 194px\" \/><\/a><\/p>\n<p style=\"text-align: center;\">Monika K\u0119dzierska \u2013 <span style=\"color: #ff0000;\">So\u0142tys wsi Ko\u0142odzi\u0105\u017c<\/span>, r\u00f3wnie\u017c z \u017cyczeniami.<\/p>\n<p><a href=\"http:\/\/info.sadowne.pl\/wp-content\/uploads\/2025\/10\/sad1351.jpg\"><img loading=\"lazy\" decoding=\"async\" class=\"aligncenter size-full wp-image-30627\" src=\"http:\/\/info.sadowne.pl\/wp-content\/uploads\/2025\/10\/sad1351.jpg\" alt=\"\" width=\"402\" height=\"488\" srcset=\"http:\/\/info.sadowne.pl\/wp-content\/uploads\/2025\/10\/sad1351.jpg 402w, http:\/\/info.sadowne.pl\/wp-content\/uploads\/2025\/10\/sad1351-247x300.jpg 247w\" sizes=\"auto, (max-width: 402px) 100vw, 402px\" \/><\/a><\/p>\n<p style=\"text-align: center;\">Przedstawiciele OSP Grygr\u00f3w:<\/p>\n<p style=\"text-align: center;\">P. Beata Piwko i P. Andrzej Borkowski (Prezes OSP w Grygrowie)<\/p>\n<p><a href=\"http:\/\/info.sadowne.pl\/wp-content\/uploads\/2025\/10\/sad1352.jpg\"><img loading=\"lazy\" decoding=\"async\" class=\"aligncenter size-full wp-image-30628\" src=\"http:\/\/info.sadowne.pl\/wp-content\/uploads\/2025\/10\/sad1352.jpg\" alt=\"\" width=\"603\" height=\"314\" srcset=\"http:\/\/info.sadowne.pl\/wp-content\/uploads\/2025\/10\/sad1352.jpg 603w, http:\/\/info.sadowne.pl\/wp-content\/uploads\/2025\/10\/sad1352-300x156.jpg 300w\" sizes=\"auto, (max-width: 603px) 100vw, 603px\" \/><\/a><\/p>\n<p>Na zako\u0144czenie otrzymali\u015bmy \u017cyczenia od ks. proboszcza Antoniego Kunickiego. Jak zawsze by\u0142o to wsparcie duchowe, s\u0142owne i muzyczne. Ksi\u0105dz szczerze popiera kultur\u0119, tradycje ludowe przekazywane przez pokolenia, teksty starych piosenek, kocha wsp\u00f3lne przebywanie z lud\u017ami, rozmowy i \u015bpiew.<\/p>\n<p><a href=\"http:\/\/info.sadowne.pl\/wp-content\/uploads\/2025\/10\/sad1353.jpg\"><img loading=\"lazy\" decoding=\"async\" class=\"aligncenter size-full wp-image-30629\" src=\"http:\/\/info.sadowne.pl\/wp-content\/uploads\/2025\/10\/sad1353.jpg\" alt=\"\" width=\"608\" height=\"392\" srcset=\"http:\/\/info.sadowne.pl\/wp-content\/uploads\/2025\/10\/sad1353.jpg 608w, http:\/\/info.sadowne.pl\/wp-content\/uploads\/2025\/10\/sad1353-300x193.jpg 300w\" sizes=\"auto, (max-width: 608px) 100vw, 608px\" \/><\/a><\/p>\n<p style=\"text-align: center;\"><strong>\u00a0<\/strong>SADOWIANKI<\/p>\n<p>Po \u017cyczeniach przyszed\u0142 czas na kr\u00f3tki wyst\u0119p naszego zespo\u0142u. W\u015br\u00f3d za\u015bpiewanych piosenek nie mog\u0142o zabrakn\u0105\u0107 ,,Zagrajcie mi skrzypce\u201d oraz naszego hymnu: ,,Sadowie\u0144ska Ballada\u201d.<\/p>\n<p><a href=\"http:\/\/info.sadowne.pl\/wp-content\/uploads\/2025\/10\/sad1354.jpg\"><img loading=\"lazy\" decoding=\"async\" class=\"aligncenter size-full wp-image-30630\" src=\"http:\/\/info.sadowne.pl\/wp-content\/uploads\/2025\/10\/sad1354.jpg\" alt=\"\" width=\"608\" height=\"620\" srcset=\"http:\/\/info.sadowne.pl\/wp-content\/uploads\/2025\/10\/sad1354.jpg 608w, http:\/\/info.sadowne.pl\/wp-content\/uploads\/2025\/10\/sad1354-294x300.jpg 294w\" sizes=\"auto, (max-width: 608px) 100vw, 608px\" \/><\/a><\/p>\n<p><strong> <a href=\"http:\/\/info.sadowne.pl\/wp-content\/uploads\/2025\/10\/sad1355.jpg\"><img loading=\"lazy\" decoding=\"async\" class=\"aligncenter size-full wp-image-30631\" src=\"http:\/\/info.sadowne.pl\/wp-content\/uploads\/2025\/10\/sad1355.jpg\" alt=\"\" width=\"602\" height=\"297\" srcset=\"http:\/\/info.sadowne.pl\/wp-content\/uploads\/2025\/10\/sad1355.jpg 602w, http:\/\/info.sadowne.pl\/wp-content\/uploads\/2025\/10\/sad1355-300x148.jpg 300w\" sizes=\"auto, (max-width: 602px) 100vw, 602px\" \/><\/a><\/strong><\/p>\n<p style=\"text-align: center;\">\u00a0A tu w\u0142a\u015bnie ,,Sadowie\u0144ska Ballada\u201d, kt\u00f3r\u0105 lubi nasz W\u00f3jt i przy ka\u017cdej sposobno\u015bci z nami \u015bpiewa<\/p>\n<p><strong> <a href=\"http:\/\/info.sadowne.pl\/wp-content\/uploads\/2025\/10\/sad1356.jpg\"><img loading=\"lazy\" decoding=\"async\" class=\"aligncenter size-full wp-image-30632\" src=\"http:\/\/info.sadowne.pl\/wp-content\/uploads\/2025\/10\/sad1356.jpg\" alt=\"\" width=\"603\" height=\"312\" srcset=\"http:\/\/info.sadowne.pl\/wp-content\/uploads\/2025\/10\/sad1356.jpg 603w, http:\/\/info.sadowne.pl\/wp-content\/uploads\/2025\/10\/sad1356-300x155.jpg 300w\" sizes=\"auto, (max-width: 603px) 100vw, 603px\" \/><\/a><\/strong><\/p>\n<p><strong> <a href=\"http:\/\/info.sadowne.pl\/wp-content\/uploads\/2025\/10\/sad1357.jpg\"><img loading=\"lazy\" decoding=\"async\" class=\"aligncenter size-full wp-image-30633\" src=\"http:\/\/info.sadowne.pl\/wp-content\/uploads\/2025\/10\/sad1357.jpg\" alt=\"\" width=\"325\" height=\"322\" srcset=\"http:\/\/info.sadowne.pl\/wp-content\/uploads\/2025\/10\/sad1357.jpg 325w, http:\/\/info.sadowne.pl\/wp-content\/uploads\/2025\/10\/sad1357-300x297.jpg 300w\" sizes=\"auto, (max-width: 325px) 100vw, 325px\" \/><\/a><\/strong><\/p>\n<p style=\"text-align: center;\">Jeszcze Ania Chojecka i Basia Wr\u00f3bel<\/p>\n<p><strong> <a href=\"http:\/\/info.sadowne.pl\/wp-content\/uploads\/2025\/10\/sad1358.jpg\"><img loading=\"lazy\" decoding=\"async\" class=\"aligncenter size-full wp-image-30634\" src=\"http:\/\/info.sadowne.pl\/wp-content\/uploads\/2025\/10\/sad1358.jpg\" alt=\"\" width=\"602\" height=\"298\" srcset=\"http:\/\/info.sadowne.pl\/wp-content\/uploads\/2025\/10\/sad1358.jpg 602w, http:\/\/info.sadowne.pl\/wp-content\/uploads\/2025\/10\/sad1358-300x149.jpg 300w\" sizes=\"auto, (max-width: 602px) 100vw, 602px\" \/><\/a><\/strong><\/p>\n<p style=\"text-align: center;\">Na odej\u015bcie ksi\u0105dz proboszcz znowu rozbawi\u0142 wszystkich swoimi dowcipami i \u015bpiewem:<\/p>\n<p style=\"text-align: center;\"><strong>,<\/strong>,Ka\u017cdy naszym przyjacielem jest<\/p>\n<p style=\"text-align: center;\">\u2013 Glory, Glory Alleluja\u201d<\/p>\n<p><strong> <a href=\"http:\/\/info.sadowne.pl\/wp-content\/uploads\/2025\/10\/sad1359.jpg\"><img loading=\"lazy\" decoding=\"async\" class=\"aligncenter size-full wp-image-30635\" src=\"http:\/\/info.sadowne.pl\/wp-content\/uploads\/2025\/10\/sad1359.jpg\" alt=\"\" width=\"604\" height=\"329\" srcset=\"http:\/\/info.sadowne.pl\/wp-content\/uploads\/2025\/10\/sad1359.jpg 604w, http:\/\/info.sadowne.pl\/wp-content\/uploads\/2025\/10\/sad1359-300x163.jpg 300w\" sizes=\"auto, (max-width: 604px) 100vw, 604px\" \/><\/a><\/strong><\/p>\n<p style=\"text-align: center;\"><strong>\u00a0&#8222;<\/strong>Sadowianki&#8221; wspieraj\u0105 \u015bpiewem proboszcza <span style=\"text-align: center;\">Antoniego Kunickiego<\/span><\/p>\n<p><strong> <a href=\"http:\/\/info.sadowne.pl\/wp-content\/uploads\/2025\/10\/sad1360.jpg\"><img loading=\"lazy\" decoding=\"async\" class=\"aligncenter size-full wp-image-30636\" src=\"http:\/\/info.sadowne.pl\/wp-content\/uploads\/2025\/10\/sad1360.jpg\" alt=\"\" width=\"341\" height=\"272\" srcset=\"http:\/\/info.sadowne.pl\/wp-content\/uploads\/2025\/10\/sad1360.jpg 341w, http:\/\/info.sadowne.pl\/wp-content\/uploads\/2025\/10\/sad1360-300x239.jpg 300w\" sizes=\"auto, (max-width: 341px) 100vw, 341px\" \/><\/a><\/strong><\/p>\n<p style=\"text-align: center;\">Zapomnia\u0142abym!!!<\/p>\n<p style=\"text-align: center;\">Na cze\u015b\u0107 Zespo\u0142u \u015apiewaczego Sadowianki, zosta\u0142y wystrzelone trzy g\u0142o\u015bne salwy z tej oto armatki, wykonanej u p\u0142k BKR Alfreda Robaka<\/p>\n<p style=\"text-align: left;\">Wreszcie jak przysta\u0142o na krzewienie tradycji ludowych i kulinarnych nie mog\u0142o zabrakn\u0105\u0107 tortu czteropi\u0119trowego wykonanego w pracowni regionalnej P. Ryszarda Zawadzkiego.<\/p>\n<p><a href=\"http:\/\/info.sadowne.pl\/wp-content\/uploads\/2025\/10\/sad1361.jpg\"><img loading=\"lazy\" decoding=\"async\" class=\"aligncenter size-full wp-image-30637\" src=\"http:\/\/info.sadowne.pl\/wp-content\/uploads\/2025\/10\/sad1361.jpg\" alt=\"\" width=\"273\" height=\"426\" srcset=\"http:\/\/info.sadowne.pl\/wp-content\/uploads\/2025\/10\/sad1361.jpg 273w, http:\/\/info.sadowne.pl\/wp-content\/uploads\/2025\/10\/sad1361-192x300.jpg 192w\" sizes=\"auto, (max-width: 273px) 100vw, 273px\" \/><\/a><\/p>\n<p><strong> <a href=\"http:\/\/info.sadowne.pl\/wp-content\/uploads\/2025\/10\/sad1362.jpg\"><img loading=\"lazy\" decoding=\"async\" class=\"aligncenter size-full wp-image-30638\" src=\"http:\/\/info.sadowne.pl\/wp-content\/uploads\/2025\/10\/sad1362.jpg\" alt=\"\" width=\"324\" height=\"428\" srcset=\"http:\/\/info.sadowne.pl\/wp-content\/uploads\/2025\/10\/sad1362.jpg 324w, http:\/\/info.sadowne.pl\/wp-content\/uploads\/2025\/10\/sad1362-227x300.jpg 227w\" sizes=\"auto, (max-width: 324px) 100vw, 324px\" \/><\/a><\/strong><\/p>\n<p style=\"text-align: center;\">Piotrek Olkowski \u2013 sprawca tego ca\u0142ego zamieszania!!!<\/p>\n<p style=\"text-align: center;\"><strong>A teraz zatrzymam si\u0119 na pewnej wspania\u0142ej postaci, jak\u0105 jest <\/strong><\/p>\n<p style=\"text-align: center;\"><em><span style=\"color: #ff0000;\"><strong>P. Ewa Pi\u00f3rkowska.<\/strong><\/span><\/em><\/p>\n<p style=\"text-align: center;\"><strong>Pani Ewa jest dyrektorem Gminnego O\u015brodka Kultury w Sadownem.<\/strong><\/p>\n<p><a href=\"http:\/\/info.sadowne.pl\/wp-content\/uploads\/2025\/10\/sad1363.jpg\"><img loading=\"lazy\" decoding=\"async\" class=\"aligncenter size-full wp-image-30639\" src=\"http:\/\/info.sadowne.pl\/wp-content\/uploads\/2025\/10\/sad1363.jpg\" alt=\"\" width=\"374\" height=\"427\" srcset=\"http:\/\/info.sadowne.pl\/wp-content\/uploads\/2025\/10\/sad1363.jpg 374w, http:\/\/info.sadowne.pl\/wp-content\/uploads\/2025\/10\/sad1363-263x300.jpg 263w\" sizes=\"auto, (max-width: 374px) 100vw, 374px\" \/><\/a><\/p>\n<p>Mog\u0142abym du\u017co pisa\u0107 o Pani Ewie, ale w tym momencie nie potrzebny jest nam Jej \u017cyciorys i my\u015bl\u0119, \u017ce te kilka s\u0142\u00f3w powiedz\u0105 wszystko, co najwa\u017cniejsze.<\/p>\n<p style=\"text-align: center;\"><span style=\"color: #0000ff;\"><em><strong>,,Pracowita, s\u0142u\u017c\u0105ca rad\u0105 i pomoc\u0105, uczynna, skromna, dzia\u0142aj\u0105ca cz\u0119sto gdzie\u015b w cieniu najwa\u017cniejszych postaci, dlatego nie zawsze widoczna\u201d<\/strong><\/em><\/span><\/p>\n<p style=\"text-align: center;\">A dodam jeszcze s\u0142owa naszej kierowniczki zespo\u0142u Krysi Wetoszka, cytuj\u0119:<\/p>\n<p style=\"text-align: center;\">,<em><span style=\"color: #ff0000;\"><strong>,Gdzie diabe\u0142 nie mo\u017ce, tam Ew\u0119 po\u015blij\u201d<\/strong><\/span><\/em><\/p>\n<p style=\"text-align: center;\"><strong><span style=\"color: #99cc00;\">Zesp\u00f3\u0142 \u015apiewaczy Sadowianki<\/span> <\/strong><\/p>\n<p style=\"text-align: center;\"><span style=\"color: #0000ff;\"><strong>serdecznie dzi\u0119kuje za dotychczasow\u0105 wsp\u00f3\u0142prac\u0119 i za to, \u017ce jest Pani z nami.<\/strong><\/span><\/p>\n<p><strong> <a href=\"http:\/\/info.sadowne.pl\/wp-content\/uploads\/2025\/10\/sad1364.jpg\"><img loading=\"lazy\" decoding=\"async\" class=\"aligncenter size-full wp-image-30640\" src=\"http:\/\/info.sadowne.pl\/wp-content\/uploads\/2025\/10\/sad1364.jpg\" alt=\"\" width=\"431\" height=\"184\" srcset=\"http:\/\/info.sadowne.pl\/wp-content\/uploads\/2025\/10\/sad1364.jpg 431w, http:\/\/info.sadowne.pl\/wp-content\/uploads\/2025\/10\/sad1364-300x128.jpg 300w\" sizes=\"auto, (max-width: 431px) 100vw, 431px\" \/><\/a><\/strong><\/p>\n<p><strong>\u0179r\u00f3d\u0142o: <\/strong>SADOWIANKI, Barbara Wr\u00f3bel, Sadowne 2025<\/p>\n","protected":false},"excerpt":{"rendered":"<p>SADOWNE &#8211; 20 lipca 2023 roku &#8211; JUBILEUSZ ZESPO\u0141U \u015aPIEWACZEGO SADOWIANKI.<\/p>\n","protected":false},"author":1,"featured_media":0,"comment_status":"closed","ping_status":"closed","sticky":false,"template":"","format":"standard","meta":{"footnotes":""},"categories":[5,31,1202],"tags":[3952,1218,101,1217,960],"class_list":["post-30580","post","type-post","status-publish","format-standard","hentry","category-newsy","category-historia-gminy","category-zespol-spiewaczy-sadowianki","tag-50-lecie-zespolu-spiewaczego-sadowianki","tag-barbara-wrobel","tag-historia-gminy-sadowne","tag-sadowianki","tag-zespol-spiewaczy-sadowianki"],"views":711,"_links":{"self":[{"href":"http:\/\/info.sadowne.pl\/index.php?rest_route=\/wp\/v2\/posts\/30580","targetHints":{"allow":["GET"]}}],"collection":[{"href":"http:\/\/info.sadowne.pl\/index.php?rest_route=\/wp\/v2\/posts"}],"about":[{"href":"http:\/\/info.sadowne.pl\/index.php?rest_route=\/wp\/v2\/types\/post"}],"author":[{"embeddable":true,"href":"http:\/\/info.sadowne.pl\/index.php?rest_route=\/wp\/v2\/users\/1"}],"replies":[{"embeddable":true,"href":"http:\/\/info.sadowne.pl\/index.php?rest_route=%2Fwp%2Fv2%2Fcomments&post=30580"}],"version-history":[{"count":2,"href":"http:\/\/info.sadowne.pl\/index.php?rest_route=\/wp\/v2\/posts\/30580\/revisions"}],"predecessor-version":[{"id":30642,"href":"http:\/\/info.sadowne.pl\/index.php?rest_route=\/wp\/v2\/posts\/30580\/revisions\/30642"}],"wp:attachment":[{"href":"http:\/\/info.sadowne.pl\/index.php?rest_route=%2Fwp%2Fv2%2Fmedia&parent=30580"}],"wp:term":[{"taxonomy":"category","embeddable":true,"href":"http:\/\/info.sadowne.pl\/index.php?rest_route=%2Fwp%2Fv2%2Fcategories&post=30580"},{"taxonomy":"post_tag","embeddable":true,"href":"http:\/\/info.sadowne.pl\/index.php?rest_route=%2Fwp%2Fv2%2Ftags&post=30580"}],"curies":[{"name":"wp","href":"https:\/\/api.w.org\/{rel}","templated":true}]}}