{"id":30650,"date":"2025-10-08T11:05:14","date_gmt":"2025-10-08T09:05:14","guid":{"rendered":"http:\/\/info.sadowne.pl\/?p=30650"},"modified":"2025-10-08T11:05:14","modified_gmt":"2025-10-08T09:05:14","slug":"podroz-w-nieznane","status":"publish","type":"post","link":"http:\/\/info.sadowne.pl\/?p=30650","title":{"rendered":"\u201ePodr\u00f3\u017c w nieznane\u201d"},"content":{"rendered":"<p><a href=\"http:\/\/info.sadowne.pl\/wp-content\/uploads\/2025\/10\/2025.10.08.1.jpg\" target=\"_blank\" rel=\"noopener\"><img loading=\"lazy\" decoding=\"async\" class=\"alignleft wp-image-30651 size-thumbnail\" src=\"http:\/\/info.sadowne.pl\/wp-content\/uploads\/2025\/10\/2025.10.08.1-180x130.jpg\" alt=\"\" width=\"180\" height=\"130\" \/><\/a><\/p>\n<p><strong>7 pa\u017adziernika 2025 roku w Sadownem odby\u0142 si\u0119 wernisa\u017c wystawy malarstwa i ceramiki p. Anny Kwapiszewskiej.<\/strong><!--more--><\/p>\n<p>P\u00f3\u017anym, wtorkowym popo\u0142udniem w sali muzealnej Gminnego O\u015brodka Kultury w Sadownem zgromadzi\u0142o si\u0119 wielu mi\u0142o\u015bnik\u00f3w tw\u00f3rczo\u015bci artystycznej p. Anny Kwapiszewskiej, kt\u00f3ra zamieszkuje nieopodal Sadownego. Go\u015bci powita\u0142a i kilka s\u0142\u00f3w o artystce przekaza\u0142a p. Magda Zawadzka z Gminnego O\u015brodka Kultury w Sadownem: <em>P. Ania uko\u0144czy\u0142a Akademi\u0119 Wychowania Fizycznego, ale opr\u00f3cz zainteresowa\u0144 sportowych zgodnych ze swoim zawodem, od wielu lat pasjonuje si\u0119 ceramik\u0105 i malarstwem. W celu pog\u0142\u0119bienia swojej wiedzy zwi\u0105zanej z technik\u0105 i materia\u0142ami stosowanymi w ceramice, bra\u0142a udzia\u0142 w szeregu warsztatach m.in. Monotypia, Sgraffito czy wypa\u0142y japo\u0144sk\u0105 technik\u0105 Raku \u2013 od pewnego czasu w tej dziedzinie tw\u00f3rczo\u015bci wsp\u00f3\u0142pracuje te\u017c z Gminnym O\u015brodkiem Kultury w Sadownem. Techniki malarskie doskonali\u0142a na zaj\u0119ciach u prof. Anny Sobol w Domu Kultury \u201eKADR\u201d w Warszawie. Od 2018 roku nale\u017cy do Warszawskiego Stowarzyszenia Plastyk\u00f3w. Swoje prace prezentowa\u0142a na wielu wystawach zbiorowych organizowanych przez Warszawskie Stowarzyszenie Plastyk\u00f3w oraz Okr\u0119g Warszawski Zwi\u0105zku Polskich Artyst\u00f3w Plastyk\u00f3w. W 2019 roku mia\u0142a indywidualn\u0105 wystaw\u0119 swoich prac w Domu Kultury \u201eKADR\u201d w Warszawie. W 2024 roku bra\u0142a udzia\u0142 i zaj\u0119\u0142a pierwsze miejsce w XVIII Og\u00f3lnopolskim Konkursie Malarskim, organizowanym przez Centrum Kultury Raszyn, za prac\u0119 pt. \u201eW blasku sceny\u201d. W 2025 roku, w kolejnym ju\u017c XIX Konkursie tego organizatora, zwyci\u0119\u017cy\u0142a jej praca \u2013 obraz pt. \u201eWdzi\u0119k, styl, czar i szyk\u201d.<\/em><\/p>\n<p>Obydwie nagrodzone prace oraz wiele innych mo\u017cna by\u0142o obejrze\u0107 podczas sadowie\u0144skiego wernisa\u017cu wystawy pt. \u201ePodr\u00f3\u017c w nieznane\u201d. Wszystkie prace, jak oceniali uczestnicy tego spotkania, s\u0105 \u015bwietne i prezentuj\u0105 wysoki kunszt oraz umiej\u0119tno\u015bci artystyczne p. Anny Kwapiszewskiej. Ona sama w kilku s\u0142owach podsumowa\u0142a swoj\u0105 tw\u00f3rczo\u015b\u0107: <em>Moje prace to nie tylko kolor na p\u0142\u00f3tnie, drewnie czy zapisany w kszta\u0142tach ceramiki \u2013 to opowie\u015bci, kt\u00f3re \u0142\u0105cz\u0105 \u015bwiat wyobra\u017ani z rzeczywisto\u015bci\u0105. Inspiruj\u0119 si\u0119 natur\u0105, ludzkimi emocjami i chwilami, kt\u00f3re warte s\u0105 zatrzymania. Zapraszam do odkrywania mojej tw\u00f3rczo\u015bci i znalezienia w niej czego\u015b, co poruszy dusz\u0119.<\/em><\/p>\n<p><strong>Serdecznie polecamy kontakt z tw\u00f3rczo\u015bci\u0105 p. Anny Kwapiszewskiej i przypominamy, \u017ce prace artystki mo\u017cna obejrze\u0107 do 27 pa\u017adziernika br. w sali muzealnej Gminnego O\u015brodka Kultury w Sadownem (w godzinach pracy GOK).<\/strong><\/p>\n<p><span style=\"color: #0000ff;\"><a style=\"color: #0000ff;\" href=\"https:\/\/photos.app.goo.gl\/Wb5ncWMprMDf2ctQ7\" target=\"_blank\" rel=\"noopener\"><strong>Zdj\u0119cia w galerii Google&gt;&gt;&gt;<\/strong><\/a><\/span><\/p>\n<p><strong>Tekst\/foto:<\/strong> S\u0142awek Chyli\u0144ski<\/p>\n<p><strong>\u0179r\u00f3d\u0142o:<\/strong> Internet<\/p>\n","protected":false},"excerpt":{"rendered":"<p>7 pa\u017adziernika 2025 roku w Sadownem odby\u0142 si\u0119 wernisa\u017c wystawy malarstwa i ceramiki p. Anny Kwapiszewskiej.<\/p>\n","protected":false},"author":1,"featured_media":0,"comment_status":"closed","ping_status":"closed","sticky":false,"template":"","format":"standard","meta":{"footnotes":""},"categories":[5,91,6],"tags":[4306,169,4309,4308],"class_list":["post-30650","post","type-post","status-publish","format-standard","hentry","category-newsy","category-gminny-osrodek-kultury","category-kultura-rozrywka-edukacja","tag-anna-kwapiszewska","tag-gminny-osrodek-kultury-w-sadownem","tag-magda-zawadzka","tag-wernisaz-wystawy-malarstwa-i-ceramiki"],"views":688,"_links":{"self":[{"href":"http:\/\/info.sadowne.pl\/index.php?rest_route=\/wp\/v2\/posts\/30650","targetHints":{"allow":["GET"]}}],"collection":[{"href":"http:\/\/info.sadowne.pl\/index.php?rest_route=\/wp\/v2\/posts"}],"about":[{"href":"http:\/\/info.sadowne.pl\/index.php?rest_route=\/wp\/v2\/types\/post"}],"author":[{"embeddable":true,"href":"http:\/\/info.sadowne.pl\/index.php?rest_route=\/wp\/v2\/users\/1"}],"replies":[{"embeddable":true,"href":"http:\/\/info.sadowne.pl\/index.php?rest_route=%2Fwp%2Fv2%2Fcomments&post=30650"}],"version-history":[{"count":1,"href":"http:\/\/info.sadowne.pl\/index.php?rest_route=\/wp\/v2\/posts\/30650\/revisions"}],"predecessor-version":[{"id":30652,"href":"http:\/\/info.sadowne.pl\/index.php?rest_route=\/wp\/v2\/posts\/30650\/revisions\/30652"}],"wp:attachment":[{"href":"http:\/\/info.sadowne.pl\/index.php?rest_route=%2Fwp%2Fv2%2Fmedia&parent=30650"}],"wp:term":[{"taxonomy":"category","embeddable":true,"href":"http:\/\/info.sadowne.pl\/index.php?rest_route=%2Fwp%2Fv2%2Fcategories&post=30650"},{"taxonomy":"post_tag","embeddable":true,"href":"http:\/\/info.sadowne.pl\/index.php?rest_route=%2Fwp%2Fv2%2Ftags&post=30650"}],"curies":[{"name":"wp","href":"https:\/\/api.w.org\/{rel}","templated":true}]}}