{"id":30696,"date":"2025-10-14T19:23:26","date_gmt":"2025-10-14T17:23:26","guid":{"rendered":"http:\/\/info.sadowne.pl\/?p=30696"},"modified":"2025-10-14T19:33:56","modified_gmt":"2025-10-14T17:33:56","slug":"koncert-c-d-i-nie-tylko","status":"publish","type":"post","link":"http:\/\/info.sadowne.pl\/?p=30696","title":{"rendered":"Koncert &#8222;Pami\u0119\u0107 i Chwa\u0142a&#8221; i nie tylko"},"content":{"rendered":"<p><strong><a href=\"http:\/\/info.sadowne.pl\/wp-content\/uploads\/2025\/10\/2025.10.14.1.jpg\" target=\"_blank\" rel=\"noopener\"><img loading=\"lazy\" decoding=\"async\" class=\"alignleft wp-image-30697 size-thumbnail\" src=\"http:\/\/info.sadowne.pl\/wp-content\/uploads\/2025\/10\/2025.10.14.1-180x130.jpg\" alt=\"\" width=\"180\" height=\"130\" \/><\/a>Bazylika Archikatedralna M\u0119cze\u0144stwa \u015bw. Jana Chrzciciela w Warszawie to jeden z g\u0142\u00f3wnych sto\u0142ecznych ko\u015bcio\u0142\u00f3w. <\/strong><!--more--><\/p>\n<p>Tym chwalebniej, \u017ce 9 pa\u017adziernika br., p\u00f3\u017anym wieczorem, stanowi\u0142a niesamowit\u0105 opraw\u0119 dla wspania\u0142ego koncertu \u201ePami\u0119\u0107 i Chwa\u0142a\u201d po\u015bwi\u0119conemu pami\u0119ci Bart\u0142omieja Nowodworskiego \u2013 Rycerza, kt\u00f3ry zainwestowa\u0142 w przysz\u0142o\u015b\u0107, a kt\u00f3rego prochy prawdopodobnie kryj\u0105 si\u0119 w Jej podziemiach.<\/p>\n<p><strong>Brzmi intryguj\u0105co, wi\u0119c poczytajcie dalej.<\/strong><\/p>\n<p><strong>Bart\u0142omiej Nowodworski<\/strong> (ok. 1552 \u2013 1625) zosta\u0142 wielkim kawalerem zakonu malta\u0144skiego po tym, jak musia\u0142 opu\u015bci\u0107 Rzeczpospolit\u0105 po wygranym pojedynku, w kt\u00f3rym przeciwnik poni\u00f3s\u0142 \u015bmier\u0107. Sta\u0142 si\u0119 bohaterem obrony wiary chrze\u015bcija\u0144skiej walcz\u0105c m.in. w Tunezji, pod Lepanto, a nast\u0119pnie pod Smole\u0144skiem (1611 r.), gdzie jego wielkie umiej\u0119tno\u015bci saperskie sprawi\u0142y wysadzenie mur\u00f3w obronnych, co pozwoli\u0142o na zdobycie miasta przez wojska polskie, a tak\u017ce w wyprawie na Moskw\u0119 (1617 \u2013 1618) u boku Jana Karola Chodkiewicza.<\/p>\n<p>D\u0105\u017c\u0105c do krzewienia rycerskich i chrze\u015bcija\u0144skich idea\u0142\u00f3w, z w\u0142asnych funduszy zainicjowa\u0142 powstanie licznych fundacji edukacyjnych, z kt\u00f3rych najs\u0142ynniejsza to Szko\u0142a Nowodworskiego przy Akademii Krakowskiej, do dzi\u015b istniej\u0105ca jako I LO w Krakowie nosz\u0105ce jego imi\u0119. Finansowo wspiera\u0142 student\u00f3w, profesor\u00f3w i \u0142o\u017cy\u0142 na publikacje naukowe. Jak wiele tu odniesie\u0144 do wsp\u00f3\u0142czesnej Fundacji Nowego Tysi\u0105clecia.<\/p>\n<p>Inna wsp\u00f3\u0142czesna fundacja: \u201dArs Activa\u201d w\u0142a\u015bnie cyklem koncert\u00f3w w Warszawie, Krakowie oraz Tucholi, kt\u00f3re odby\u0142y si\u0119 w weekend, wznio\u015ble uczci\u0142a jego pami\u0119\u0107. Wy\u017cej napisa\u0142em co \u0142\u0105czy B. Nowodworskiego z warszawska Katedr\u0105 i krakowskim I LO, a Tuchola to jedno z miast, gdzie trzech m\u0142odzie\u0144c\u00f3w ze szlachty i jeden z mieszczan, dzi\u0119ki stypendiom Rycerza, mogli zdoby\u0107 w Akademii Krakowskiej gruntowne wykszta\u0142cenie.<\/p>\n<p><strong>A czemu to tak istotne dla nas \u2013 Sadowiak\u00f3w, \u017ce kre\u015bl\u0119 te kilka s\u0142\u00f3w?<\/strong> Z zaproszenia na warszawski koncert wiecie, \u017ce nie tylko wyst\u0119powa\u0142 tam akompaniuj\u0105c na organach Krzysztof Niegowski, ale te\u017c zaprezentowano dwa utwory, kt\u00f3re skomponowa\u0142: pi\u0119ciocz\u0119\u015bciowe Misterium \u015bw. Jana oraz Hymn Rycerza \u015bw. Jana. I z ca\u0142ego koncertu te dwa utwory mnie laika muzycznego najbardziej poruszy\u0142y. Spodziewa\u0142em si\u0119 czego\u015b pe\u0142nego patosu, smutku, mo\u017ce i braku cierpliwo\u015bci dla muzyki, kt\u00f3ra \u201ena d\u0142u\u017csz\u0105 met\u0119\u201d mo\u017ce znu\u017cy\u0107. A utwory Krzysia by\u0142y melodyczne, \u017cywe, momentami wartkie i skoczne. Brak mi odpowiednich s\u0142\u00f3w, by opisa\u0107, \u017ce to one sprawi\u0142y, i\u017c p\u00f3\u0142torej godziny min\u0119\u0142o jak chwila i pozostawi\u0142o g\u0142\u0119bokie wra\u017cenia. A pocz\u0105tek koncertu to wsp\u00f3lne, wykonawc\u00f3w i publiczno\u015bci, od\u015bpiewanie Bogurodzicy, potem prezentacja utworu \u017cyj\u0105cego wsp\u00f3\u0142cze\u015bnie z Nowodworskim kompozytora Adama Jarz\u0119bskiego \u201eCanzona IV\u201d, nast\u0119pnie Misterium, po nim dwa utwory wsp\u00f3\u0142czesnego wybitnego polskiego kompozytora Norberta Paleja: \u201eTe Deum na 1000-lecie Kr\u00f3lestwa Polskiego\u201d i\u00a0 \u201eMissa super terminos\u201d, a na koniec Hymn Rycerza \u015bw. Jana, r\u00f3wnie\u017c od\u015bpiewany wsp\u00f3lnie z publiczno\u015bci\u0105.<\/p>\n<p><strong>Oczywi\u015bcie musz\u0119 te\u017c wspomnie\u0107 o wyst\u0119pie w Warszawie a\u017c trzech ch\u00f3r\u00f3w:<\/strong> krakowskich z I LO im. B. Nowodworskiego i Absolwent\u00f3w tego\u017c LO, kt\u00f3rym dyrygowa\u0142 R. \u0179r\u00f3bek oraz warszawskiego VRC pod dyrekcj\u0105 J. Malugi. Niesamowitego g\u0142osu u\u017cyczy\u0142 mieszkaj\u0105cy, jak K. Niegowski, w Kaliszu tenor Adam Michalak, a wirtuozj\u0119 gry na skrzypcach solo zaprezentowa\u0142 mieszkaj\u0105cy w Montrealu Mariusz Monczak, kt\u00f3rego \u017cona Ewa ca\u0142o\u015b\u0107 koncertu prowadzi\u0142a.<\/p>\n<p>Wznios\u0142e, surowe mury gotyckiej katedry i niesamowite wsp\u00f3\u0142brzmienie organ\u00f3w, kontrabasu, wiolonczeli, alt\u00f3wki, skrzypiec ze \u015bpiewem ch\u00f3ralnym i solo tenorem na d\u0142ugo pozostan\u0105 w pami\u0119ci. A poznanie postaci rycerza Bart\u0142omieja Nowodworskiego, o kt\u00f3rym dotychczas nie mia\u0142em poj\u0119cia, stanowi warto\u015b\u0107 sam\u0105 w sobie.<\/p>\n<p><strong>Nie wiem, czy gdzie\u015b w \u201enecie\u201d warszawski i krakowski koncert b\u0119dzie mo\u017cna obejrze\u0107 i wys\u0142ucha\u0107<\/strong>, ale w\u0142a\u015bnie na YOUTUBE ukaza\u0142y si\u0119 3 cz\u0119\u015bci koncertu z Tucholi, w kt\u00f3rym K. Niegowski, z przyczyn zawodowych, nie m\u00f3g\u0142 uczestniczy\u0107. Polecam zw\u0142aszcza 3. cz\u0119\u015b\u0107 z utworami Krzysia.<\/p>\n<p><strong>Oto linki:<\/strong><\/p>\n<p><span style=\"color: #0000ff;\"><strong><a style=\"color: #0000ff;\" href=\"https:\/\/www.youtube.com\/watch?v=tTjZI0yyh24\" target=\"_blank\" rel=\"noopener\">https:\/\/www.youtube.com\/watch?v=tTjZI0yyh24<\/a> <\/strong><\/span><\/p>\n<p><span style=\"color: #0000ff;\"><strong><a style=\"color: #0000ff;\" href=\"https:\/\/www.youtube.com\/watch?v=SrR2wys4Rwk&amp;list=RDSrR2wys4Rwk&amp;start_radio=1\" target=\"_blank\" rel=\"noopener\">https:\/\/www.youtube.com\/watch?v=SrR2wys4Rwk&amp;list=RDSrR2wys4Rwk&amp;start_radio=1<\/a><\/strong><\/span><\/p>\n<p><span style=\"color: #0000ff;\"><strong> <a style=\"color: #0000ff;\" href=\"https:\/\/www.youtube.com\/watch?v=AIOtqrGQkZw&amp;list=RDAIOtqrGQkZw&amp;start_radio=1\" target=\"_blank\" rel=\"noopener\">https:\/\/www.youtube.com\/watch?v=AIOtqrGQkZw&amp;list=RDAIOtqrGQkZw&amp;start_radio=1<\/a><\/strong><\/span><\/p>\n<p><strong>Zach\u0119cam, by w pa\u017adziernikowy wiecz\u00f3r w zaciszu domowym je odtworzy\u0107 pami\u0119taj\u0105c, \u017ce \u201ech\u0142opak Tadka Niegoszczaka\u201d z Wiejskiej w Sadownem to wielka posta\u0107 wsp\u00f3\u0142czesnej polskiej muzyki powa\u017cnej.<\/strong><\/p>\n<p><strong>Tekst:<\/strong> RW<\/p>\n<p><strong>Foto:<\/strong> <a href=\"http:\/\/www.wirtualnemazowsze24.pl\">www.wirtualnemazowsze24.pl<\/a><\/p>\n<p>&nbsp;<\/p>\n","protected":false},"excerpt":{"rendered":"<p>Bazylika Archikatedralna M\u0119cze\u0144stwa \u015bw. Jana Chrzciciela w Warszawie to jeden z g\u0142\u00f3wnych sto\u0142ecznych ko\u015bcio\u0142\u00f3w.<\/p>\n","protected":false},"author":1,"featured_media":0,"comment_status":"closed","ping_status":"closed","sticky":false,"template":"","format":"standard","meta":{"footnotes":""},"categories":[5,1],"tags":[4314,4300,4302],"class_list":["post-30696","post","type-post","status-publish","format-standard","hentry","category-newsy","category-inne","tag-bartlomiej-nowodworski","tag-koncert-pamiec-i-chwala","tag-krzysztof-niegowski"],"views":614,"_links":{"self":[{"href":"http:\/\/info.sadowne.pl\/index.php?rest_route=\/wp\/v2\/posts\/30696","targetHints":{"allow":["GET"]}}],"collection":[{"href":"http:\/\/info.sadowne.pl\/index.php?rest_route=\/wp\/v2\/posts"}],"about":[{"href":"http:\/\/info.sadowne.pl\/index.php?rest_route=\/wp\/v2\/types\/post"}],"author":[{"embeddable":true,"href":"http:\/\/info.sadowne.pl\/index.php?rest_route=\/wp\/v2\/users\/1"}],"replies":[{"embeddable":true,"href":"http:\/\/info.sadowne.pl\/index.php?rest_route=%2Fwp%2Fv2%2Fcomments&post=30696"}],"version-history":[{"count":2,"href":"http:\/\/info.sadowne.pl\/index.php?rest_route=\/wp\/v2\/posts\/30696\/revisions"}],"predecessor-version":[{"id":30699,"href":"http:\/\/info.sadowne.pl\/index.php?rest_route=\/wp\/v2\/posts\/30696\/revisions\/30699"}],"wp:attachment":[{"href":"http:\/\/info.sadowne.pl\/index.php?rest_route=%2Fwp%2Fv2%2Fmedia&parent=30696"}],"wp:term":[{"taxonomy":"category","embeddable":true,"href":"http:\/\/info.sadowne.pl\/index.php?rest_route=%2Fwp%2Fv2%2Fcategories&post=30696"},{"taxonomy":"post_tag","embeddable":true,"href":"http:\/\/info.sadowne.pl\/index.php?rest_route=%2Fwp%2Fv2%2Ftags&post=30696"}],"curies":[{"name":"wp","href":"https:\/\/api.w.org\/{rel}","templated":true}]}}