{"id":30700,"date":"2025-10-15T15:11:01","date_gmt":"2025-10-15T13:11:01","guid":{"rendered":"http:\/\/info.sadowne.pl\/?p=30700"},"modified":"2025-10-15T15:11:01","modified_gmt":"2025-10-15T13:11:01","slug":"konferencja-katyn-zbrodnia-nierozliczona","status":"publish","type":"post","link":"http:\/\/info.sadowne.pl\/?p=30700","title":{"rendered":"Konferencja &#8222;Katy\u0144 &#8211; zbrodnia nierozliczona&#8221;"},"content":{"rendered":"<div class=\"xdj266r x14z9mp xat24cr x1lziwak x1vvkbs x126k92a\">\n<div dir=\"auto\"><strong><a href=\"http:\/\/info.sadowne.pl\/wp-content\/uploads\/2025\/10\/2025.10.15.1.jpg\"><img loading=\"lazy\" decoding=\"async\" class=\"alignleft size-thumbnail wp-image-30701\" src=\"http:\/\/info.sadowne.pl\/wp-content\/uploads\/2025\/10\/2025.10.15.1-180x130.jpg\" alt=\"\" width=\"180\" height=\"130\" \/><\/a>KIEDY: 23.10.2025 (czwartek), godz. 10:00. GDZIE: Ko\u015bci\u00f3\u0142 Parafialny w Sadownem.<\/strong><\/div>\n<\/div>\n<p><!--more--><\/p>\n<div class=\"x14z9mp xat24cr x1lziwak x1vvkbs xtlvy1s x126k92a\">\n<div dir=\"auto\"><strong>Program:<\/strong><\/div>\n<div dir=\"auto\">10:00 \u2013 msza \u015bwi\u0119ta w intencji pomordowanych przez NKWD<\/div>\n<div dir=\"auto\">Po mszy wyst\u0105pienia:<\/div>\n<div dir=\"auto\">\u2022 Kacper Ciesielski (Muzeum Katy\u0144skie) \u2013 \u201eHistoria Zbrodni Katy\u0144skiej\u201d<\/div>\n<div dir=\"auto\">\u2022 Bart\u0142omiej Bydo\u0144 \u2013 \u201eK\u0142amstwo katy\u0144skie\u201d<\/div>\n<div dir=\"auto\">\u2022 Andrzej Mierzy\u0144ski \u2013 \u201eMieszka\u0144cy Ziemi Ostrowskiej i kapelani WP zamordowani przez NKWD\u201d<\/div>\n<div dir=\"auto\">Mi\u0119dzy odczytami: etiudy artystyczne SP w Sadownem.<\/div>\n<div dir=\"auto\">Wystawa: \u201eEkshumacje na cmentarzu w Twerze\u201d \u2013 przygot. przez Marka Kowalika.<\/div>\n<\/div>\n<div class=\"x14z9mp xat24cr x1lziwak x1vvkbs xtlvy1s x126k92a\">\n<div dir=\"auto\"><strong>Wst\u0119p wolny. Zapraszamy mieszka\u0144c\u00f3w, m\u0142odzie\u017c i wszystkich zainteresowanych.<\/strong><\/div>\n<\/div>\n<div class=\"x14z9mp xat24cr x1lziwak x1vvkbs xtlvy1s x126k92a\">\n<div dir=\"auto\">Dofinansowano ze \u015brodk\u00f3w Muzeum Historii Polski w Warszawie w ramach programu \u201ePatriotyzm Jutra\u201d.<\/div>\n<div dir=\"auto\"><a href=\"http:\/\/info.sadowne.pl\/wp-content\/uploads\/2025\/10\/2025.10.15.1.jpg\"><img loading=\"lazy\" decoding=\"async\" class=\"aligncenter size-full wp-image-30701\" src=\"http:\/\/info.sadowne.pl\/wp-content\/uploads\/2025\/10\/2025.10.15.1.jpg\" alt=\"\" width=\"601\" height=\"850\" srcset=\"http:\/\/info.sadowne.pl\/wp-content\/uploads\/2025\/10\/2025.10.15.1.jpg 601w, http:\/\/info.sadowne.pl\/wp-content\/uploads\/2025\/10\/2025.10.15.1-212x300.jpg 212w\" sizes=\"auto, (max-width: 601px) 100vw, 601px\" \/><\/a><\/div>\n<\/div>\n","protected":false},"excerpt":{"rendered":"<p>KIEDY: 23.10.2025 (czwartek), godz. 10:00. GDZIE: Ko\u015bci\u00f3\u0142 Parafialny w Sadownem.<\/p>\n","protected":false},"author":1,"featured_media":0,"comment_status":"closed","ping_status":"closed","sticky":false,"template":"","format":"standard","meta":{"footnotes":""},"categories":[5,1],"tags":[4315,2199],"class_list":["post-30700","post","type-post","status-publish","format-standard","hentry","category-newsy","category-inne","tag-konferencja-katyn-zbrodnia-nierozliczona","tag-parafia-pw-sw-jana-chrzciciela-w-sadownem"],"views":480,"_links":{"self":[{"href":"http:\/\/info.sadowne.pl\/index.php?rest_route=\/wp\/v2\/posts\/30700","targetHints":{"allow":["GET"]}}],"collection":[{"href":"http:\/\/info.sadowne.pl\/index.php?rest_route=\/wp\/v2\/posts"}],"about":[{"href":"http:\/\/info.sadowne.pl\/index.php?rest_route=\/wp\/v2\/types\/post"}],"author":[{"embeddable":true,"href":"http:\/\/info.sadowne.pl\/index.php?rest_route=\/wp\/v2\/users\/1"}],"replies":[{"embeddable":true,"href":"http:\/\/info.sadowne.pl\/index.php?rest_route=%2Fwp%2Fv2%2Fcomments&post=30700"}],"version-history":[{"count":1,"href":"http:\/\/info.sadowne.pl\/index.php?rest_route=\/wp\/v2\/posts\/30700\/revisions"}],"predecessor-version":[{"id":30702,"href":"http:\/\/info.sadowne.pl\/index.php?rest_route=\/wp\/v2\/posts\/30700\/revisions\/30702"}],"wp:attachment":[{"href":"http:\/\/info.sadowne.pl\/index.php?rest_route=%2Fwp%2Fv2%2Fmedia&parent=30700"}],"wp:term":[{"taxonomy":"category","embeddable":true,"href":"http:\/\/info.sadowne.pl\/index.php?rest_route=%2Fwp%2Fv2%2Fcategories&post=30700"},{"taxonomy":"post_tag","embeddable":true,"href":"http:\/\/info.sadowne.pl\/index.php?rest_route=%2Fwp%2Fv2%2Ftags&post=30700"}],"curies":[{"name":"wp","href":"https:\/\/api.w.org\/{rel}","templated":true}]}}