{"id":30708,"date":"2025-10-16T16:33:52","date_gmt":"2025-10-16T14:33:52","guid":{"rendered":"http:\/\/info.sadowne.pl\/?p=30708"},"modified":"2025-10-16T17:54:36","modified_gmt":"2025-10-16T15:54:36","slug":"leca-liscie-z-drzew","status":"publish","type":"post","link":"http:\/\/info.sadowne.pl\/?p=30708","title":{"rendered":"Lec\u0105 li\u015bcie z drzew\u2026"},"content":{"rendered":"<p><strong><a href=\"http:\/\/info.sadowne.pl\/wp-content\/uploads\/2025\/10\/2025.10.16-13.jpg\"><img loading=\"lazy\" decoding=\"async\" class=\"alignleft size-thumbnail wp-image-30721\" src=\"http:\/\/info.sadowne.pl\/wp-content\/uploads\/2025\/10\/2025.10.16-13-180x130.jpg\" alt=\"\" width=\"180\" height=\"130\" \/><\/a>Ju\u017c za dwa tygodnie \u015awi\u0119to Zmar\u0142ych. Na sadowie\u0144skim cmentarzu ruszy\u0142a ju\u017c akcja porz\u0105dkowania grob\u00f3w przed 1 listopada.<\/strong><!--more--><\/p>\n<p>Na cmentarzu parafialnym w Sadownem da si\u0119 zauwa\u017cy\u0107 coraz wi\u0119ksz\u0105 frekwencj\u0119 sprz\u0105taj\u0105cych groby. Wszyscy zapewne wykorzystuj\u0105 dogodn\u0105 do tego celu pogod\u0119.<\/p>\n<p>Jak jednak widzimy, w Alei D\u0119b\u00f3w jeszcze sporo li\u015bci na drzewach, kt\u00f3re powoli zaczynaj\u0105 opada\u0107.<\/p>\n<p>Jeszcze dwa tygodnie do \u015awi\u0119ta, a wi\u0119c jest pewne, \u017ce konieczna b\u0119dzie poprawka sprz\u0105tania przez tych, kt\u00f3rzy po\u015bpieszyli si\u0119 z t\u0105 czynno\u015bci\u0105.<\/p>\n<p>A przy okazji warto te\u017c wspomnie\u0107, \u017ce sadowie\u0144ski cmentarz mo\u017cna odwiedza\u0107 wirtualnie na stronie <strong><span style=\"color: #0000ff;\"><a style=\"color: #0000ff;\" href=\"https:\/\/sadowne.grobonet.com\/?fbclid=IwY2xjawNd8vRleHRuA2FlbQIxMABicmlkETF5ejhRQjAzSTU0blNSRjhsAR5hzVUy_UoBWXqcm3lHIWuMCBtI1Ze10cbcDI1I17NRhYms6mDD5U3FpFCCuQ_aem_TCqA9so9nIjoipmpcSPkHw\" target=\"_blank\" rel=\"noopener\">https:\/\/sadowne.grobonet.com\/?fbclid=IwY2xjawNd8vRleHRuA2FlbQIxMABicmlkETF5ejhRQjAzSTU0blNSRjhsAR5hzVUy_UoBWXqcm3lHIWuMCBtI1Ze10cbcDI1I17NRhYms6mDD5U3FpFCCuQ_aem_TCqA9so9nIjoipmpcSPkHw<\/a><\/span><\/strong>.<\/p>\n\n\t\t<style type=\"text\/css\">\n\t\t\t#gallery-1 {\n\t\t\t\tmargin: auto;\n\t\t\t}\n\t\t\t#gallery-1 .gallery-item {\n\t\t\t\tfloat: left;\n\t\t\t\tmargin-top: 10px;\n\t\t\t\ttext-align: center;\n\t\t\t\twidth: 33%;\n\t\t\t}\n\t\t\t#gallery-1 img {\n\t\t\t\tborder: 2px solid #cfcfcf;\n\t\t\t}\n\t\t\t#gallery-1 .gallery-caption {\n\t\t\t\tmargin-left: 0;\n\t\t\t}\n\t\t\t\/* see gallery_shortcode() in wp-includes\/media.php *\/\n\t\t<\/style>\n\t\t<div id='gallery-1' class='gallery galleryid-30708 gallery-columns-3 gallery-size-thumbnail'><dl class='gallery-item'>\n\t\t\t<dt class='gallery-icon landscape'>\n\t\t\t\t<a href='http:\/\/info.sadowne.pl\/?attachment_id=30716'><img loading=\"lazy\" decoding=\"async\" width=\"180\" height=\"130\" src=\"http:\/\/info.sadowne.pl\/wp-content\/uploads\/2025\/10\/2025.10.16-8-180x130.jpg\" class=\"attachment-thumbnail size-thumbnail\" alt=\"\" \/><\/a>\n\t\t\t<\/dt><\/dl><dl class='gallery-item'>\n\t\t\t<dt class='gallery-icon landscape'>\n\t\t\t\t<a href='http:\/\/info.sadowne.pl\/?attachment_id=30717'><img loading=\"lazy\" decoding=\"async\" width=\"180\" height=\"130\" src=\"http:\/\/info.sadowne.pl\/wp-content\/uploads\/2025\/10\/2025.10.16-9-180x130.jpg\" class=\"attachment-thumbnail size-thumbnail\" alt=\"\" \/><\/a>\n\t\t\t<\/dt><\/dl><dl class='gallery-item'>\n\t\t\t<dt class='gallery-icon landscape'>\n\t\t\t\t<a href='http:\/\/info.sadowne.pl\/?attachment_id=30718'><img loading=\"lazy\" decoding=\"async\" width=\"180\" height=\"130\" src=\"http:\/\/info.sadowne.pl\/wp-content\/uploads\/2025\/10\/2025.10.16-10-180x130.jpg\" class=\"attachment-thumbnail size-thumbnail\" alt=\"\" \/><\/a>\n\t\t\t<\/dt><\/dl><br style=\"clear: both\" \/><dl class='gallery-item'>\n\t\t\t<dt class='gallery-icon landscape'>\n\t\t\t\t<a href='http:\/\/info.sadowne.pl\/?attachment_id=30719'><img loading=\"lazy\" decoding=\"async\" width=\"180\" height=\"130\" src=\"http:\/\/info.sadowne.pl\/wp-content\/uploads\/2025\/10\/2025.10.16-11-180x130.jpg\" class=\"attachment-thumbnail size-thumbnail\" alt=\"\" \/><\/a>\n\t\t\t<\/dt><\/dl><dl class='gallery-item'>\n\t\t\t<dt class='gallery-icon landscape'>\n\t\t\t\t<a href='http:\/\/info.sadowne.pl\/?attachment_id=30720'><img loading=\"lazy\" decoding=\"async\" width=\"180\" height=\"130\" src=\"http:\/\/info.sadowne.pl\/wp-content\/uploads\/2025\/10\/2025.10.16-12-180x130.jpg\" class=\"attachment-thumbnail size-thumbnail\" alt=\"\" \/><\/a>\n\t\t\t<\/dt><\/dl><dl class='gallery-item'>\n\t\t\t<dt class='gallery-icon landscape'>\n\t\t\t\t<a href='http:\/\/info.sadowne.pl\/?attachment_id=30721'><img loading=\"lazy\" decoding=\"async\" width=\"180\" height=\"130\" src=\"http:\/\/info.sadowne.pl\/wp-content\/uploads\/2025\/10\/2025.10.16-13-180x130.jpg\" class=\"attachment-thumbnail size-thumbnail\" alt=\"\" \/><\/a>\n\t\t\t<\/dt><\/dl><br style=\"clear: both\" \/><dl class='gallery-item'>\n\t\t\t<dt class='gallery-icon landscape'>\n\t\t\t\t<a href='http:\/\/info.sadowne.pl\/?attachment_id=30722'><img loading=\"lazy\" decoding=\"async\" width=\"180\" height=\"130\" src=\"http:\/\/info.sadowne.pl\/wp-content\/uploads\/2025\/10\/2025.10.16.2-180x130.jpg\" class=\"attachment-thumbnail size-thumbnail\" alt=\"\" \/><\/a>\n\t\t\t<\/dt><\/dl>\n\t\t\t<br style='clear: both' \/>\n\t\t<\/div>\n\n<p><strong>Tekst\/foto:<\/strong> S\u0142awek Chyli\u0144ski<\/p>\n","protected":false},"excerpt":{"rendered":"<p>Ju\u017c za dwa tygodnie \u015awi\u0119to Zmar\u0142ych. Na sadowie\u0144skim cmentarzu ruszy\u0142a ju\u017c akcja porz\u0105dkowania grob\u00f3w przed 1 listopada.<\/p>\n","protected":false},"author":1,"featured_media":0,"comment_status":"closed","ping_status":"closed","sticky":false,"template":"","format":"standard","meta":{"footnotes":""},"categories":[5,1],"tags":[471,274,4316],"class_list":["post-30708","post","type-post","status-publish","format-standard","hentry","category-newsy","category-inne","tag-cmentarz-w-sadownem","tag-parafia-sadowne","tag-swieto-zmarlych-2025"],"views":624,"_links":{"self":[{"href":"http:\/\/info.sadowne.pl\/index.php?rest_route=\/wp\/v2\/posts\/30708","targetHints":{"allow":["GET"]}}],"collection":[{"href":"http:\/\/info.sadowne.pl\/index.php?rest_route=\/wp\/v2\/posts"}],"about":[{"href":"http:\/\/info.sadowne.pl\/index.php?rest_route=\/wp\/v2\/types\/post"}],"author":[{"embeddable":true,"href":"http:\/\/info.sadowne.pl\/index.php?rest_route=\/wp\/v2\/users\/1"}],"replies":[{"embeddable":true,"href":"http:\/\/info.sadowne.pl\/index.php?rest_route=%2Fwp%2Fv2%2Fcomments&post=30708"}],"version-history":[{"count":2,"href":"http:\/\/info.sadowne.pl\/index.php?rest_route=\/wp\/v2\/posts\/30708\/revisions"}],"predecessor-version":[{"id":30727,"href":"http:\/\/info.sadowne.pl\/index.php?rest_route=\/wp\/v2\/posts\/30708\/revisions\/30727"}],"wp:attachment":[{"href":"http:\/\/info.sadowne.pl\/index.php?rest_route=%2Fwp%2Fv2%2Fmedia&parent=30708"}],"wp:term":[{"taxonomy":"category","embeddable":true,"href":"http:\/\/info.sadowne.pl\/index.php?rest_route=%2Fwp%2Fv2%2Fcategories&post=30708"},{"taxonomy":"post_tag","embeddable":true,"href":"http:\/\/info.sadowne.pl\/index.php?rest_route=%2Fwp%2Fv2%2Ftags&post=30708"}],"curies":[{"name":"wp","href":"https:\/\/api.w.org\/{rel}","templated":true}]}}