{"id":30736,"date":"2025-10-20T17:03:31","date_gmt":"2025-10-20T15:03:31","guid":{"rendered":"http:\/\/info.sadowne.pl\/?p=30736"},"modified":"2025-10-20T17:03:31","modified_gmt":"2025-10-20T15:03:31","slug":"kronika-policyjna-13-19-10-2025","status":"publish","type":"post","link":"http:\/\/info.sadowne.pl\/?p=30736","title":{"rendered":"Kronika policyjna 13 \u2013 19.10.2025"},"content":{"rendered":"<p><strong><a href=\"http:\/\/info.sadowne.pl\/wp-content\/uploads\/2024\/11\/policjadrogowa.jpg\"><img loading=\"lazy\" decoding=\"async\" class=\"alignleft size-thumbnail wp-image-29544\" src=\"http:\/\/info.sadowne.pl\/wp-content\/uploads\/2024\/11\/policjadrogowa-180x130.jpg\" alt=\"\" width=\"180\" height=\"130\" \/><\/a>W minionym tygodniu na terenie powiatu w\u0119growskiego dosz\u0142o do kilku zdarze\u0144 drogowych. Apelujemy o zwi\u0119kszon\u0105 uwag\u0119 na drodze.<\/strong><strong>\u00a0<\/strong><!--more--><\/p>\n<p>14.10.2025 roku w W\u0119growie 18-letnia mieszkanka pow. w\u0119growskiego kieruj\u0105c pojazdem m-ki Renault nie zachowa\u0142a bezpiecznej odleg\u0142o\u015bci od poprzedzaj\u0105cego pojazdu, w wyniku czego kieruj\u0105ca uderzy\u0142a w ty\u0142 pojazdu marki Toyota, kt\u00f3ry nast\u0119pnie uderzy\u0142 w ty\u0142 kolejnego pojazdu marki Audi. Nikt nie dozna\u0142 obra\u017ce\u0144.<\/p>\n<p>15 pa\u017adziernika na trasie Wrotn\u00f3w &#8211; Chruszczewka na drodze obj\u0119tym znakiem A-18b &#8222;dzikie zwierz\u0119ta&#8221; 48 letni kieruj\u0105cy pojazdem marki Fiat zderzy\u0142 si\u0119 sarn\u0105, kt\u00f3ra wyskoczy\u0142a na pas drogowy z prawego pobocza przed nadje\u017cd\u017caj\u0105cy pojazd. Kieruj\u0105cy nie obni\u00f3s\u0142 obra\u017ce\u0144.<\/p>\n<p>18 pa\u017adziernika 2025 roku w miejscowo\u015bci W\u0119gr\u00f3w dosz\u0142o do zderzenia drogowego z udzia\u0142em dw\u00f3ch pojazd\u00f3w. Kieruj\u0105cy pojazdem marki Volkswagen nie zachowa\u0142 bezpiecznego odst\u0119pu od poprzedzaj\u0105cego go pojazdu marki Opel, kt\u00f3ry doje\u017cd\u017caj\u0105c do przej\u015bcia dla pieszych zatrzyma\u0142 si\u0119 w celu ust\u0105pienia pierwsze\u0144stwa. 18-letnia kieruj\u0105ca pojazdem VW nie wyhamowa\u0142a, w wyniku czego dosz\u0142o do zderzenia. Nikt nie dozna\u0142 obra\u017ce\u0144.<\/p>\n<p><strong>m\u0142. asp. Rafa\u0142 Ba\u0142dyga<\/strong><\/p>\n","protected":false},"excerpt":{"rendered":"<p>W minionym tygodniu na terenie powiatu w\u0119growskiego dosz\u0142o do kilku zdarze\u0144 drogowych. Apelujemy o zwi\u0119kszon\u0105 uwag\u0119 na drodze.\u00a0<\/p>\n","protected":false},"author":1,"featured_media":0,"comment_status":"closed","ping_status":"closed","sticky":false,"template":"","format":"standard","meta":{"footnotes":""},"categories":[5,266,4],"tags":[261,3174,2514],"class_list":["post-30736","post","type-post","status-publish","format-standard","hentry","category-newsy","category-policja-policja-straz-pozarna-pogotowie-ratunkowe","category-policja-straz-pozarna-pogotowie-ratunkowe","tag-komenda-powiatowa-policji-w-wegrowie","tag-kronika-policyjna","tag-zdarzenia-drogowe-w-powiecie-wegrowskim"],"views":456,"_links":{"self":[{"href":"http:\/\/info.sadowne.pl\/index.php?rest_route=\/wp\/v2\/posts\/30736","targetHints":{"allow":["GET"]}}],"collection":[{"href":"http:\/\/info.sadowne.pl\/index.php?rest_route=\/wp\/v2\/posts"}],"about":[{"href":"http:\/\/info.sadowne.pl\/index.php?rest_route=\/wp\/v2\/types\/post"}],"author":[{"embeddable":true,"href":"http:\/\/info.sadowne.pl\/index.php?rest_route=\/wp\/v2\/users\/1"}],"replies":[{"embeddable":true,"href":"http:\/\/info.sadowne.pl\/index.php?rest_route=%2Fwp%2Fv2%2Fcomments&post=30736"}],"version-history":[{"count":1,"href":"http:\/\/info.sadowne.pl\/index.php?rest_route=\/wp\/v2\/posts\/30736\/revisions"}],"predecessor-version":[{"id":30737,"href":"http:\/\/info.sadowne.pl\/index.php?rest_route=\/wp\/v2\/posts\/30736\/revisions\/30737"}],"wp:attachment":[{"href":"http:\/\/info.sadowne.pl\/index.php?rest_route=%2Fwp%2Fv2%2Fmedia&parent=30736"}],"wp:term":[{"taxonomy":"category","embeddable":true,"href":"http:\/\/info.sadowne.pl\/index.php?rest_route=%2Fwp%2Fv2%2Fcategories&post=30736"},{"taxonomy":"post_tag","embeddable":true,"href":"http:\/\/info.sadowne.pl\/index.php?rest_route=%2Fwp%2Fv2%2Ftags&post=30736"}],"curies":[{"name":"wp","href":"https:\/\/api.w.org\/{rel}","templated":true}]}}