{"id":30841,"date":"2025-11-13T16:19:43","date_gmt":"2025-11-13T15:19:43","guid":{"rendered":"https:\/\/info.sadowne.pl\/?p=30841"},"modified":"2025-11-13T16:19:43","modified_gmt":"2025-11-13T15:19:43","slug":"studenci-znad-buga-liwca-narwi-i-nurca","status":"publish","type":"post","link":"http:\/\/info.sadowne.pl\/?p=30841","title":{"rendered":"STUDENCI ZNAD BUGA, LIWCA, NARWI I NURCA"},"content":{"rendered":"<p><strong><a href=\"http:\/\/info.sadowne.pl\/wp-content\/uploads\/2025\/11\/Brok253.jpg\" target=\"_blank\" rel=\"noopener\"><img loading=\"lazy\" decoding=\"async\" class=\"alignleft wp-image-30842 size-thumbnail\" src=\"http:\/\/info.sadowne.pl\/wp-content\/uploads\/2025\/11\/Brok253-180x130.jpg\" alt=\"\" width=\"180\" height=\"130\" \/><\/a>\u2026NA AKADEMII KRAKOWSKIEJ W LATACH 1509-1551.<\/strong><!--more--><\/p>\n<p>Akademia Krakowska zosta\u0142a utworzona w 1364 r. przez kr\u00f3la Kazimierza Wielkiego. Jej kontynuacj\u0105 jest Uniwersytet Jagiello\u0144ski. Czas, kt\u00f3ry obejmuje niniejsze opracowanie, to wci\u0105\u017c okres \u015bwietno\u015bci uczelni, do kt\u00f3rej \u015bci\u0105gali spragnieni wiedzy mieszka\u0144cy najdalszych zak\u0105tk\u00f3w Europy. W Krakowie studiowa\u0142o jednocze\u015bnie przeci\u0119tnie 2-3 tys. m\u0142odzie\u0144c\u00f3w. Liczba ta nie powala na kolana, ale je\u015bli zwa\u017cy\u0107, i\u017c Krak\u00f3w wraz z przedmie\u015bciami liczy\u0142 u schy\u0142ku XV stulecia ok. 20 tys., kilka za\u015b dekad p\u00f3\u017aniej momentami do 30 tys. mieszka\u0144c\u00f3w, to a\u017c dziw bierze, \u017ce wszyscy studiuj\u0105cy znajdowali tu wikt i dach nad g\u0142ow\u0105.<\/p>\n<p>W omawianym okresie najwi\u0119cej by\u0142o naturalnie student\u00f3w z Ma\u0142opolski \u2013 35%, drugie miejsce zajmowa\u0142a Wielkopolska \u2013 27%, Mazowsze za\u015b zaszczytne trzecie \u2013 24%. \u017bak\u00f3w z Podlasia by\u0142o nieco mniej, bo nieca\u0142e 2%. Pod wzgl\u0119dem liczebno\u015bci prym po\u015br\u00f3d student\u00f3w zagranicznych wiedli W\u0119grzy, a za nimi Czesi. Nale\u017cy przy tym pami\u0119ta\u0107, \u017ce mianem \u201eW\u0119gr\u00f3w\u201d okre\u015blano r\u00f3\u017cne narodowo\u015bci wchodz\u0105ce w sk\u0142ad \u00f3wczesnego Kr\u00f3lestwa Madziar\u00f3w. W\u0119grzy byli tak\u017ce studentami uzyskuj\u0105cymi najwi\u0119cej stopni naukowych, zatem mo\u017cna za\u0142o\u017cy\u0107, i\u017c byli najpilniejsi i przewy\u017cszali pod tym wzgl\u0119dem, depcz\u0105cych im po pi\u0119tach \u015al\u0105zak\u00f3w.<\/p>\n<p><strong>Wi\u0119cej na stronie <span style=\"color: #0000ff;\"><a style=\"color: #0000ff;\" href=\"https:\/\/madzelan.cba.pl\/studenci-znad-buga-liwca-narwi-i-nurca-na-akademii-krakowskiej-w-latach-1509-1551\/\" target=\"_blank\" rel=\"noopener\">https:\/\/madzelan.cba.pl\/studenci-znad-buga-liwca-narwi-i-nurca-na-akademii-krakowskiej-w-latach-1509-1551\/<\/a><\/span><\/strong><\/p>\n<p>&nbsp;<\/p>\n","protected":false},"excerpt":{"rendered":"<p>\u2026NA AKADEMII KRAKOWSKIEJ W LATACH 1509-1551.<\/p>\n","protected":false},"author":1,"featured_media":0,"comment_status":"closed","ping_status":"closed","sticky":false,"template":"","format":"standard","meta":{"footnotes":""},"categories":[5,3436,31],"tags":[3004,2956],"class_list":["post-30841","post","type-post","status-publish","format-standard","hentry","category-newsy","category-opowiesci-historie-legendy-brokowskie-i-nie-tylko","category-historia-gminy","tag-jerzy-madzelan","tag-opowiesci-historie-legendy-brokowskie-i-nie-tylko"],"views":663,"_links":{"self":[{"href":"http:\/\/info.sadowne.pl\/index.php?rest_route=\/wp\/v2\/posts\/30841","targetHints":{"allow":["GET"]}}],"collection":[{"href":"http:\/\/info.sadowne.pl\/index.php?rest_route=\/wp\/v2\/posts"}],"about":[{"href":"http:\/\/info.sadowne.pl\/index.php?rest_route=\/wp\/v2\/types\/post"}],"author":[{"embeddable":true,"href":"http:\/\/info.sadowne.pl\/index.php?rest_route=\/wp\/v2\/users\/1"}],"replies":[{"embeddable":true,"href":"http:\/\/info.sadowne.pl\/index.php?rest_route=%2Fwp%2Fv2%2Fcomments&post=30841"}],"version-history":[{"count":1,"href":"http:\/\/info.sadowne.pl\/index.php?rest_route=\/wp\/v2\/posts\/30841\/revisions"}],"predecessor-version":[{"id":30843,"href":"http:\/\/info.sadowne.pl\/index.php?rest_route=\/wp\/v2\/posts\/30841\/revisions\/30843"}],"wp:attachment":[{"href":"http:\/\/info.sadowne.pl\/index.php?rest_route=%2Fwp%2Fv2%2Fmedia&parent=30841"}],"wp:term":[{"taxonomy":"category","embeddable":true,"href":"http:\/\/info.sadowne.pl\/index.php?rest_route=%2Fwp%2Fv2%2Fcategories&post=30841"},{"taxonomy":"post_tag","embeddable":true,"href":"http:\/\/info.sadowne.pl\/index.php?rest_route=%2Fwp%2Fv2%2Ftags&post=30841"}],"curies":[{"name":"wp","href":"https:\/\/api.w.org\/{rel}","templated":true}]}}