{"id":30933,"date":"2025-12-11T19:41:30","date_gmt":"2025-12-11T18:41:30","guid":{"rendered":"http:\/\/info.sadowne.pl\/?p=30933"},"modified":"2025-12-11T19:41:30","modified_gmt":"2025-12-11T18:41:30","slug":"studenci-znad-buga-liwca-narwi-i-nurca-2","status":"publish","type":"post","link":"http:\/\/info.sadowne.pl\/?p=30933","title":{"rendered":"STUDENCI ZNAD BUGA, LIWCA, NARWI I NURCA"},"content":{"rendered":"<p><strong><a href=\"http:\/\/info.sadowne.pl\/wp-content\/uploads\/2025\/12\/Brok257.jpg\" target=\"_blank\" rel=\"noopener\"><img loading=\"lazy\" decoding=\"async\" class=\"alignleft wp-image-30934 size-thumbnail\" src=\"http:\/\/info.sadowne.pl\/wp-content\/uploads\/2025\/12\/Brok257-180x130.jpg\" alt=\"\" width=\"180\" height=\"130\" \/><\/a>\u2026NA AKADEMII KRAKOWSKIEJ W XV ORAZ POCZ\u0104TKACH WIEKU XVI.<\/strong><!--more--><\/p>\n<p>Akademia Krakowska powsta\u0142a w roku 1364 za spraw\u0105 Kazimierza Wielkiego. Nasz w\u0142adca plany mia\u0142 niezwykle ambitne, ale pocz\u0105tkowo nic nie zapowiada\u0142o, i\u017c uczelnia wpisze si\u0119 w poczet najprzedniejszych w Europie. Przez kilka pierwszych dekad swego istnienia krakowska uczelnia nie rozwin\u0119\u0142a szerzej skrzyde\u0142. Przyczyny tego stanu rzeczy by\u0142y wielorakie, ale bodaj najznaczniejsz\u0105 by\u0142 fakt, \u017ce ju\u017c w roku 1370 zmar\u0142 jej fundator i troskliwy mecenas, a jego nast\u0119pca Ludwik Andegawe\u0144ski rzadko bywa\u0142 w Krakowie i nie przejawia\u0142 wi\u0119kszego zainteresowania dzie\u0142em poprzednika. Ludwik zszed\u0142 z tego \u015bwiata w roku 1382, a kilkuletni okres niespokojnego bezkr\u00f3lewia tak\u017ce nie sprzyja\u0142 dba\u0142o\u015bci o wy\u017csz\u0105 edukacj\u0119, zatem bardziej by\u0142 prawdopodobny kompletny upadek ni\u017c rozkwit wszechnicy.<\/p>\n<p>Dopiero polityczna stabilizacja, kt\u00f3ra nast\u0105pi\u0142a po zawarciu zwi\u0105zku ma\u0142\u017ce\u0144skiego Jadwigi Andegawe\u0144skiej, c\u00f3rki Ludwika z W\u0142adys\u0142awem Jagie\u0142\u0142\u0105, zapocz\u0105tkowa\u0142a lepsze czasy dla Akademii. Plany odnowy podupadaj\u0105cej uczelni spotka\u0142y si\u0119 z przychylno\u015bci\u0105 pary kr\u00f3lewskiej, a szczeg\u00f3lnie Jadwigi. Ju\u017c oko\u0142o roku 1390 zabrano si\u0119 energiczniej do pracy, a w roku 1397 uzyskano zgod\u0119 papie\u017ca Bonifacego IX na otwarcie Wydzia\u0142u Teologicznego, co pozwoli\u0142o na stworzenie uczelni z prawdziwego zdarzenia, za kt\u00f3r\u0105 uwa\u017cano w\u00f3wczas czterowydzia\u0142ow\u0105 \u2013 obejmuj\u0105c\u0105 poza teologi\u0105 jeszcze sztuki wyzwolone, prawo i medycyn\u0119.<\/p>\n<p><strong>Wi\u0119cej na stronie <span style=\"color: #0000ff;\"><a style=\"color: #0000ff;\" href=\"https:\/\/madzelan.cba.pl\/studenci-znad-buga-liwca-narwi-i-nurca-na-akademii-krakowskiej-w-xv-oraz-poczatkach-wieku-xvi\/\" target=\"_blank\" rel=\"noopener\">https:\/\/madzelan.cba.pl\/studenci-znad-buga-liwca-narwi-i-nurca-na-akademii-krakowskiej-w-xv-oraz-poczatkach-wieku-xvi\/<\/a><\/span><\/strong><\/p>\n","protected":false},"excerpt":{"rendered":"<p>\u2026NA AKADEMII KRAKOWSKIEJ W XV ORAZ POCZ\u0104TKACH WIEKU XVI.<\/p>\n","protected":false},"author":1,"featured_media":0,"comment_status":"closed","ping_status":"closed","sticky":false,"template":"","format":"standard","meta":{"footnotes":""},"categories":[5,3436,31],"tags":[3004,2956],"class_list":["post-30933","post","type-post","status-publish","format-standard","hentry","category-newsy","category-opowiesci-historie-legendy-brokowskie-i-nie-tylko","category-historia-gminy","tag-jerzy-madzelan","tag-opowiesci-historie-legendy-brokowskie-i-nie-tylko"],"views":506,"_links":{"self":[{"href":"http:\/\/info.sadowne.pl\/index.php?rest_route=\/wp\/v2\/posts\/30933","targetHints":{"allow":["GET"]}}],"collection":[{"href":"http:\/\/info.sadowne.pl\/index.php?rest_route=\/wp\/v2\/posts"}],"about":[{"href":"http:\/\/info.sadowne.pl\/index.php?rest_route=\/wp\/v2\/types\/post"}],"author":[{"embeddable":true,"href":"http:\/\/info.sadowne.pl\/index.php?rest_route=\/wp\/v2\/users\/1"}],"replies":[{"embeddable":true,"href":"http:\/\/info.sadowne.pl\/index.php?rest_route=%2Fwp%2Fv2%2Fcomments&post=30933"}],"version-history":[{"count":1,"href":"http:\/\/info.sadowne.pl\/index.php?rest_route=\/wp\/v2\/posts\/30933\/revisions"}],"predecessor-version":[{"id":30935,"href":"http:\/\/info.sadowne.pl\/index.php?rest_route=\/wp\/v2\/posts\/30933\/revisions\/30935"}],"wp:attachment":[{"href":"http:\/\/info.sadowne.pl\/index.php?rest_route=%2Fwp%2Fv2%2Fmedia&parent=30933"}],"wp:term":[{"taxonomy":"category","embeddable":true,"href":"http:\/\/info.sadowne.pl\/index.php?rest_route=%2Fwp%2Fv2%2Fcategories&post=30933"},{"taxonomy":"post_tag","embeddable":true,"href":"http:\/\/info.sadowne.pl\/index.php?rest_route=%2Fwp%2Fv2%2Ftags&post=30933"}],"curies":[{"name":"wp","href":"https:\/\/api.w.org\/{rel}","templated":true}]}}