{"id":30943,"date":"2025-12-15T18:04:21","date_gmt":"2025-12-15T17:04:21","guid":{"rendered":"http:\/\/info.sadowne.pl\/?p=30943"},"modified":"2025-12-15T18:04:21","modified_gmt":"2025-12-15T17:04:21","slug":"kronika-policyjna-08-14-12-2025","status":"publish","type":"post","link":"http:\/\/info.sadowne.pl\/?p=30943","title":{"rendered":"Kronika policyjna 08 \u2013 14.12.2025"},"content":{"rendered":"<p><strong><a href=\"http:\/\/info.sadowne.pl\/wp-content\/uploads\/2024\/11\/policjadrogowa.jpg\"><img loading=\"lazy\" decoding=\"async\" class=\"alignleft size-thumbnail wp-image-29544\" src=\"http:\/\/info.sadowne.pl\/wp-content\/uploads\/2024\/11\/policjadrogowa-180x130.jpg\" alt=\"\" width=\"180\" height=\"130\" \/><\/a>W minionym tygodniu na terenie powiatu w\u0119growskiego dosz\u0142o do kilku zdarze\u0144 drogowych. Apelujemy o zwi\u0119kszenie uwagi na drodze.<\/strong><strong>\u00a0<\/strong><!--more--><\/p>\n<p>08 grudnia w m. Samotrzask mieszkanka pow. w\u0119growskiego, kieruj\u0105c pojazdem marki Toyota, uderzy\u0142a w sarn\u0119, kt\u00f3ra wbieg\u0142a na jezdni\u0119. Zwierz\u0119 pad\u0142o na miejscu. Kieruj\u0105ca oraz pasa\u017cerka nie odnios\u0142y obra\u017ce\u0144.<\/p>\n<p>Tego samego dnia w m. Ruchna mieszkanka pow. mi\u0144skiego, kieruj\u0105c pojazdem marki Mitsubishi nie ust\u0105pi\u0142a pierwsze\u0144stwa przejazdu kieruj\u0105cemu pojazdem marki Opel doprowadzaj\u0105c do zderzenia. Nikt nie dozna\u0142 obra\u017ce\u0144.<\/p>\n<p>09 grudnia w m. Jartypory mieszkanka pow. w\u0119growskiego, kieruj\u0105c pojazdem marki Opel uderzy\u0142a w dzika, kt\u00f3ry wszed\u0142 na jezdni\u0119. Zwierz\u0119 pad\u0142o na miejscu. Kieruj\u0105ca nie dozna\u0142a obra\u017ce\u0144.<\/p>\n<p>10 grudnia w m. \u0141och\u00f3w obywatelka Ukrainy kieruj\u0105c rowerem nie zachowa\u0142a nale\u017cytej ostro\u017cno\u015bci skr\u0119caj\u0105c w lewo czym doprowadzi\u0142am do zderzenia z pojazdem marki Renault jad\u0105cym z naprzeciwka. Post\u0119powanie prowadzi KP w \u0141ochowie.<\/p>\n<p>13 grudnia w m. Paplin mieszkanka pow. w\u0119growskiego, kieruj\u0105c pojazdem marki VW w wyniku za\u015bni\u0119cia zjecha\u0142a na przeciwny pas ruchu uderzaj\u0105c w pojazd marki Alhambra. Nikt nie dozna\u0142 obra\u017ce\u0144.<\/p>\n<p>W tym samym dniu w m. \u0141och\u00f3w dosz\u0142o do zdarzenia drogowego z udzia\u0142em czterech pojazd\u00f3w. Ze wst\u0119pnych ustale\u0144 wynika, i\u017c mieszkaniec Warszawy, kieruj\u0105c pojazdem marki Skoda nie dostosowa\u0142 pr\u0119dko\u015bci do warunk\u00f3w panuj\u0105cych na drodze uderzaj\u0105c w poprzedzaj\u0105cy go pojazd marki Toyota, kt\u00f3ry uderzy\u0142 w kolejny pojazd marki Skoda, a ten z kolei w przyczepk\u0119 od pojazdu Skoda.\u00a0 W wyniku doznanych obra\u017ce\u0144 pasa\u017cerka Toyoty zosta\u0142a przewieziona do szpitala. Post\u0119powanie prowadzi KP w \u0141ochowie.<\/p>\n<p>13 grudnia w m. Suchod\u00f3\u0142 mieszkaniec pow. w\u0119growskiego, kieruj\u0105c pojazdem marki Toyota nie zachowa\u0142 nale\u017cytej ostro\u017cno\u015bci w wyniku czego uderzy\u0142 w jad\u0105cy przed nim pojazd marki Hyundai. Post\u0119powanie prowadzi KPP w W\u0119growie.<\/p>\n<p>Tego samego dnia w. Zgrzebichy mieszkanka pow. che\u0142mskiego, kieruj\u0105c pojazdem marki BMW nie ust\u0105pi\u0142 a pierwsze\u0144stwa przejazdu kieruj\u0105cemu pojazdem marki Renault doprowadzaj\u0105c do zderzenia.<\/p>\n<p><strong>asp. Monika Ksi\u0119\u017copolska<\/strong><\/p>\n<p>&nbsp;<\/p>\n","protected":false},"excerpt":{"rendered":"<p>W minionym tygodniu na terenie powiatu w\u0119growskiego dosz\u0142o do kilku zdarze\u0144 drogowych. Apelujemy o zwi\u0119kszenie uwagi na drodze.\u00a0<\/p>\n","protected":false},"author":1,"featured_media":0,"comment_status":"closed","ping_status":"closed","sticky":false,"template":"","format":"standard","meta":{"footnotes":""},"categories":[5,266,4],"tags":[261,3174],"class_list":["post-30943","post","type-post","status-publish","format-standard","hentry","category-newsy","category-policja-policja-straz-pozarna-pogotowie-ratunkowe","category-policja-straz-pozarna-pogotowie-ratunkowe","tag-komenda-powiatowa-policji-w-wegrowie","tag-kronika-policyjna"],"views":367,"_links":{"self":[{"href":"http:\/\/info.sadowne.pl\/index.php?rest_route=\/wp\/v2\/posts\/30943","targetHints":{"allow":["GET"]}}],"collection":[{"href":"http:\/\/info.sadowne.pl\/index.php?rest_route=\/wp\/v2\/posts"}],"about":[{"href":"http:\/\/info.sadowne.pl\/index.php?rest_route=\/wp\/v2\/types\/post"}],"author":[{"embeddable":true,"href":"http:\/\/info.sadowne.pl\/index.php?rest_route=\/wp\/v2\/users\/1"}],"replies":[{"embeddable":true,"href":"http:\/\/info.sadowne.pl\/index.php?rest_route=%2Fwp%2Fv2%2Fcomments&post=30943"}],"version-history":[{"count":1,"href":"http:\/\/info.sadowne.pl\/index.php?rest_route=\/wp\/v2\/posts\/30943\/revisions"}],"predecessor-version":[{"id":30944,"href":"http:\/\/info.sadowne.pl\/index.php?rest_route=\/wp\/v2\/posts\/30943\/revisions\/30944"}],"wp:attachment":[{"href":"http:\/\/info.sadowne.pl\/index.php?rest_route=%2Fwp%2Fv2%2Fmedia&parent=30943"}],"wp:term":[{"taxonomy":"category","embeddable":true,"href":"http:\/\/info.sadowne.pl\/index.php?rest_route=%2Fwp%2Fv2%2Fcategories&post=30943"},{"taxonomy":"post_tag","embeddable":true,"href":"http:\/\/info.sadowne.pl\/index.php?rest_route=%2Fwp%2Fv2%2Ftags&post=30943"}],"curies":[{"name":"wp","href":"https:\/\/api.w.org\/{rel}","templated":true}]}}